{"id":98683,"date":"2025-11-27T10:22:21","date_gmt":"2025-11-27T17:22:21","guid":{"rendered":"https:\/\/www.interaccionnoticias.com.mx\/?p=98683"},"modified":"2025-11-27T10:22:22","modified_gmt":"2025-11-27T17:22:22","slug":"cae-presunto-asesino-de-zona-turistica-en-acapulco","status":"publish","type":"post","link":"https:\/\/www.interaccionnoticias.com.mx\/?p=98683","title":{"rendered":"Cae presunto asesino de zona tur\u00edstica en Acapulco"},"content":{"rendered":"\n<p><strong><em>&#8212; En cuatro d\u00edas las investigaciones de la FGE logran detener al presunto implicado<\/em><\/strong><\/p>\n\n\n\n<p><strong>Javier Trujillo<\/strong><\/p>\n\n\n\n<p><strong>Acapulco, Gro.-<\/strong> El presunto responsable del homicidio de un hombre y otro m\u00e1s lesionado, fue detenido por agentes de la Fiscal\u00eda General del Estado por los hechos ocurridos la madrugada del pasado domingo, zona tur\u00edstica de La Condesa, en Acapulco.<\/p>\n\n\n\n<p>Se inform\u00f3 que la FGE, revel\u00f3 que el pasado martes, llevo a cabo la detenci\u00f3n de V\u00edctor \u201cN\u201d, se\u00f1alado como agresor de un occiso, y un lesionado con un disparo de arma de fuego en el cuello.<\/p>\n\n\n\n<p>De acuerdo con la fiscal\u00eda guerrerense, el hombre fue capturado el martes mediante una orden de aprehensi\u00f3n en el fraccionamiento Costa Azul, con apoyo de la Sedena, Guardia Nacional, Secretar\u00eda de Seguridad y Protecci\u00f3n Ciudadana, Semar y SSP estatal.<\/p>\n\n\n\n<p>Cabe mencionar que fue la madrugada del domingo 23 de noviembre aproximadamente a las 01:50 horas que se recibi\u00f3 un reporte del Centro de Control, Comando, Comunicaci\u00f3n y C\u00f3mputo (C5), de un hombre sin vida y un herido por arma de fuego en Costera Miguel Alem\u00e1n junto al negocio con raz\u00f3n social \u00abFrozen\u00bb, en el fraccionamiento Condesa.<\/p>\n\n\n\n<p>Las autoridades ministeriales, se\u00f1alan que a la escena del homicidio, lleg\u00f3 personal de Servicios Periciales quienes localizaron cuatro casquillos calibre 9 mil\u00edmetros, uno de ellos sin percutir.<\/p>\n\n\n\n<p>La FGE detall\u00f3 que, conforme a los actos de investigaci\u00f3n, el detenido est\u00e1 relacionado con los hechos del 23 de noviembre de 2025, cuando presuntamente agredi\u00f3 con un arma a Erick \u201cN\u201d, provoc\u00e1ndole heridas mortales.<\/p>\n\n\n\n<p>El sospechoso fue puesto a disposici\u00f3n de la Jueza de Control y Enjuiciamiento Penal para definir su situaci\u00f3n jur\u00eddica.<\/p>\n","protected":false},"excerpt":{"rendered":"<p>&#8212; En cuatro d\u00edas las investigaciones de la FGE logran detener al presunto implicado Javier Trujillo Acapulco, Gro.- El presunto responsable del homicidio de un hombre y otro m\u00e1s lesionado,&hellip; <\/p>\n","protected":false},"author":3,"featured_media":98686,"comment_status":"open","ping_status":"open","sticky":false,"template":"","format":"standard","meta":{"fifu_image_url":"https:\/\/www.interaccionnoticias.com.mx\/wp-content\/uploads\/2025\/11\/251127-Cae-presunto-asesino.jpg","fifu_image_alt":"","footnotes":""},"categories":[27],"tags":[],"class_list":["post-98683","post","type-post","status-publish","format-standard","has-post-thumbnail","hentry","category-seguridad-publica"],"_links":{"self":[{"href":"https:\/\/www.interaccionnoticias.com.mx\/index.php?rest_route=\/wp\/v2\/posts\/98683","targetHints":{"allow":["GET"]}}],"collection":[{"href":"https:\/\/www.interaccionnoticias.com.mx\/index.php?rest_route=\/wp\/v2\/posts"}],"about":[{"href":"https:\/\/www.interaccionnoticias.com.mx\/index.php?rest_route=\/wp\/v2\/types\/post"}],"author":[{"embeddable":true,"href":"https:\/\/www.interaccionnoticias.com.mx\/index.php?rest_route=\/wp\/v2\/users\/3"}],"replies":[{"embeddable":true,"href":"https:\/\/www.interaccionnoticias.com.mx\/index.php?rest_route=%2Fwp%2Fv2%2Fcomments&post=98683"}],"version-history":[{"count":1,"href":"https:\/\/www.interaccionnoticias.com.mx\/index.php?rest_route=\/wp\/v2\/posts\/98683\/revisions"}],"predecessor-version":[{"id":98685,"href":"https:\/\/www.interaccionnoticias.com.mx\/index.php?rest_route=\/wp\/v2\/posts\/98683\/revisions\/98685"}],"wp:featuredmedia":[{"embeddable":true,"href":"https:\/\/www.interaccionnoticias.com.mx\/index.php?rest_route=\/wp\/v2\/media\/98686"}],"wp:attachment":[{"href":"https:\/\/www.interaccionnoticias.com.mx\/index.php?rest_route=%2Fwp%2Fv2%2Fmedia&parent=98683"}],"wp:term":[{"taxonomy":"category","embeddable":true,"href":"https:\/\/www.interaccionnoticias.com.mx\/index.php?rest_route=%2Fwp%2Fv2%2Fcategories&post=98683"},{"taxonomy":"post_tag","embeddable":true,"href":"https:\/\/www.interaccionnoticias.com.mx\/index.php?rest_route=%2Fwp%2Fv2%2Ftags&post=98683"}],"curies":[{"name":"wp","href":"https:\/\/api.w.org\/{rel}","templated":true}]}}