{"id":98668,"date":"2025-11-26T21:19:00","date_gmt":"2025-11-27T04:19:00","guid":{"rendered":"https:\/\/www.interaccionnoticias.com.mx\/?p=98668"},"modified":"2025-11-26T22:34:02","modified_gmt":"2025-11-27T05:34:02","slug":"fallece-a-los-66-anos-de-edad-el-ex-presidente-municipal-de-iguala-antonio-jaimes","status":"publish","type":"post","link":"https:\/\/www.interaccionnoticias.com.mx\/?p=98668","title":{"rendered":"Fallece a los 66 a\u00f1os de edad el ex presidente municipal de Iguala, Antonio Jaimes"},"content":{"rendered":"\n<p><em><strong>&#8212; Aparte de alcalde fue secretario de Salud en la entidad<\/strong><\/em><\/p>\n\n\n\n<p><strong>Rosario Garc\u00eda Orozco<\/strong><\/p>\n\n\n\n<p>A los 66 a\u00f1os de edad, falleci\u00f3 este mi\u00e9rcoles el ex alcalde de Iguala Antonio Salvador Jaimes Herrera.<\/p>\n\n\n\n<p>Fue dos veces alcadel de Iguala por el Partido de la Revoluci\u00f3n Democr\u00e1tica (PRD), en el trienio del 2005 al 2008 y m\u00e1s tarde volvi\u00f3 a encabezar el ayuntamiento de la Cuna de la Bandera del 2018 al 2021 por el Partido Morena, pero tambi\u00e9n fue secretario de Salud en la entidad.<\/p>\n\n\n\n<p>Se supo que hace unos meses de visita en Espa\u00f1a espezo a sentirse mal de salud y fue necesario internarlo, y por alg\u00fan tiempo fue complicado que pudiera viajar de regreso a M\u00e9xico, los estudios que se le realizaron, seg\u00fan comentarios de algunos familiares, arrojaron ciertos problemas en el colon.<\/p>\n\n\n\n<p>Antonio Jaimes, m\u00e9dico de profesi\u00f3n, alejado del alcohol y el cigarro procur\u00f3 una vida sana y permanentemente se ejercitaba.<\/p>\n\n\n\n<p>Cuando fue presidente municipal concluy\u00f3 los 4 carriles del perif\u00e9rico de Iguala, realiz\u00f3 el acuaferico, construy\u00f3 la lateral desde la Estrella de Oro hasta la Central de Abastos.<\/p>\n\n\n\n<p>Su vocaci\u00f3n por la medicina y el asistencialismo, llevo a Antonio Jaimes Herrera a ser el primer hombre latino en dirigir la Cruz Roja Internacional en los a\u00f1os 90.<\/p>\n\n\n\n<p>Naci\u00f3 en Iguala el 12 de noviembre de 1959, hijo de Antonio Jaimes Ant\u00fanez m\u00e9dico de profesi\u00f3n, y de Graciela Herrera Parra; se cas\u00f3 con Teresa Membrilla \u00c1lvarez, con quien procre\u00f3 tres hijos.<\/p>\n\n\n\n<p>Desde 1973 particip\u00f3 como socorrista, instructor, asesor, consejero, coordinador y directivo de diferentes instancias y acciones relacionadas con desastres naturales, emergencias, rescates acu\u00e1ticos y espeleol\u00f3gicos y socorrismo en general, para lo cual se capacit\u00f3 en varios estados de M\u00e9xico, pero tambi\u00e9n en Alemania, en Suiza y en EU.<\/p>\n\n\n\n<p>Su af\u00e1n por ayudar en los desastres naturales, se desempe\u00f1\u00f3 como coordinador estatal de Socorrismo y Emergencias en el estado de Guerrero; fue el primer director de la Escuela Nacional de Operadores de Ambulancias y asesor del Comit\u00e9 Nacional de Desastres, as\u00ed como creador de escuelas de socorrismo a nivel estatal y nacional.<\/p>\n\n\n\n<p>En el sismo de 1985 particip\u00f3 en el rescate de varias personas con vida; por lo que se hizo merecedor de la Presea Ciudad de M\u00e9xico, que recibi\u00f3 de manos del presidente Miguel de la Madrid Hurtado.<\/p>\n\n\n\n<p>Adem\u00e1s, a nivel internacional asisti\u00f3 a labores de rescate de damnificados del hurac\u00e1n Hugo, en Puerto Rico; del hurac\u00e1n Andrew, en Miami, Florida; del terremoto de Los \u00c1ngeles, California; todos a petici\u00f3n de la Cruz Roja Americana. Su misi\u00f3n m\u00e1s importante fue la de coordinar los apoyos de la Cruz Roja Internacional en las inundaciones y deslizamientos de tierra ocurridos en Venezuela en 1999, desastre natural que provoc\u00f3 la muerte de alrededor de 50 mil personas, siendo el primer mexicano en coordinar la ayuda internacional en un evento de este tipo.<\/p>\n\n\n\n<p>De la misma manera estuvo al frente del Operativo Hurac\u00e1n Paulina, que afect\u00f3 a Acapulco y la Costa Chica de Guerrero, y coordin\u00f3 despu\u00e9s de este fen\u00f3meno algunos proyectos de apoyo de organizaciones nacionales y extranjeras.<\/p>\n\n\n\n<p>Ya como presidente municipal de Iguala en la segunda oportunidad en ese cargo, en 2020, en plena contingencia por Covid 19, fue \u00e9l quien dio a conocer p\u00fablicamente un alza en fallecimientos atribuibles a la pandemia en Iguala, lo que motiv\u00f3 medidas de restricci\u00f3n, sanitizaci\u00f3n del mercado municipal y campa\u00f1as de prevenci\u00f3n de contagios.<\/p>\n\n\n\n<p>Antonio Salvador Jaimes Herrera ser\u00e1 velado en los Funerales Guti\u00e9rrez a partir de las 11 de la noche de este miceroles, ma\u00f1ana jueves en punto de las 4 de la tarde, se llevar\u00e1 a cabo la misa de cuerpo presente en la Iglesia de San Francisco de As\u00eds, en el centro de Iguala.<\/p>\n\n\n\n<p>Descanse en Paz Antonio Jaimes Herrera.<\/p>\n","protected":false},"excerpt":{"rendered":"<p>&#8212; Aparte de alcalde fue secretario de Salud en la entidad Rosario Garc\u00eda Orozco A los 66 a\u00f1os de edad, falleci\u00f3 este mi\u00e9rcoles el ex alcalde de Iguala Antonio Salvador&hellip; <\/p>\n","protected":false},"author":14,"featured_media":98671,"comment_status":"open","ping_status":"open","sticky":false,"template":"","format":"standard","meta":{"fifu_image_url":"https:\/\/www.interaccionnoticias.com.mx\/wp-content\/uploads\/2025\/11\/251126-Antonio-Salvador-Jaimes-Herrera.jpg","fifu_image_alt":"","footnotes":""},"categories":[23],"tags":[],"class_list":["post-98668","post","type-post","status-publish","format-standard","has-post-thumbnail","hentry","category-regionales"],"_links":{"self":[{"href":"https:\/\/www.interaccionnoticias.com.mx\/index.php?rest_route=\/wp\/v2\/posts\/98668","targetHints":{"allow":["GET"]}}],"collection":[{"href":"https:\/\/www.interaccionnoticias.com.mx\/index.php?rest_route=\/wp\/v2\/posts"}],"about":[{"href":"https:\/\/www.interaccionnoticias.com.mx\/index.php?rest_route=\/wp\/v2\/types\/post"}],"author":[{"embeddable":true,"href":"https:\/\/www.interaccionnoticias.com.mx\/index.php?rest_route=\/wp\/v2\/users\/14"}],"replies":[{"embeddable":true,"href":"https:\/\/www.interaccionnoticias.com.mx\/index.php?rest_route=%2Fwp%2Fv2%2Fcomments&post=98668"}],"version-history":[{"count":1,"href":"https:\/\/www.interaccionnoticias.com.mx\/index.php?rest_route=\/wp\/v2\/posts\/98668\/revisions"}],"predecessor-version":[{"id":98670,"href":"https:\/\/www.interaccionnoticias.com.mx\/index.php?rest_route=\/wp\/v2\/posts\/98668\/revisions\/98670"}],"wp:featuredmedia":[{"embeddable":true,"href":"https:\/\/www.interaccionnoticias.com.mx\/index.php?rest_route=\/wp\/v2\/media\/98671"}],"wp:attachment":[{"href":"https:\/\/www.interaccionnoticias.com.mx\/index.php?rest_route=%2Fwp%2Fv2%2Fmedia&parent=98668"}],"wp:term":[{"taxonomy":"category","embeddable":true,"href":"https:\/\/www.interaccionnoticias.com.mx\/index.php?rest_route=%2Fwp%2Fv2%2Fcategories&post=98668"},{"taxonomy":"post_tag","embeddable":true,"href":"https:\/\/www.interaccionnoticias.com.mx\/index.php?rest_route=%2Fwp%2Fv2%2Ftags&post=98668"}],"curies":[{"name":"wp","href":"https:\/\/api.w.org\/{rel}","templated":true}]}}