{"id":98654,"date":"2025-11-26T18:45:00","date_gmt":"2025-11-27T01:45:00","guid":{"rendered":"https:\/\/www.interaccionnoticias.com.mx\/?p=98654"},"modified":"2025-11-26T22:09:13","modified_gmt":"2025-11-27T05:09:13","slug":"colectivos-esperan-que-antes-del-2-de-diciembre-se-destituya-a-la-secretaria-de-cultura-de-guerrero","status":"publish","type":"post","link":"https:\/\/www.interaccionnoticias.com.mx\/?p=98654","title":{"rendered":"Colectivos esperan que antes del 2 de diciembre se destituya a la secretaria de Cultura de Guerrero"},"content":{"rendered":"\n<p><strong><em>&#8212; Tras pol\u00e9mica por el homenaje a Rub\u00e9n Figueroa, tambi\u00e9n esperan una disculpa p\u00fablica<br>&#8212; Consideran que ya no hay capacidad de interlocuci\u00f3n<\/em><\/strong><\/p>\n\n\n\n<p><strong>Jes\u00fas Dorantes \/ Chilpancingo<\/strong><\/p>\n\n\n\n<p>Los colectivos culturales esperan que la titular de la Secretar\u00eda de Cultura, A\u00edda Melina Mart\u00ednez Rebolledo sea separada del cargo antes del 2 de diciembre, fecha en que se cumplen 51 a\u00f1os del asesinato cometido en contra del jefe guerrillero Lucio Caba\u00f1as Barrientos.<\/p>\n\n\n\n<p>La demanda deriva de la controversia generada por el homenaje realizado el 9 de noviembre al exgobernador Rub\u00e9n Figueroa Figueroa, en la cabecera municipal de Huitzuco.<\/p>\n\n\n\n<p>Dicho evento provoc\u00f3 protestas y el rechazo de cientos de artistas y activistas, que consideran el gesto un agravio a la memoria hist\u00f3rica de la entidad.<\/p>\n\n\n\n<p>Este mii\u00e9rcoles, represetantes de diferentes colectivos culturales, entre ellos Azul Ramos, Emiliano Ar\u00e9stegui, Alfonso P\u00e9rez Vicente, Manuel Maciel, Carlos Ortiz, Hugo de la Rosa, Miguel Ben\u00edtez, Rodrigo Vivanco, Diana Itzel Hern\u00e1ndez y Alejandro Ramos, entregaron un documento denominado Carta por la defensa del Derecho a la Cultura, firmada por 385 personas, en la que exigen la salida de Mart\u00ednez Rebolledo.<\/p>\n\n\n\n<p>En dicho documento insisten en la destituci\u00f3n y la disculpa p\u00fablica del Gobierno de Guerrer, con el planteamiento de que la separaci\u00f3n del cargo debe suceder antes del aniversario luctuoso de Lucio Caba\u00f1as, que es el 2 de diciembre.<\/p>\n\n\n\n<p>Despu\u00e9s se convocar\u00e1 a una mesa abierta y horizontal, para replantear la agenda cultural del estado.<\/p>\n\n\n\n<p>Ning\u00fan integrantes de los colectivos pretende quedarse al frente de la SECULTURA, en caso de que se concrete la destituci\u00f3n dela actual titular, a quien se\u00f1alan que ya no tiene capacidad de interlocuci\u00f3n.<\/p>\n","protected":false},"excerpt":{"rendered":"<p>&#8212; Tras pol\u00e9mica por el homenaje a Rub\u00e9n Figueroa, tambi\u00e9n esperan una disculpa p\u00fablica&#8212; Consideran que ya no hay capacidad de interlocuci\u00f3n Jes\u00fas Dorantes \/ Chilpancingo Los colectivos culturales esperan&hellip; <\/p>\n","protected":false},"author":8,"featured_media":98657,"comment_status":"open","ping_status":"open","sticky":false,"template":"","format":"standard","meta":{"fifu_image_url":"https:\/\/www.interaccionnoticias.com.mx\/wp-content\/uploads\/2025\/11\/251126-Colectivos.jpg","fifu_image_alt":"","footnotes":""},"categories":[11],"tags":[],"class_list":["post-98654","post","type-post","status-publish","format-standard","has-post-thumbnail","hentry","category-guerrero"],"_links":{"self":[{"href":"https:\/\/www.interaccionnoticias.com.mx\/index.php?rest_route=\/wp\/v2\/posts\/98654","targetHints":{"allow":["GET"]}}],"collection":[{"href":"https:\/\/www.interaccionnoticias.com.mx\/index.php?rest_route=\/wp\/v2\/posts"}],"about":[{"href":"https:\/\/www.interaccionnoticias.com.mx\/index.php?rest_route=\/wp\/v2\/types\/post"}],"author":[{"embeddable":true,"href":"https:\/\/www.interaccionnoticias.com.mx\/index.php?rest_route=\/wp\/v2\/users\/8"}],"replies":[{"embeddable":true,"href":"https:\/\/www.interaccionnoticias.com.mx\/index.php?rest_route=%2Fwp%2Fv2%2Fcomments&post=98654"}],"version-history":[{"count":1,"href":"https:\/\/www.interaccionnoticias.com.mx\/index.php?rest_route=\/wp\/v2\/posts\/98654\/revisions"}],"predecessor-version":[{"id":98656,"href":"https:\/\/www.interaccionnoticias.com.mx\/index.php?rest_route=\/wp\/v2\/posts\/98654\/revisions\/98656"}],"wp:featuredmedia":[{"embeddable":true,"href":"https:\/\/www.interaccionnoticias.com.mx\/index.php?rest_route=\/wp\/v2\/media\/98657"}],"wp:attachment":[{"href":"https:\/\/www.interaccionnoticias.com.mx\/index.php?rest_route=%2Fwp%2Fv2%2Fmedia&parent=98654"}],"wp:term":[{"taxonomy":"category","embeddable":true,"href":"https:\/\/www.interaccionnoticias.com.mx\/index.php?rest_route=%2Fwp%2Fv2%2Fcategories&post=98654"},{"taxonomy":"post_tag","embeddable":true,"href":"https:\/\/www.interaccionnoticias.com.mx\/index.php?rest_route=%2Fwp%2Fv2%2Ftags&post=98654"}],"curies":[{"name":"wp","href":"https:\/\/api.w.org\/{rel}","templated":true}]}}