{"id":98650,"date":"2025-11-26T17:29:00","date_gmt":"2025-11-27T00:29:00","guid":{"rendered":"https:\/\/www.interaccionnoticias.com.mx\/?p=98650"},"modified":"2025-11-26T22:03:28","modified_gmt":"2025-11-27T05:03:28","slug":"una-vez-mas-alcalde-de-chilpancingo-solicita-refuerzo-de-la-federacion","status":"publish","type":"post","link":"https:\/\/www.interaccionnoticias.com.mx\/?p=98650","title":{"rendered":"Una vez m\u00e1s, alcalde de Chilpancingo solicita refuerzo de la Federaci\u00f3n"},"content":{"rendered":"\n<p><em><strong>&#8212; Tras las amenazas dirigidas en contra de la Feria de Navidad y el Paseo del Pend\u00f3n<\/strong><\/em><\/p>\n\n\n\n<p><strong>Interacci\u00f3n<\/strong><\/p>\n\n\n\n<p><strong>Chilpancingo, Gro., 26 de noviembre de 2025.\u2013<\/strong> Tras la aparici\u00f3n de lonas con amenazas dirigidas a las autoridades municipales, en las que se advert\u00eda que \u201cquemar\u00edan todo\u201d si se realiza la Feria de San Mateo, Navidad y A\u00f1o Nuevo, as\u00ed como el tradicional Paseo del Pend\u00f3n, el presidente municipal de Chilpancingo, Gustavo Alarc\u00f3n Herrera, solicit\u00f3 por escrito el apoyo del Gobierno de M\u00e9xico para reforzar la seguridad en la capital del estado.<\/p>\n\n\n\n<p>El alcalde inform\u00f3 que este mismo d\u00eda, fue enviado por la v\u00eda institucional, un oficio dirigido al Secretario de Seguridad y Protecci\u00f3n Ciudadana, Omar Garc\u00eda Harfuch, a trav\u00e9s del correo oficial contacto@sspc.gob.mx, en el que se pide incrementar la presencia de fuerzas federales para garantizar la integridad de la ciudadan\u00eda, as\u00ed como el desarrollo de las actividades p\u00fablicas.<\/p>\n\n\n\n<p>\u201cAqu\u00ed nos hemos puesto de pie; mantenernos as\u00ed sin apoyo es m\u00e1s dif\u00edcil. Chilpancingo requiere respetuosamente una respuesta inmediata: nuestras familias y el Bicentenario necesitan seguridad\u201d, expres\u00f3 Alarc\u00f3n Herrera, subrayando que la prioridad del Ayuntamiento es proteger a la poblaci\u00f3n ante cualquier acto que busque alterar la paz social.<\/p>\n\n\n\n<p>El gobierno municipal reiter\u00f3 su disposici\u00f3n para trabajar de manera coordinada con las autoridades estatales y federales, y confi\u00f3 en que la respuesta llegue a la brevedad para garantizar un clima de tranquilidad en la capital guerrerense.<\/p>\n\n\n\n<p>El paseo del Pend\u00f3n, que a\u00f1o con a\u00f1o concentra a m\u00e1s de 20 mil habitantes en las calles del centro de Chilpancingo se desarrollar\u00e1 el pr\u00f3ximo 21 de diciembre.<\/p>\n\n\n\n<p>La Feria, a\u00f1o con a\u00f1o se inaugura formalmente cada 24.<\/p>\n\n\n\n<p>El a\u00f1o pasado dicha festividad fue alterada por el asesinato del Patronato, lo que alter\u00f3 las principales actividades del teatro del pueblo y la instalaci\u00f3n de juegos.<\/p>\n\n\n\n<p>Este a\u00f1o desapareci\u00f3 el Patronato de la Feria y se cre\u00f3 un Consejo Consultivo en el que participan grupos culturales, empresarios de la ciudad y autoridades de los tres niveles.<\/p>\n\n\n\n<p>Dicho Consejo Consultivo acord\u00f3 que el Paseo del Pend\u00f3n acortar\u00e1 su trayectoria y que se restringir\u00e1 el consumo de bebidas alcoh\u00f3licas, tampoco se permitir\u00e1 la instalaci\u00f3n de barras, no habr\u00e1 jaripeos y quedaron vetados los conciertos con cantantes de narcocorridos.<\/p>\n\n\n\n<p>En las lonas de este mi\u00e9rcoles, se acusa a las autoridades locales de organizar la feria tradicional para favorecer econ\u00f3micamente a un grupo del crimen organizado.<\/p>\n","protected":false},"excerpt":{"rendered":"<p>&#8212; Tras las amenazas dirigidas en contra de la Feria de Navidad y el Paseo del Pend\u00f3n Interacci\u00f3n Chilpancingo, Gro., 26 de noviembre de 2025.\u2013 Tras la aparici\u00f3n de lonas&hellip; <\/p>\n","protected":false},"author":2,"featured_media":98653,"comment_status":"open","ping_status":"open","sticky":false,"template":"","format":"standard","meta":{"fifu_image_url":"https:\/\/www.interaccionnoticias.com.mx\/wp-content\/uploads\/2025\/11\/251126-olicita-refuerzo.jpg","fifu_image_alt":"","footnotes":""},"categories":[13],"tags":[],"class_list":["post-98650","post","type-post","status-publish","format-standard","has-post-thumbnail","hentry","category-capital"],"_links":{"self":[{"href":"https:\/\/www.interaccionnoticias.com.mx\/index.php?rest_route=\/wp\/v2\/posts\/98650","targetHints":{"allow":["GET"]}}],"collection":[{"href":"https:\/\/www.interaccionnoticias.com.mx\/index.php?rest_route=\/wp\/v2\/posts"}],"about":[{"href":"https:\/\/www.interaccionnoticias.com.mx\/index.php?rest_route=\/wp\/v2\/types\/post"}],"author":[{"embeddable":true,"href":"https:\/\/www.interaccionnoticias.com.mx\/index.php?rest_route=\/wp\/v2\/users\/2"}],"replies":[{"embeddable":true,"href":"https:\/\/www.interaccionnoticias.com.mx\/index.php?rest_route=%2Fwp%2Fv2%2Fcomments&post=98650"}],"version-history":[{"count":1,"href":"https:\/\/www.interaccionnoticias.com.mx\/index.php?rest_route=\/wp\/v2\/posts\/98650\/revisions"}],"predecessor-version":[{"id":98652,"href":"https:\/\/www.interaccionnoticias.com.mx\/index.php?rest_route=\/wp\/v2\/posts\/98650\/revisions\/98652"}],"wp:featuredmedia":[{"embeddable":true,"href":"https:\/\/www.interaccionnoticias.com.mx\/index.php?rest_route=\/wp\/v2\/media\/98653"}],"wp:attachment":[{"href":"https:\/\/www.interaccionnoticias.com.mx\/index.php?rest_route=%2Fwp%2Fv2%2Fmedia&parent=98650"}],"wp:term":[{"taxonomy":"category","embeddable":true,"href":"https:\/\/www.interaccionnoticias.com.mx\/index.php?rest_route=%2Fwp%2Fv2%2Fcategories&post=98650"},{"taxonomy":"post_tag","embeddable":true,"href":"https:\/\/www.interaccionnoticias.com.mx\/index.php?rest_route=%2Fwp%2Fv2%2Ftags&post=98650"}],"curies":[{"name":"wp","href":"https:\/\/api.w.org\/{rel}","templated":true}]}}