{"id":98636,"date":"2025-11-26T16:44:00","date_gmt":"2025-11-26T23:44:00","guid":{"rendered":"https:\/\/www.interaccionnoticias.com.mx\/?p=98636"},"modified":"2025-11-26T21:48:23","modified_gmt":"2025-11-27T04:48:23","slug":"el-veladero-7","status":"publish","type":"post","link":"https:\/\/www.interaccionnoticias.com.mx\/?p=98636","title":{"rendered":"El Veladero"},"content":{"rendered":"\n<p><strong>Por Sergio Flores<\/strong><\/p>\n\n\n\n<p><em><strong>Agua para Acapulco pero hasta finales de 2026: CONAGUA revela ante Sheinbaum<br>Las 21 plantas de tratamiento de aguas negras tampoco estar\u00e1n concluidas en 2025<\/strong><\/em><\/p>\n\n\n\n<p>Las obras para dotar a los acapulque\u00f1os de agua potable y saneamiento del puerto ser\u00e1n concluidos para finales de 2026 y no para finales de este 2025 como lo program\u00f3 la presidente Claudia Sheinbaum al iniciar en enero pasado su programa integral Acapulco se Transforma Contigo, luego de las inundaciones registradas por el hurac\u00e1n John.<\/p>\n\n\n\n<p>El director general de la Comisi\u00f3n Nacional del Agua, Efra\u00edn Morales L\u00f3pez, admiti\u00f3 que las obras presupuestadas en mil 800 millones de pesos en agua potable y saneamiento que supuestamente ser\u00edan concluidas este 2025, ser\u00e1n una transformaci\u00f3n profunda del sistema de agua con un cambio radical pero hasta finales de 2026.<\/p>\n\n\n\n<p>En la conferencia ma\u00f1anera de este mi\u00e9rcoles, una reportera acapulque\u00f1a, cuestion\u00f3 a la presidente Sheinbaum sobre los trabajos presupuestados en mil 800 millones de pesos para, entre otras acciones, dotar de agua potable en 2025 a todo Acapulco y Sheinbaum Pardo dio la palabra a su director de CONAGUA, Efra\u00edn Morales L\u00f3pez.<\/p>\n\n\n\n<p>El funcionario federal, admiti\u00f3 que tampoco se han concluido los trabajos de saneamiento y rehabilitaci\u00f3n de las plantas de tratamiento de aguas negras que se calculan en 21 instalaciones a cargo del gobierno y que aportan cada segundo, millones de litros de aguas contaminantes a r\u00edos, las lagunas Negra de Puerto Marqu\u00e9s y la de Tres Palos, as\u00ed como al mar de las bah\u00edas de Puerto Marqu\u00e9s y de Acapulco.<\/p>\n\n\n\n<p>Admiti\u00f3 que el gobierno federal solo realiza trabajos de compactaci\u00f3n y se redireccionan plantas de tratamiento de aguas negras, iniciando obras de rehabilitaci\u00f3n en dos plantas, una en la colonia Ciudad Renacimiento y en la colonia Miramar, as\u00ed como la construcci\u00f3n de colectores de aguas negras para evitar que se contamine la bah\u00eda de Acapulco.<\/p>\n\n\n\n<p>Y agreg\u00f3 el titular de CONAGUA que hasta el momento se ha avanzado en los desazolves de los canales pluviales, del r\u00edo de La Sabana, del arroyo Colacho y del arroyo de San Agust\u00edn, adem\u00e1s de reafirmar bordos afectados por huracanes, as\u00ed como muros de presas gavi\u00f3n por lo que est\u00e9 a\u00f1o, dijo, no se registaron inundaciones en Acapulco.<\/p>\n\n\n\n<p>El funcionario tambi\u00e9n inform\u00f3 que las obras de agua potable por CONAGUA beneficar\u00e1n a 65 mil familias pues actualmente 8 mil familias reciben agua en Acapulco por tandeo.<\/p>\n\n\n\n<p>Abelina y la falta de agua<\/p>\n\n\n\n<p>El tema de la falta de agua potable en m\u00faltiples colonias de Acapulco ha generado protestas en eventos p\u00fablicos con diplom\u00e1ticos de otros pa\u00edses durante los shows musicales de Charlie Zaa y Edith M\u00e1rquez durante la inauguraci\u00f3n y clausura del festival de La Nao.<\/p>\n\n\n\n<p>Con abucheos masivos acapulque\u00f1os han exigido a la alcaldesa morenista Abelina L\u00f3pez, el suministro de agua y la edil ha responsabilizado de esa carencia a anteriores gobiernos municipales como el de Manuel A\u00f1orve que culmin\u00f3 en 2012, es decir hace 13 a\u00f1os y tambi\u00e9n ha cuestionado que antes, los acapulque\u00f1os no le gritaban a otros alcaldes por falta de agua.<\/p>\n","protected":false},"excerpt":{"rendered":"<p>Por Sergio Flores Agua para Acapulco pero hasta finales de 2026: CONAGUA revela ante SheinbaumLas 21 plantas de tratamiento de aguas negras tampoco estar\u00e1n concluidas en 2025 Las obras para&hellip; <\/p>\n","protected":false},"author":36,"featured_media":98639,"comment_status":"open","ping_status":"open","sticky":false,"template":"","format":"standard","meta":{"fifu_image_url":"https:\/\/www.interaccionnoticias.com.mx\/wp-content\/uploads\/2025\/11\/251126-El-Veladero.jpg","fifu_image_alt":"","footnotes":""},"categories":[16],"tags":[],"class_list":["post-98636","post","type-post","status-publish","format-standard","has-post-thumbnail","hentry","category-opinion"],"_links":{"self":[{"href":"https:\/\/www.interaccionnoticias.com.mx\/index.php?rest_route=\/wp\/v2\/posts\/98636","targetHints":{"allow":["GET"]}}],"collection":[{"href":"https:\/\/www.interaccionnoticias.com.mx\/index.php?rest_route=\/wp\/v2\/posts"}],"about":[{"href":"https:\/\/www.interaccionnoticias.com.mx\/index.php?rest_route=\/wp\/v2\/types\/post"}],"author":[{"embeddable":true,"href":"https:\/\/www.interaccionnoticias.com.mx\/index.php?rest_route=\/wp\/v2\/users\/36"}],"replies":[{"embeddable":true,"href":"https:\/\/www.interaccionnoticias.com.mx\/index.php?rest_route=%2Fwp%2Fv2%2Fcomments&post=98636"}],"version-history":[{"count":1,"href":"https:\/\/www.interaccionnoticias.com.mx\/index.php?rest_route=\/wp\/v2\/posts\/98636\/revisions"}],"predecessor-version":[{"id":98638,"href":"https:\/\/www.interaccionnoticias.com.mx\/index.php?rest_route=\/wp\/v2\/posts\/98636\/revisions\/98638"}],"wp:featuredmedia":[{"embeddable":true,"href":"https:\/\/www.interaccionnoticias.com.mx\/index.php?rest_route=\/wp\/v2\/media\/98639"}],"wp:attachment":[{"href":"https:\/\/www.interaccionnoticias.com.mx\/index.php?rest_route=%2Fwp%2Fv2%2Fmedia&parent=98636"}],"wp:term":[{"taxonomy":"category","embeddable":true,"href":"https:\/\/www.interaccionnoticias.com.mx\/index.php?rest_route=%2Fwp%2Fv2%2Fcategories&post=98636"},{"taxonomy":"post_tag","embeddable":true,"href":"https:\/\/www.interaccionnoticias.com.mx\/index.php?rest_route=%2Fwp%2Fv2%2Ftags&post=98636"}],"curies":[{"name":"wp","href":"https:\/\/api.w.org\/{rel}","templated":true}]}}