{"id":98628,"date":"2025-11-26T16:11:00","date_gmt":"2025-11-26T23:11:00","guid":{"rendered":"https:\/\/www.interaccionnoticias.com.mx\/?p=98628"},"modified":"2025-11-26T21:36:11","modified_gmt":"2025-11-27T04:36:11","slug":"un-sexenio-no-sera-suficiente-dice-titular-de-planeacion-ante-el-flagelo-de-la-pobreza","status":"publish","type":"post","link":"https:\/\/www.interaccionnoticias.com.mx\/?p=98628","title":{"rendered":"\u00abUn sexenio no ser\u00e1 suficiente\u00bb, dice titular de Planeaci\u00f3n ante el flagelo de la pobreza"},"content":{"rendered":"\n<p><strong><em>&#8212; Ren\u00e9 Vargas sostiene que en cuatro a\u00f1os, 275 mil guerrerenses salieron de la pobreza<br>&#8212; \u00abDurante muchos a\u00f1os m\u00e1s el reto seguir\u00e1 siendo enorme\u00bb, admite el funcionario ante los diputados<br>&#8212; Las protestas por esa causa siguen en las calles y plazas p\u00fablicas, se\u00f1ala la representaci\u00f3n del MC<br>&#8212; Hay muchos pendientes en caminos, agua potable, educaci\u00f3n y salud, se\u00f1alan PRI y PAN<\/em><\/strong><\/p>\n\n\n\n<p><strong>Rosario Garc\u00eda Orozco<\/strong><\/p>\n\n\n\n<p>Al comparecer ante el pleno del Congreso Local, el secretario de Planeaci\u00f3n y Desarrollo Regional, Ren\u00e9 Vargas Pineda asegur\u00f3 que 275 mil guerrerenses salieron de la pobreza y pobreza extrema en Guerrero durante los \u00faltimos cuatro a\u00f1os.<\/p>\n\n\n\n<p>El funcionario estatal rindi\u00f3 un reporte pormenorizado por la glosa del informe del cuarto a\u00f1o de la gobernadora, Evelyn Salgado Pineda, quien mencion\u00f3 que con base en los datos oficiales del Coneval e Inegi, la pobreza en Guerrero pas\u00f3 del 66.4 por ciento en el 2020 al 58.1 por ciento en el 2024.<\/p>\n\n\n\n<p>A pesar de ello, admiti\u00f3 que durante \u00abmuchos a\u00f1os m\u00e1s el reto seguir\u00e1 siendo enorme\u00bb para lograr la erradicaci\u00f3n total de la pobreza en Guerrero, y agreg\u00f3 que \u00abun sexenio no ser\u00e1 suficiente\u00bb.<\/p>\n\n\n\n<p>Cuestionado por los diputados sobre el impacto particular de las acciones y programas con la inversi\u00f3n estatal para la erradicaci\u00f3n de la pobreza, el titular de Planeaci\u00f3n y Desarrollo Regional explic\u00f3 que no es un indicativo que se pueda medir de manera unilateral, porque la aplicaci\u00f3n de los presupuestos \u00abno es un tema unilateral\u00bb.<\/p>\n\n\n\n<p>\u00abLa reducci\u00f3n de la pobreza no se puede entender por la participaci\u00f3n de un gobierno en particular, sino en un \u00e1mbito colaborativo de todas las instituciones\u00bb; dijo Ren\u00e9 Vargas, y por ello se hace dif\u00edcil la medici\u00f3n real.<\/p>\n\n\n\n<p>Al hacer menci\u00f3n de que \u00abtodos los gobiernos\u00bb atienden por lo menos cinco objetivos del desarrollo sostenible, como el agua, caminos, infraestructura educativa, salud, desarrollo econ\u00f3mico, la diputada panista Irene Montiel Serv\u00edn le pidi\u00f3 ampliar la informaci\u00f3n al respecto, pero fue evasivo al respecto.<\/p>\n\n\n\n<p>Vargas Pineda destac\u00f3 que en conjunto los 85 municipios del estado ejercen el presupuesto de 8 mil millones de pesos, por encima de los 3 mil 300 millones de pesos que invierte el estado en infraestructura f\u00edsica, pero la mayor parte se encuentra en los municipios, como la c\u00e9lula b\u00e1sica de este federalismo mexicano que sostiene nuestra patria\u00bb.<\/p>\n\n\n\n<p>La legisladora por Movimiento Ciudadano Erika L\u00fcrhs Cortes, cuestion\u00f3 el hecho de que se informe sobre avances en el gobierno del estadom, pero en las calles, se sigan generando manifestaciones sociales en exigencia de servicios.<\/p>\n\n\n\n<p>En contraparte, el diputado del Partido del Trabajo, Edgar Ventura de la Cruz, reconoci\u00f3 a nombre de la representaci\u00f3n legislativa de ese partido en el Congreso Local que hay una distribuci\u00f3n transparente y eficaz del gasto p\u00fablico, \u00aben ese sentido nuestra representaci\u00f3n reconoce a la gobernadora Evelyn Salgado Pineda que en estos cuatro a\u00f1os de gobierno se han registrado avances en ese tema\u00bb.<\/p>\n\n\n\n<p>El diputado priista, V\u00edctor Hugo Vega Hern\u00e1ndez se\u00f1al\u00f3 en coordinaci\u00f3n con la Secretar\u00eda de Bienestar Federal se firm\u00f3 un convenio de distribuci\u00f3n del Fondo de Aportaciones para la Infraestructura Social Municipal y de las Demarcaciones Territoriales del Distrito Federal (FAISMUN) as\u00ed como del Fondo de Aportaciones para la Infraestructura Social (FAIS), denominado FAISPIAM\u201d para los pueblos ind\u00edgenas y afros, un fondo de aportaciones de m\u00e1s de mil millones de pesos del Estado y Municipio, sin embargo no se\u00f1ala de qu\u00e9 forma se aplica dicho recurso, ni a cu\u00e1ntas personas se beneficia con dichos programas, mucho menos cu\u00e1les son los indicadores que manejan y qu\u00e9 se podr\u00e1 medir con el mismo.<\/p>\n\n\n\n<p>Adem\u00e1s pregunto al funcionario estatal si en la integraci\u00f3n del Proyecto de Presupuesto 2026 se asign\u00f3 alg\u00fan presupuesto para atender la plaga del gusano barrenador en Guerrero, donde ya se han presentado casos, por lo que es evidente que deben tomarse medidas para prevenir y erradicar esta plaga del ganado y evitar sean afectados los ganaderos, sin embargo como en cuestionamientos de otros legisladores, Ren\u00e9 Vargas no respondi\u00f3 concretamente sobre los temas aludidos por el diputado.<\/p>\n\n\n\n<figure class=\"wp-block-gallery has-nested-images columns-default is-cropped wp-block-gallery-1 is-layout-flex wp-block-gallery-is-layout-flex\">\n<figure class=\"wp-block-image size-large\"><img decoding=\"async\" src=\"data:image\/gif;base64,R0lGODlhAQABAIAAAAAAAP\/\/\/ywAAAAAAQABAAACAUwAOw==\" fifu-lazy=\"1\" fifu-data-sizes=\"auto\" fifu-data-srcset=\"https:\/\/i2.wp.com\/www.interaccionnoticias.com.mx\/wp-content\/uploads\/2025\/11\/251126-Erika-Lurhs-Cortes-1024x683.jpg?ssl=1&w=75&resize=75&ssl=1 75w, https:\/\/i2.wp.com\/www.interaccionnoticias.com.mx\/wp-content\/uploads\/2025\/11\/251126-Erika-Lurhs-Cortes-1024x683.jpg?ssl=1&w=100&resize=100&ssl=1 100w, https:\/\/i2.wp.com\/www.interaccionnoticias.com.mx\/wp-content\/uploads\/2025\/11\/251126-Erika-Lurhs-Cortes-1024x683.jpg?ssl=1&w=150&resize=150&ssl=1 150w, https:\/\/i2.wp.com\/www.interaccionnoticias.com.mx\/wp-content\/uploads\/2025\/11\/251126-Erika-Lurhs-Cortes-1024x683.jpg?ssl=1&w=240&resize=240&ssl=1 240w, https:\/\/i2.wp.com\/www.interaccionnoticias.com.mx\/wp-content\/uploads\/2025\/11\/251126-Erika-Lurhs-Cortes-1024x683.jpg?ssl=1&w=320&resize=320&ssl=1 320w, https:\/\/i2.wp.com\/www.interaccionnoticias.com.mx\/wp-content\/uploads\/2025\/11\/251126-Erika-Lurhs-Cortes-1024x683.jpg?ssl=1&w=500&resize=500&ssl=1 500w, https:\/\/i2.wp.com\/www.interaccionnoticias.com.mx\/wp-content\/uploads\/2025\/11\/251126-Erika-Lurhs-Cortes-1024x683.jpg?ssl=1&w=640&resize=640&ssl=1 640w, https:\/\/i2.wp.com\/www.interaccionnoticias.com.mx\/wp-content\/uploads\/2025\/11\/251126-Erika-Lurhs-Cortes-1024x683.jpg?ssl=1&w=800&resize=800&ssl=1 800w, https:\/\/i2.wp.com\/www.interaccionnoticias.com.mx\/wp-content\/uploads\/2025\/11\/251126-Erika-Lurhs-Cortes-1024x683.jpg?ssl=1&w=1024&resize=1024&ssl=1 1024w, https:\/\/i2.wp.com\/www.interaccionnoticias.com.mx\/wp-content\/uploads\/2025\/11\/251126-Erika-Lurhs-Cortes-1024x683.jpg?ssl=1&w=1280&resize=1280&ssl=1 1280w, https:\/\/i2.wp.com\/www.interaccionnoticias.com.mx\/wp-content\/uploads\/2025\/11\/251126-Erika-Lurhs-Cortes-1024x683.jpg?ssl=1&w=1600&resize=1600&ssl=1 1600w\" data-id=\"98633\" fifu-data-src=\"https:\/\/i2.wp.com\/www.interaccionnoticias.com.mx\/wp-content\/uploads\/2025\/11\/251126-Erika-Lurhs-Cortes-1024x683.jpg?ssl=1\" alt=\"\" class=\"wp-image-98633\"\/><\/figure>\n\n\n\n<figure class=\"wp-block-image size-large\"><img decoding=\"async\" src=\"data:image\/gif;base64,R0lGODlhAQABAIAAAAAAAP\/\/\/ywAAAAAAQABAAACAUwAOw==\" fifu-lazy=\"1\" fifu-data-sizes=\"auto\" fifu-data-srcset=\"https:\/\/i2.wp.com\/www.interaccionnoticias.com.mx\/wp-content\/uploads\/2025\/11\/251126-Rene-Vargas-Pineda-1024x683.jpg?ssl=1&w=75&resize=75&ssl=1 75w, https:\/\/i2.wp.com\/www.interaccionnoticias.com.mx\/wp-content\/uploads\/2025\/11\/251126-Rene-Vargas-Pineda-1024x683.jpg?ssl=1&w=100&resize=100&ssl=1 100w, https:\/\/i2.wp.com\/www.interaccionnoticias.com.mx\/wp-content\/uploads\/2025\/11\/251126-Rene-Vargas-Pineda-1024x683.jpg?ssl=1&w=150&resize=150&ssl=1 150w, https:\/\/i2.wp.com\/www.interaccionnoticias.com.mx\/wp-content\/uploads\/2025\/11\/251126-Rene-Vargas-Pineda-1024x683.jpg?ssl=1&w=240&resize=240&ssl=1 240w, https:\/\/i2.wp.com\/www.interaccionnoticias.com.mx\/wp-content\/uploads\/2025\/11\/251126-Rene-Vargas-Pineda-1024x683.jpg?ssl=1&w=320&resize=320&ssl=1 320w, https:\/\/i2.wp.com\/www.interaccionnoticias.com.mx\/wp-content\/uploads\/2025\/11\/251126-Rene-Vargas-Pineda-1024x683.jpg?ssl=1&w=500&resize=500&ssl=1 500w, https:\/\/i2.wp.com\/www.interaccionnoticias.com.mx\/wp-content\/uploads\/2025\/11\/251126-Rene-Vargas-Pineda-1024x683.jpg?ssl=1&w=640&resize=640&ssl=1 640w, https:\/\/i2.wp.com\/www.interaccionnoticias.com.mx\/wp-content\/uploads\/2025\/11\/251126-Rene-Vargas-Pineda-1024x683.jpg?ssl=1&w=800&resize=800&ssl=1 800w, https:\/\/i2.wp.com\/www.interaccionnoticias.com.mx\/wp-content\/uploads\/2025\/11\/251126-Rene-Vargas-Pineda-1024x683.jpg?ssl=1&w=1024&resize=1024&ssl=1 1024w, https:\/\/i2.wp.com\/www.interaccionnoticias.com.mx\/wp-content\/uploads\/2025\/11\/251126-Rene-Vargas-Pineda-1024x683.jpg?ssl=1&w=1280&resize=1280&ssl=1 1280w, https:\/\/i2.wp.com\/www.interaccionnoticias.com.mx\/wp-content\/uploads\/2025\/11\/251126-Rene-Vargas-Pineda-1024x683.jpg?ssl=1&w=1600&resize=1600&ssl=1 1600w\" data-id=\"98632\" fifu-data-src=\"https:\/\/i2.wp.com\/www.interaccionnoticias.com.mx\/wp-content\/uploads\/2025\/11\/251126-Rene-Vargas-Pineda-1024x683.jpg?ssl=1\" alt=\"\" class=\"wp-image-98632\"\/><\/figure>\n\n\n\n<figure class=\"wp-block-image size-large\"><img decoding=\"async\" src=\"data:image\/gif;base64,R0lGODlhAQABAIAAAAAAAP\/\/\/ywAAAAAAQABAAACAUwAOw==\" fifu-lazy=\"1\" fifu-data-sizes=\"auto\" fifu-data-srcset=\"https:\/\/i0.wp.com\/www.interaccionnoticias.com.mx\/wp-content\/uploads\/2025\/11\/251126-Congreso-2-1024x683.jpg?ssl=1&w=75&resize=75&ssl=1 75w, https:\/\/i0.wp.com\/www.interaccionnoticias.com.mx\/wp-content\/uploads\/2025\/11\/251126-Congreso-2-1024x683.jpg?ssl=1&w=100&resize=100&ssl=1 100w, https:\/\/i0.wp.com\/www.interaccionnoticias.com.mx\/wp-content\/uploads\/2025\/11\/251126-Congreso-2-1024x683.jpg?ssl=1&w=150&resize=150&ssl=1 150w, https:\/\/i0.wp.com\/www.interaccionnoticias.com.mx\/wp-content\/uploads\/2025\/11\/251126-Congreso-2-1024x683.jpg?ssl=1&w=240&resize=240&ssl=1 240w, https:\/\/i0.wp.com\/www.interaccionnoticias.com.mx\/wp-content\/uploads\/2025\/11\/251126-Congreso-2-1024x683.jpg?ssl=1&w=320&resize=320&ssl=1 320w, https:\/\/i0.wp.com\/www.interaccionnoticias.com.mx\/wp-content\/uploads\/2025\/11\/251126-Congreso-2-1024x683.jpg?ssl=1&w=500&resize=500&ssl=1 500w, https:\/\/i0.wp.com\/www.interaccionnoticias.com.mx\/wp-content\/uploads\/2025\/11\/251126-Congreso-2-1024x683.jpg?ssl=1&w=640&resize=640&ssl=1 640w, https:\/\/i0.wp.com\/www.interaccionnoticias.com.mx\/wp-content\/uploads\/2025\/11\/251126-Congreso-2-1024x683.jpg?ssl=1&w=800&resize=800&ssl=1 800w, https:\/\/i0.wp.com\/www.interaccionnoticias.com.mx\/wp-content\/uploads\/2025\/11\/251126-Congreso-2-1024x683.jpg?ssl=1&w=1024&resize=1024&ssl=1 1024w, https:\/\/i0.wp.com\/www.interaccionnoticias.com.mx\/wp-content\/uploads\/2025\/11\/251126-Congreso-2-1024x683.jpg?ssl=1&w=1280&resize=1280&ssl=1 1280w, https:\/\/i0.wp.com\/www.interaccionnoticias.com.mx\/wp-content\/uploads\/2025\/11\/251126-Congreso-2-1024x683.jpg?ssl=1&w=1600&resize=1600&ssl=1 1600w\" data-id=\"98630\" fifu-data-src=\"https:\/\/i0.wp.com\/www.interaccionnoticias.com.mx\/wp-content\/uploads\/2025\/11\/251126-Congreso-2-1024x683.jpg?ssl=1\" alt=\"\" class=\"wp-image-98630\"\/><\/figure>\n\n\n\n<figure class=\"wp-block-image size-large\"><img decoding=\"async\" src=\"data:image\/gif;base64,R0lGODlhAQABAIAAAAAAAP\/\/\/ywAAAAAAQABAAACAUwAOw==\" fifu-lazy=\"1\" fifu-data-sizes=\"auto\" fifu-data-srcset=\"https:\/\/i3.wp.com\/www.interaccionnoticias.com.mx\/wp-content\/uploads\/2025\/11\/251126-Congreso-1-1024x683.jpg?ssl=1&w=75&resize=75&ssl=1 75w, https:\/\/i3.wp.com\/www.interaccionnoticias.com.mx\/wp-content\/uploads\/2025\/11\/251126-Congreso-1-1024x683.jpg?ssl=1&w=100&resize=100&ssl=1 100w, https:\/\/i3.wp.com\/www.interaccionnoticias.com.mx\/wp-content\/uploads\/2025\/11\/251126-Congreso-1-1024x683.jpg?ssl=1&w=150&resize=150&ssl=1 150w, https:\/\/i3.wp.com\/www.interaccionnoticias.com.mx\/wp-content\/uploads\/2025\/11\/251126-Congreso-1-1024x683.jpg?ssl=1&w=240&resize=240&ssl=1 240w, https:\/\/i3.wp.com\/www.interaccionnoticias.com.mx\/wp-content\/uploads\/2025\/11\/251126-Congreso-1-1024x683.jpg?ssl=1&w=320&resize=320&ssl=1 320w, https:\/\/i3.wp.com\/www.interaccionnoticias.com.mx\/wp-content\/uploads\/2025\/11\/251126-Congreso-1-1024x683.jpg?ssl=1&w=500&resize=500&ssl=1 500w, https:\/\/i3.wp.com\/www.interaccionnoticias.com.mx\/wp-content\/uploads\/2025\/11\/251126-Congreso-1-1024x683.jpg?ssl=1&w=640&resize=640&ssl=1 640w, https:\/\/i3.wp.com\/www.interaccionnoticias.com.mx\/wp-content\/uploads\/2025\/11\/251126-Congreso-1-1024x683.jpg?ssl=1&w=800&resize=800&ssl=1 800w, https:\/\/i3.wp.com\/www.interaccionnoticias.com.mx\/wp-content\/uploads\/2025\/11\/251126-Congreso-1-1024x683.jpg?ssl=1&w=1024&resize=1024&ssl=1 1024w, https:\/\/i3.wp.com\/www.interaccionnoticias.com.mx\/wp-content\/uploads\/2025\/11\/251126-Congreso-1-1024x683.jpg?ssl=1&w=1280&resize=1280&ssl=1 1280w, https:\/\/i3.wp.com\/www.interaccionnoticias.com.mx\/wp-content\/uploads\/2025\/11\/251126-Congreso-1-1024x683.jpg?ssl=1&w=1600&resize=1600&ssl=1 1600w\" data-id=\"98631\" fifu-data-src=\"https:\/\/i3.wp.com\/www.interaccionnoticias.com.mx\/wp-content\/uploads\/2025\/11\/251126-Congreso-1-1024x683.jpg?ssl=1\" alt=\"\" class=\"wp-image-98631\"\/><\/figure>\n\n\n\n<figure class=\"wp-block-image size-large\"><img decoding=\"async\" src=\"data:image\/gif;base64,R0lGODlhAQABAIAAAAAAAP\/\/\/ywAAAAAAQABAAACAUwAOw==\" fifu-lazy=\"1\" fifu-data-sizes=\"auto\" fifu-data-srcset=\"https:\/\/i2.wp.com\/www.interaccionnoticias.com.mx\/wp-content\/uploads\/2025\/11\/251126-Congreso-3-1024x683.jpg?ssl=1&w=75&resize=75&ssl=1 75w, https:\/\/i2.wp.com\/www.interaccionnoticias.com.mx\/wp-content\/uploads\/2025\/11\/251126-Congreso-3-1024x683.jpg?ssl=1&w=100&resize=100&ssl=1 100w, https:\/\/i2.wp.com\/www.interaccionnoticias.com.mx\/wp-content\/uploads\/2025\/11\/251126-Congreso-3-1024x683.jpg?ssl=1&w=150&resize=150&ssl=1 150w, https:\/\/i2.wp.com\/www.interaccionnoticias.com.mx\/wp-content\/uploads\/2025\/11\/251126-Congreso-3-1024x683.jpg?ssl=1&w=240&resize=240&ssl=1 240w, https:\/\/i2.wp.com\/www.interaccionnoticias.com.mx\/wp-content\/uploads\/2025\/11\/251126-Congreso-3-1024x683.jpg?ssl=1&w=320&resize=320&ssl=1 320w, https:\/\/i2.wp.com\/www.interaccionnoticias.com.mx\/wp-content\/uploads\/2025\/11\/251126-Congreso-3-1024x683.jpg?ssl=1&w=500&resize=500&ssl=1 500w, https:\/\/i2.wp.com\/www.interaccionnoticias.com.mx\/wp-content\/uploads\/2025\/11\/251126-Congreso-3-1024x683.jpg?ssl=1&w=640&resize=640&ssl=1 640w, https:\/\/i2.wp.com\/www.interaccionnoticias.com.mx\/wp-content\/uploads\/2025\/11\/251126-Congreso-3-1024x683.jpg?ssl=1&w=800&resize=800&ssl=1 800w, https:\/\/i2.wp.com\/www.interaccionnoticias.com.mx\/wp-content\/uploads\/2025\/11\/251126-Congreso-3-1024x683.jpg?ssl=1&w=1024&resize=1024&ssl=1 1024w, https:\/\/i2.wp.com\/www.interaccionnoticias.com.mx\/wp-content\/uploads\/2025\/11\/251126-Congreso-3-1024x683.jpg?ssl=1&w=1280&resize=1280&ssl=1 1280w, https:\/\/i2.wp.com\/www.interaccionnoticias.com.mx\/wp-content\/uploads\/2025\/11\/251126-Congreso-3-1024x683.jpg?ssl=1&w=1600&resize=1600&ssl=1 1600w\" data-id=\"98629\" fifu-data-src=\"https:\/\/i2.wp.com\/www.interaccionnoticias.com.mx\/wp-content\/uploads\/2025\/11\/251126-Congreso-3-1024x683.jpg?ssl=1\" alt=\"\" class=\"wp-image-98629\"\/><\/figure>\n<\/figure>\n","protected":false},"excerpt":{"rendered":"<p>&#8212; Ren\u00e9 Vargas sostiene que en cuatro a\u00f1os, 275 mil guerrerenses salieron de la pobreza&#8212; \u00abDurante muchos a\u00f1os m\u00e1s el reto seguir\u00e1 siendo enorme\u00bb, admite el funcionario ante los diputados&#8212;&hellip; <\/p>\n","protected":false},"author":14,"featured_media":98635,"comment_status":"open","ping_status":"open","sticky":false,"template":"","format":"standard","meta":{"fifu_image_url":"https:\/\/www.interaccionnoticias.com.mx\/wp-content\/uploads\/2025\/11\/251126-Erika-Lurhs-Cortes.jpg","fifu_image_alt":"","footnotes":""},"categories":[2],"tags":[],"class_list":["post-98628","post","type-post","status-publish","format-standard","has-post-thumbnail","hentry","category-congreso"],"_links":{"self":[{"href":"https:\/\/www.interaccionnoticias.com.mx\/index.php?rest_route=\/wp\/v2\/posts\/98628","targetHints":{"allow":["GET"]}}],"collection":[{"href":"https:\/\/www.interaccionnoticias.com.mx\/index.php?rest_route=\/wp\/v2\/posts"}],"about":[{"href":"https:\/\/www.interaccionnoticias.com.mx\/index.php?rest_route=\/wp\/v2\/types\/post"}],"author":[{"embeddable":true,"href":"https:\/\/www.interaccionnoticias.com.mx\/index.php?rest_route=\/wp\/v2\/users\/14"}],"replies":[{"embeddable":true,"href":"https:\/\/www.interaccionnoticias.com.mx\/index.php?rest_route=%2Fwp%2Fv2%2Fcomments&post=98628"}],"version-history":[{"count":1,"href":"https:\/\/www.interaccionnoticias.com.mx\/index.php?rest_route=\/wp\/v2\/posts\/98628\/revisions"}],"predecessor-version":[{"id":98634,"href":"https:\/\/www.interaccionnoticias.com.mx\/index.php?rest_route=\/wp\/v2\/posts\/98628\/revisions\/98634"}],"wp:featuredmedia":[{"embeddable":true,"href":"https:\/\/www.interaccionnoticias.com.mx\/index.php?rest_route=\/wp\/v2\/media\/98635"}],"wp:attachment":[{"href":"https:\/\/www.interaccionnoticias.com.mx\/index.php?rest_route=%2Fwp%2Fv2%2Fmedia&parent=98628"}],"wp:term":[{"taxonomy":"category","embeddable":true,"href":"https:\/\/www.interaccionnoticias.com.mx\/index.php?rest_route=%2Fwp%2Fv2%2Fcategories&post=98628"},{"taxonomy":"post_tag","embeddable":true,"href":"https:\/\/www.interaccionnoticias.com.mx\/index.php?rest_route=%2Fwp%2Fv2%2Ftags&post=98628"}],"curies":[{"name":"wp","href":"https:\/\/api.w.org\/{rel}","templated":true}]}}