{"id":98565,"date":"2025-11-25T14:53:00","date_gmt":"2025-11-25T21:53:00","guid":{"rendered":"https:\/\/www.interaccionnoticias.com.mx\/?p=98565"},"modified":"2025-11-25T20:16:58","modified_gmt":"2025-11-26T03:16:58","slug":"a-134-meses-de-los-43-desaparecidos-exigen-continuen-las-investigaciones","status":"publish","type":"post","link":"https:\/\/www.interaccionnoticias.com.mx\/?p=98565","title":{"rendered":"A 134 meses de los 43 desaparecidos exigen contin\u00faen las investigaciones"},"content":{"rendered":"\n<p><strong><em>&#8212; Son normalistas que piden al gobierno dar con la verdad<br>&#8212; \u201dEst\u00e1n muy equivocados vamos a seguir alzando la voz\u201d, dijeron<\/em><\/strong><\/p>\n\n\n\n<p><strong>Javier Trujillo<\/strong><\/p>\n\n\n\n<p><strong>Acapulco, Gro. &#8211; <\/strong>A once a\u00f1os y dos meses normalistas de Ayotzinapa, siguen exigiendo que contin\u00faen las investigaciones y que no desv\u00eden la informaci\u00f3n y que se cumpla con lo que prometieron.<\/p>\n\n\n\n<p>Acusaron que en los gobiernos de Enrique Pe\u00f1a Nieto y Andr\u00e9s Manuel L\u00f3pez Obrador enga\u00f1aron a los familiares de los 43 porque no hubo ning\u00fan avance por lo que exigen la aparici\u00f3n de los 43 normalistas.<\/p>\n\n\n\n<p>\u201cVamos a seguir en pie de lucha, porque hay 43 butacas en nuestra escuela, 43 butacas vac\u00edas, 43 familias que se quedaron sin un padre, sin un hermano, sin un esposo, este gobierno quiere que le demos vuelta a la hoja.<\/p>\n\n\n\n<p>\u201cQuiere que nos olvidemos, quieren que sigan pasando m\u00e1s a\u00f1os, pasando m\u00e1s tiempo, que piensa que solamente lo vamos a olvidar, est\u00e1n muy equivocados, vamos a seguir marchando, alzando la voz y alzando el pu\u00f1o\u201d, dijo uno de los estudiantes que dejaron una corona de flores en el antimonumento.<\/p>\n\n\n\n<p>M\u00e1s tarde se guard\u00f3 un minuto de silencio, frente al Antimonumento, ubicado en la v\u00eda r\u00e1pida y la costera Miguel Alem\u00e1n.<\/p>\n\n\n\n<p>Durante las intervenciones se\u00f1alaron que a los familiares les dieron falsas esperanzas, y en el siguiente sexenio tambi\u00e9n les dieron falsas esperanzas, les dijeron que les iban a dar respuesta y no les dieran nada.<\/p>\n\n\n\n<p>Los normalistas, reprochan que en la llamada verdad hist\u00f3rica les dijeron que hab\u00edan sido quemados en el basurero de Cocula, pero despu\u00e9s result\u00f3 que eso hab\u00eda sido una mentira.<\/p>\n\n\n\n<p>Por lo que remarcaron que al gobierno no le importa resolver este caso, por lo que los padres de familia siguen acompa\u00f1ando a los normalistas desde hace once a\u00f1os, para que no se olvide lo ocurrido el 26 y 27 de septiembre del 2014<\/p>\n\n\n\n<p>Otro de los oradores, enfatiz\u00f3 \u201cbienvenidos a lo que no tiene fin, bienvenidos a la lucha eterna, nosotros le llamamos esperanza, nuevamente los hermanos de los 43, esas personas que siguen exigiendo justicia, que seguimos exigiendo que salga a la luz la verdad\u201d, se\u00f1al\u00f3.<\/p>\n\n\n\n<p>Reiter\u00f3 que han pasado once a\u00f1os y no hay respuesta del paradero de los 43 alumnos de la normal de Ayotzinapa.<\/p>\n\n\n\n<p>Por lo que insisten en que se contin\u00fae con las investigaciones, y sobre todo que no se desv\u00ede la informaci\u00f3n y cumplan lo que prometieron y exigimos la aparici\u00f3n con vida de nuestros camaradas.<\/p>\n\n\n\n<figure class=\"wp-block-gallery has-nested-images columns-default is-cropped wp-block-gallery-1 is-layout-flex wp-block-gallery-is-layout-flex\">\n<figure class=\"wp-block-image size-large\"><img decoding=\"async\" src=\"data:image\/gif;base64,R0lGODlhAQABAIAAAAAAAP\/\/\/ywAAAAAAQABAAACAUwAOw==\" fifu-lazy=\"1\" fifu-data-sizes=\"auto\" fifu-data-srcset=\"https:\/\/i0.wp.com\/www.interaccionnoticias.com.mx\/wp-content\/uploads\/2025\/11\/251125-normalistas-de-Ayotzinapa-3-1024x683.jpg?ssl=1&w=75&resize=75&ssl=1 75w, https:\/\/i0.wp.com\/www.interaccionnoticias.com.mx\/wp-content\/uploads\/2025\/11\/251125-normalistas-de-Ayotzinapa-3-1024x683.jpg?ssl=1&w=100&resize=100&ssl=1 100w, https:\/\/i0.wp.com\/www.interaccionnoticias.com.mx\/wp-content\/uploads\/2025\/11\/251125-normalistas-de-Ayotzinapa-3-1024x683.jpg?ssl=1&w=150&resize=150&ssl=1 150w, https:\/\/i0.wp.com\/www.interaccionnoticias.com.mx\/wp-content\/uploads\/2025\/11\/251125-normalistas-de-Ayotzinapa-3-1024x683.jpg?ssl=1&w=240&resize=240&ssl=1 240w, https:\/\/i0.wp.com\/www.interaccionnoticias.com.mx\/wp-content\/uploads\/2025\/11\/251125-normalistas-de-Ayotzinapa-3-1024x683.jpg?ssl=1&w=320&resize=320&ssl=1 320w, https:\/\/i0.wp.com\/www.interaccionnoticias.com.mx\/wp-content\/uploads\/2025\/11\/251125-normalistas-de-Ayotzinapa-3-1024x683.jpg?ssl=1&w=500&resize=500&ssl=1 500w, https:\/\/i0.wp.com\/www.interaccionnoticias.com.mx\/wp-content\/uploads\/2025\/11\/251125-normalistas-de-Ayotzinapa-3-1024x683.jpg?ssl=1&w=640&resize=640&ssl=1 640w, https:\/\/i0.wp.com\/www.interaccionnoticias.com.mx\/wp-content\/uploads\/2025\/11\/251125-normalistas-de-Ayotzinapa-3-1024x683.jpg?ssl=1&w=800&resize=800&ssl=1 800w, https:\/\/i0.wp.com\/www.interaccionnoticias.com.mx\/wp-content\/uploads\/2025\/11\/251125-normalistas-de-Ayotzinapa-3-1024x683.jpg?ssl=1&w=1024&resize=1024&ssl=1 1024w, https:\/\/i0.wp.com\/www.interaccionnoticias.com.mx\/wp-content\/uploads\/2025\/11\/251125-normalistas-de-Ayotzinapa-3-1024x683.jpg?ssl=1&w=1280&resize=1280&ssl=1 1280w, https:\/\/i0.wp.com\/www.interaccionnoticias.com.mx\/wp-content\/uploads\/2025\/11\/251125-normalistas-de-Ayotzinapa-3-1024x683.jpg?ssl=1&w=1600&resize=1600&ssl=1 1600w\" data-id=\"98567\" fifu-data-src=\"https:\/\/i0.wp.com\/www.interaccionnoticias.com.mx\/wp-content\/uploads\/2025\/11\/251125-normalistas-de-Ayotzinapa-3-1024x683.jpg?ssl=1\" alt=\"\" class=\"wp-image-98567\"\/><\/figure>\n\n\n\n<figure class=\"wp-block-image size-large\"><img decoding=\"async\" src=\"data:image\/gif;base64,R0lGODlhAQABAIAAAAAAAP\/\/\/ywAAAAAAQABAAACAUwAOw==\" fifu-lazy=\"1\" fifu-data-sizes=\"auto\" fifu-data-srcset=\"https:\/\/i2.wp.com\/www.interaccionnoticias.com.mx\/wp-content\/uploads\/2025\/11\/251125-normalistas-de-Ayotzinapa-2-1024x683.jpg?ssl=1&w=75&resize=75&ssl=1 75w, https:\/\/i2.wp.com\/www.interaccionnoticias.com.mx\/wp-content\/uploads\/2025\/11\/251125-normalistas-de-Ayotzinapa-2-1024x683.jpg?ssl=1&w=100&resize=100&ssl=1 100w, https:\/\/i2.wp.com\/www.interaccionnoticias.com.mx\/wp-content\/uploads\/2025\/11\/251125-normalistas-de-Ayotzinapa-2-1024x683.jpg?ssl=1&w=150&resize=150&ssl=1 150w, https:\/\/i2.wp.com\/www.interaccionnoticias.com.mx\/wp-content\/uploads\/2025\/11\/251125-normalistas-de-Ayotzinapa-2-1024x683.jpg?ssl=1&w=240&resize=240&ssl=1 240w, https:\/\/i2.wp.com\/www.interaccionnoticias.com.mx\/wp-content\/uploads\/2025\/11\/251125-normalistas-de-Ayotzinapa-2-1024x683.jpg?ssl=1&w=320&resize=320&ssl=1 320w, https:\/\/i2.wp.com\/www.interaccionnoticias.com.mx\/wp-content\/uploads\/2025\/11\/251125-normalistas-de-Ayotzinapa-2-1024x683.jpg?ssl=1&w=500&resize=500&ssl=1 500w, https:\/\/i2.wp.com\/www.interaccionnoticias.com.mx\/wp-content\/uploads\/2025\/11\/251125-normalistas-de-Ayotzinapa-2-1024x683.jpg?ssl=1&w=640&resize=640&ssl=1 640w, https:\/\/i2.wp.com\/www.interaccionnoticias.com.mx\/wp-content\/uploads\/2025\/11\/251125-normalistas-de-Ayotzinapa-2-1024x683.jpg?ssl=1&w=800&resize=800&ssl=1 800w, https:\/\/i2.wp.com\/www.interaccionnoticias.com.mx\/wp-content\/uploads\/2025\/11\/251125-normalistas-de-Ayotzinapa-2-1024x683.jpg?ssl=1&w=1024&resize=1024&ssl=1 1024w, https:\/\/i2.wp.com\/www.interaccionnoticias.com.mx\/wp-content\/uploads\/2025\/11\/251125-normalistas-de-Ayotzinapa-2-1024x683.jpg?ssl=1&w=1280&resize=1280&ssl=1 1280w, https:\/\/i2.wp.com\/www.interaccionnoticias.com.mx\/wp-content\/uploads\/2025\/11\/251125-normalistas-de-Ayotzinapa-2-1024x683.jpg?ssl=1&w=1600&resize=1600&ssl=1 1600w\" data-id=\"98569\" fifu-data-src=\"https:\/\/i2.wp.com\/www.interaccionnoticias.com.mx\/wp-content\/uploads\/2025\/11\/251125-normalistas-de-Ayotzinapa-2-1024x683.jpg?ssl=1\" alt=\"\" class=\"wp-image-98569\"\/><\/figure>\n\n\n\n<figure class=\"wp-block-image size-large\"><img decoding=\"async\" src=\"data:image\/gif;base64,R0lGODlhAQABAIAAAAAAAP\/\/\/ywAAAAAAQABAAACAUwAOw==\" fifu-lazy=\"1\" fifu-data-sizes=\"auto\" fifu-data-srcset=\"https:\/\/i0.wp.com\/www.interaccionnoticias.com.mx\/wp-content\/uploads\/2025\/11\/251125-normalistas-de-Ayotzinapa-4-1024x683.jpg?ssl=1&w=75&resize=75&ssl=1 75w, https:\/\/i0.wp.com\/www.interaccionnoticias.com.mx\/wp-content\/uploads\/2025\/11\/251125-normalistas-de-Ayotzinapa-4-1024x683.jpg?ssl=1&w=100&resize=100&ssl=1 100w, https:\/\/i0.wp.com\/www.interaccionnoticias.com.mx\/wp-content\/uploads\/2025\/11\/251125-normalistas-de-Ayotzinapa-4-1024x683.jpg?ssl=1&w=150&resize=150&ssl=1 150w, https:\/\/i0.wp.com\/www.interaccionnoticias.com.mx\/wp-content\/uploads\/2025\/11\/251125-normalistas-de-Ayotzinapa-4-1024x683.jpg?ssl=1&w=240&resize=240&ssl=1 240w, https:\/\/i0.wp.com\/www.interaccionnoticias.com.mx\/wp-content\/uploads\/2025\/11\/251125-normalistas-de-Ayotzinapa-4-1024x683.jpg?ssl=1&w=320&resize=320&ssl=1 320w, https:\/\/i0.wp.com\/www.interaccionnoticias.com.mx\/wp-content\/uploads\/2025\/11\/251125-normalistas-de-Ayotzinapa-4-1024x683.jpg?ssl=1&w=500&resize=500&ssl=1 500w, https:\/\/i0.wp.com\/www.interaccionnoticias.com.mx\/wp-content\/uploads\/2025\/11\/251125-normalistas-de-Ayotzinapa-4-1024x683.jpg?ssl=1&w=640&resize=640&ssl=1 640w, https:\/\/i0.wp.com\/www.interaccionnoticias.com.mx\/wp-content\/uploads\/2025\/11\/251125-normalistas-de-Ayotzinapa-4-1024x683.jpg?ssl=1&w=800&resize=800&ssl=1 800w, https:\/\/i0.wp.com\/www.interaccionnoticias.com.mx\/wp-content\/uploads\/2025\/11\/251125-normalistas-de-Ayotzinapa-4-1024x683.jpg?ssl=1&w=1024&resize=1024&ssl=1 1024w, https:\/\/i0.wp.com\/www.interaccionnoticias.com.mx\/wp-content\/uploads\/2025\/11\/251125-normalistas-de-Ayotzinapa-4-1024x683.jpg?ssl=1&w=1280&resize=1280&ssl=1 1280w, https:\/\/i0.wp.com\/www.interaccionnoticias.com.mx\/wp-content\/uploads\/2025\/11\/251125-normalistas-de-Ayotzinapa-4-1024x683.jpg?ssl=1&w=1600&resize=1600&ssl=1 1600w\" data-id=\"98566\" fifu-data-src=\"https:\/\/i0.wp.com\/www.interaccionnoticias.com.mx\/wp-content\/uploads\/2025\/11\/251125-normalistas-de-Ayotzinapa-4-1024x683.jpg?ssl=1\" alt=\"\" class=\"wp-image-98566\"\/><\/figure>\n\n\n\n<figure class=\"wp-block-image size-large\"><img decoding=\"async\" src=\"data:image\/gif;base64,R0lGODlhAQABAIAAAAAAAP\/\/\/ywAAAAAAQABAAACAUwAOw==\" fifu-lazy=\"1\" fifu-data-sizes=\"auto\" fifu-data-srcset=\"https:\/\/i1.wp.com\/www.interaccionnoticias.com.mx\/wp-content\/uploads\/2025\/11\/251125-normalistas-de-Ayotzinapa-1-1024x683.jpg?ssl=1&w=75&resize=75&ssl=1 75w, https:\/\/i1.wp.com\/www.interaccionnoticias.com.mx\/wp-content\/uploads\/2025\/11\/251125-normalistas-de-Ayotzinapa-1-1024x683.jpg?ssl=1&w=100&resize=100&ssl=1 100w, https:\/\/i1.wp.com\/www.interaccionnoticias.com.mx\/wp-content\/uploads\/2025\/11\/251125-normalistas-de-Ayotzinapa-1-1024x683.jpg?ssl=1&w=150&resize=150&ssl=1 150w, https:\/\/i1.wp.com\/www.interaccionnoticias.com.mx\/wp-content\/uploads\/2025\/11\/251125-normalistas-de-Ayotzinapa-1-1024x683.jpg?ssl=1&w=240&resize=240&ssl=1 240w, https:\/\/i1.wp.com\/www.interaccionnoticias.com.mx\/wp-content\/uploads\/2025\/11\/251125-normalistas-de-Ayotzinapa-1-1024x683.jpg?ssl=1&w=320&resize=320&ssl=1 320w, https:\/\/i1.wp.com\/www.interaccionnoticias.com.mx\/wp-content\/uploads\/2025\/11\/251125-normalistas-de-Ayotzinapa-1-1024x683.jpg?ssl=1&w=500&resize=500&ssl=1 500w, https:\/\/i1.wp.com\/www.interaccionnoticias.com.mx\/wp-content\/uploads\/2025\/11\/251125-normalistas-de-Ayotzinapa-1-1024x683.jpg?ssl=1&w=640&resize=640&ssl=1 640w, https:\/\/i1.wp.com\/www.interaccionnoticias.com.mx\/wp-content\/uploads\/2025\/11\/251125-normalistas-de-Ayotzinapa-1-1024x683.jpg?ssl=1&w=800&resize=800&ssl=1 800w, https:\/\/i1.wp.com\/www.interaccionnoticias.com.mx\/wp-content\/uploads\/2025\/11\/251125-normalistas-de-Ayotzinapa-1-1024x683.jpg?ssl=1&w=1024&resize=1024&ssl=1 1024w, https:\/\/i1.wp.com\/www.interaccionnoticias.com.mx\/wp-content\/uploads\/2025\/11\/251125-normalistas-de-Ayotzinapa-1-1024x683.jpg?ssl=1&w=1280&resize=1280&ssl=1 1280w, https:\/\/i1.wp.com\/www.interaccionnoticias.com.mx\/wp-content\/uploads\/2025\/11\/251125-normalistas-de-Ayotzinapa-1-1024x683.jpg?ssl=1&w=1600&resize=1600&ssl=1 1600w\" data-id=\"98570\" fifu-data-src=\"https:\/\/i1.wp.com\/www.interaccionnoticias.com.mx\/wp-content\/uploads\/2025\/11\/251125-normalistas-de-Ayotzinapa-1-1024x683.jpg?ssl=1\" alt=\"\" class=\"wp-image-98570\"\/><\/figure>\n\n\n\n<figure class=\"wp-block-image size-large\"><img decoding=\"async\" src=\"data:image\/gif;base64,R0lGODlhAQABAIAAAAAAAP\/\/\/ywAAAAAAQABAAACAUwAOw==\" fifu-lazy=\"1\" fifu-data-sizes=\"auto\" fifu-data-srcset=\"https:\/\/i2.wp.com\/www.interaccionnoticias.com.mx\/wp-content\/uploads\/2025\/11\/251125-normalistas-de-Ayotzinapa-5-1024x683.jpg?ssl=1&w=75&resize=75&ssl=1 75w, https:\/\/i2.wp.com\/www.interaccionnoticias.com.mx\/wp-content\/uploads\/2025\/11\/251125-normalistas-de-Ayotzinapa-5-1024x683.jpg?ssl=1&w=100&resize=100&ssl=1 100w, https:\/\/i2.wp.com\/www.interaccionnoticias.com.mx\/wp-content\/uploads\/2025\/11\/251125-normalistas-de-Ayotzinapa-5-1024x683.jpg?ssl=1&w=150&resize=150&ssl=1 150w, https:\/\/i2.wp.com\/www.interaccionnoticias.com.mx\/wp-content\/uploads\/2025\/11\/251125-normalistas-de-Ayotzinapa-5-1024x683.jpg?ssl=1&w=240&resize=240&ssl=1 240w, https:\/\/i2.wp.com\/www.interaccionnoticias.com.mx\/wp-content\/uploads\/2025\/11\/251125-normalistas-de-Ayotzinapa-5-1024x683.jpg?ssl=1&w=320&resize=320&ssl=1 320w, https:\/\/i2.wp.com\/www.interaccionnoticias.com.mx\/wp-content\/uploads\/2025\/11\/251125-normalistas-de-Ayotzinapa-5-1024x683.jpg?ssl=1&w=500&resize=500&ssl=1 500w, https:\/\/i2.wp.com\/www.interaccionnoticias.com.mx\/wp-content\/uploads\/2025\/11\/251125-normalistas-de-Ayotzinapa-5-1024x683.jpg?ssl=1&w=640&resize=640&ssl=1 640w, https:\/\/i2.wp.com\/www.interaccionnoticias.com.mx\/wp-content\/uploads\/2025\/11\/251125-normalistas-de-Ayotzinapa-5-1024x683.jpg?ssl=1&w=800&resize=800&ssl=1 800w, https:\/\/i2.wp.com\/www.interaccionnoticias.com.mx\/wp-content\/uploads\/2025\/11\/251125-normalistas-de-Ayotzinapa-5-1024x683.jpg?ssl=1&w=1024&resize=1024&ssl=1 1024w, https:\/\/i2.wp.com\/www.interaccionnoticias.com.mx\/wp-content\/uploads\/2025\/11\/251125-normalistas-de-Ayotzinapa-5-1024x683.jpg?ssl=1&w=1280&resize=1280&ssl=1 1280w, https:\/\/i2.wp.com\/www.interaccionnoticias.com.mx\/wp-content\/uploads\/2025\/11\/251125-normalistas-de-Ayotzinapa-5-1024x683.jpg?ssl=1&w=1600&resize=1600&ssl=1 1600w\" data-id=\"98568\" fifu-data-src=\"https:\/\/i2.wp.com\/www.interaccionnoticias.com.mx\/wp-content\/uploads\/2025\/11\/251125-normalistas-de-Ayotzinapa-5-1024x683.jpg?ssl=1\" alt=\"\" class=\"wp-image-98568\"\/><\/figure>\n<\/figure>\n","protected":false},"excerpt":{"rendered":"<p>&#8212; Son normalistas que piden al gobierno dar con la verdad&#8212; \u201dEst\u00e1n muy equivocados vamos a seguir alzando la voz\u201d, dijeron Javier Trujillo Acapulco, Gro. &#8211; A once a\u00f1os y&hellip; <\/p>\n","protected":false},"author":3,"featured_media":98572,"comment_status":"open","ping_status":"open","sticky":false,"template":"","format":"standard","meta":{"fifu_image_url":"https:\/\/www.interaccionnoticias.com.mx\/wp-content\/uploads\/2025\/11\/251125-normalistas-de-Ayotzinapa-3.jpg","fifu_image_alt":"","footnotes":""},"categories":[15],"tags":[],"class_list":["post-98565","post","type-post","status-publish","format-standard","has-post-thumbnail","hentry","category-movimientos-sociales"],"_links":{"self":[{"href":"https:\/\/www.interaccionnoticias.com.mx\/index.php?rest_route=\/wp\/v2\/posts\/98565","targetHints":{"allow":["GET"]}}],"collection":[{"href":"https:\/\/www.interaccionnoticias.com.mx\/index.php?rest_route=\/wp\/v2\/posts"}],"about":[{"href":"https:\/\/www.interaccionnoticias.com.mx\/index.php?rest_route=\/wp\/v2\/types\/post"}],"author":[{"embeddable":true,"href":"https:\/\/www.interaccionnoticias.com.mx\/index.php?rest_route=\/wp\/v2\/users\/3"}],"replies":[{"embeddable":true,"href":"https:\/\/www.interaccionnoticias.com.mx\/index.php?rest_route=%2Fwp%2Fv2%2Fcomments&post=98565"}],"version-history":[{"count":1,"href":"https:\/\/www.interaccionnoticias.com.mx\/index.php?rest_route=\/wp\/v2\/posts\/98565\/revisions"}],"predecessor-version":[{"id":98571,"href":"https:\/\/www.interaccionnoticias.com.mx\/index.php?rest_route=\/wp\/v2\/posts\/98565\/revisions\/98571"}],"wp:featuredmedia":[{"embeddable":true,"href":"https:\/\/www.interaccionnoticias.com.mx\/index.php?rest_route=\/wp\/v2\/media\/98572"}],"wp:attachment":[{"href":"https:\/\/www.interaccionnoticias.com.mx\/index.php?rest_route=%2Fwp%2Fv2%2Fmedia&parent=98565"}],"wp:term":[{"taxonomy":"category","embeddable":true,"href":"https:\/\/www.interaccionnoticias.com.mx\/index.php?rest_route=%2Fwp%2Fv2%2Fcategories&post=98565"},{"taxonomy":"post_tag","embeddable":true,"href":"https:\/\/www.interaccionnoticias.com.mx\/index.php?rest_route=%2Fwp%2Fv2%2Ftags&post=98565"}],"curies":[{"name":"wp","href":"https:\/\/api.w.org\/{rel}","templated":true}]}}