{"id":98546,"date":"2025-11-25T19:49:06","date_gmt":"2025-11-26T02:49:06","guid":{"rendered":"https:\/\/www.interaccionnoticias.com.mx\/?p=98546"},"modified":"2025-11-25T19:58:17","modified_gmt":"2025-11-26T02:58:17","slug":"la-transicion-hacia-el-imss-bienestar-ha-costado-miles-de-vidas-reprochan-diputadas-a-la-secretaria-de-salud-guerrero","status":"publish","type":"post","link":"https:\/\/www.interaccionnoticias.com.mx\/?p=98546","title":{"rendered":"La transici\u00f3n hacia el IMSS-Bienestar ha costado miles de vidas, reprochan diputadas a la secretaria de Salud Guerrero"},"content":{"rendered":"\n<p><strong><em>&#8212; La doctora Alondra Garc\u00eda Carbajal reconoce en su comparecencia, que la federalizaci\u00f3n ha provocado serios problemas en materia de operatividad<br>&#8212; Aclara que sus comentarios son a titulo personal, pero admite que apenas se est\u00e1 a la mitad del proceso<br>&#8212; El costo final lo est\u00e1 pagando la poblaci\u00f3n, sostienen Erika Luhrs del MC y Beatriz V\u00e9lez del PRI<\/em><\/strong><\/p>\n\n\n\n<p><strong>Rogelio Agust\u00edn<\/strong><\/p>\n\n\n\n<p>En su comparecencia ante el pleno del Congreso local, la titular de la Secretar\u00eda de Salud, Alondra Garc\u00eda Carbajal reconoci\u00f3 que la transici\u00f3n hacia el IMSS-Bienestar ha provocado serias complicaciones en materia de operatividad, lo que diputadas de oposici\u00f3n del Movimiento Ciudadano (MC) y del PRI le se\u00f1alaron que \u201cest\u00e1 costando vidas\u201d.<\/p>\n\n\n\n<p>En el segundo d\u00eda de comparecencias en la sede del Poder legislativo local, el cierre de jornada toc\u00f3 a la titular del sector salud, quien precis\u00f3 que a titulo personal, admit\u00eda que no hubo una adecuada divisi\u00f3n del proceso de federalizaci\u00f3n del sector, tanto en lo legal-administrativo como en lo operativo.<\/p>\n\n\n\n<p>Tras la exposici\u00f3n, la primera legisladora que cuestion\u00f3 el dif\u00edcil proceso que se vive a partir del paso de Secretar\u00eda de Salud Guerrero a IMSS-Bienestar, ya que los costos los est\u00e1 pagando la poblaci\u00f3n.<\/p>\n\n\n\n<p>\u201cLa verdad es que no estamos como quisi\u00e9ramos\u201d, dijo en una de sus conclusiones la representante popular del movimiento naranja.<\/p>\n\n\n\n<p>Record\u00f3 que en el inicio de la administraci\u00f3n del ex presidente Andr\u00e9s Manuel L\u00f3pez Obrador, se dec\u00eda que el Seguro Popular que dej\u00f3 Enrique Pe\u00f1a Nieto \u201cNi era seguro, ni era popular\u201d, por lo que en tono sarc\u00e1stico asest\u00f3: \u201cpues su famoso IMSS no es bienestar\u201d.<\/p>\n\n\n\n<p>Dijo que pasar a IMSS-Bienestar no ha representado ninguna ganancia para el estado de Guerrero, pues \u201cle dieron en la torre a uno de los edificios emblem\u00e1ticos del puerto de Acapulco para construir una cl\u00ednica del ISSSTE que est\u00e1 como elefante blanco, en donde son selectivos con las consultas que se otorgan y no es hasta el momento una opci\u00f3n viable para la atenci\u00f3n de los beneficiarios\u201d.<\/p>\n\n\n\n<p>Lament\u00f3 que para 2026 se hable ya de un recorte al presupuesto del Sector Salud Guerrero, ya que habr\u00e1 una reasignaci\u00f3n de recursos al ISSSTE.<\/p>\n\n\n\n<p>Sostuvo que en los hechos, el proceso de federalizaci\u00f3n est\u00e1 desmantelando una Secretar\u00eda de Salud que cost\u00f3 muchos a\u00f1os construir, lo que representa una mala paga al trabajo desplegado por una gran cantidad de m\u00e9dicos, especialistas, enfermeras y de todo el personal que est\u00e1 en la incertidumbre.<\/p>\n\n\n\n<p>Luhrs Cort\u00e9s sostuvo que la transici\u00f3n de la Secretar\u00eda de Salud Guerrero hacia IMSS-Bienestar, de manera indeseable est\u00e1 costando muchas vidas.<\/p>\n\n\n\n<p><strong>El retroceso es hist\u00f3rico<\/strong><\/p>\n\n\n\n<p>La secretaria general de la secci\u00f3n XXXVI del Sindicato Nacional de Trabajadores de la Secretar\u00eda de Salud, Beatriz V\u00e9lez N\u00fa\u00f1ez, quien forma parte del Grupo Parlamentario del PRI, consider\u00f3 que el retroceso que se vive en materia de Salud se puede considerar como hist\u00f3rico.<\/p>\n\n\n\n<p>Indic\u00f3: \u201cLa transici\u00f3n de la Secretar\u00eda de Salud Guerrero a IMSS-Bienestar ha provocado un profundo hueco en materia de salud porque hay un mal funcionamiento operativo\u201d.<\/p>\n\n\n\n<p>Asegur\u00f3 que la transferencia de 983 centros de Salud, 14 hospitales generales, 25 hospitales b\u00e1sicos, 2 materno infantil y dos institutos representa desaf\u00edos como el desabasto de insumos y la carencia de medicamentos.<\/p>\n\n\n\n<p>Con las atribuciones que ha perdido la Secretar\u00eda de Salud Guerrero, dijo que se ha convertido en una entidad administrativa, que ya carece de una capacidad operativa real.<\/p>\n\n\n\n<p>A partir de que el IMSS-Bienestar arranc\u00f3 mal, dijo que \u201ccomenzaron problemas que han provocado la muerte de miles de pacientes\u201d.<\/p>\n\n\n\n<p>Asegur\u00f3 que el IMSS-Bienestar ha estado mejorando poco a poco, en un esquema de error-ensayo, lo que ha provocado muchas complicaciones que han reca\u00eddo principalmente sobre los usuarios.<\/p>\n\n\n\n<p>Consider\u00f3 importante que la funcionaria se\u00f1alara en que momento la Secretar\u00eda de Salud perdi\u00f3 la capacidad operativa sobre sus propios hospitales y centros de salud, pero adem\u00e1s, solicit\u00f3 que se diga que acciones se consideran para poder recuperar la rector\u00eda del sector.<\/p>\n\n\n\n<p><strong>Reconoce que no hubo una planeaci\u00f3n correcta<\/strong><\/p>\n\n\n\n<p>En la oportunidad de responder, la secretaria de Salud precis\u00f3 que los comentarios sobre la transici\u00f3n los har\u00eda de manera personal, porque adem\u00e1s en ese temor se plante\u00f3 la interrogante: \u201cpienso que la transici\u00f3n es parte de un proceso que se est\u00e1 generando y que a\u00fan va a llevar su tiempo\u201d.<\/p>\n\n\n\n<p>Consider\u00f3 un error no sistematizar de manera anticipadamente todo lo que se tenia que visibilizar, para permitir que el proceso de federalizaci\u00f3n no perjudicara a los usuarios.<\/p>\n\n\n\n<p>\u201cTuvo que haber un an\u00e1lisis y separarla transici\u00f3n de la parte administrativa-legal de la operativa\u201d, anot\u00f3.<\/p>\n\n\n\n<p>Lo anterior, porque la parte administrativa-legal de la transici\u00f3n hacia el IMSS-Bienestar, en el caso de Guerrero est\u00e1 avanzando muy bien.<\/p>\n\n\n\n<p>En lo que reconoci\u00f3 que existen estragos es en la parte operativa, porque entre otras cosas, se cuenta con un cuerpo de gobierno que todav\u00eda no tiene toda la capacidad.<\/p>\n\n\n\n<p>A manera de ejemplo, refiri\u00f3 que hay problemas muy concretos, como el no saber quien lleva la batuta; el jefe jurisdiccional de la Secretar\u00eda de Salud o el coordinador regional del IMSS-Bienestar.<\/p>\n\n\n\n<p>Admiti\u00f3: \u201cSe debi\u00f3 tener un orden que no incida en la atenci\u00f3n de los servicios de salud hacia los usuarios\u201d.<\/p>\n\n\n\n<p>Luego, reconoci\u00f3 que apenas se est\u00e1 \u201cen el medio\u201d del proceso de transici\u00f3n, aunque se espera que a partir de 2026 la situaci\u00f3n mejore.<\/p>\n\n\n\n<p>Pese a las cr\u00edticas plateadas, los y las representantes populares de todos los partidos pol\u00edticos reconocieron el trabajo desempe\u00f1ado por la funcionaria compareciente, pese al momento complicado en que asumi\u00f3 el cargo.<\/p>\n\n\n\n<figure class=\"wp-block-gallery has-nested-images columns-default is-cropped wp-block-gallery-1 is-layout-flex wp-block-gallery-is-layout-flex\">\n<figure class=\"wp-block-image size-large\"><img decoding=\"async\" src=\"data:image\/gif;base64,R0lGODlhAQABAIAAAAAAAP\/\/\/ywAAAAAAQABAAACAUwAOw==\" fifu-lazy=\"1\" fifu-data-sizes=\"auto\" fifu-data-srcset=\"https:\/\/i2.wp.com\/www.interaccionnoticias.com.mx\/wp-content\/uploads\/2025\/11\/251125-Beatriz-Velez-Nunez-1024x683.jpg?ssl=1&w=75&resize=75&ssl=1 75w, https:\/\/i2.wp.com\/www.interaccionnoticias.com.mx\/wp-content\/uploads\/2025\/11\/251125-Beatriz-Velez-Nunez-1024x683.jpg?ssl=1&w=100&resize=100&ssl=1 100w, https:\/\/i2.wp.com\/www.interaccionnoticias.com.mx\/wp-content\/uploads\/2025\/11\/251125-Beatriz-Velez-Nunez-1024x683.jpg?ssl=1&w=150&resize=150&ssl=1 150w, https:\/\/i2.wp.com\/www.interaccionnoticias.com.mx\/wp-content\/uploads\/2025\/11\/251125-Beatriz-Velez-Nunez-1024x683.jpg?ssl=1&w=240&resize=240&ssl=1 240w, https:\/\/i2.wp.com\/www.interaccionnoticias.com.mx\/wp-content\/uploads\/2025\/11\/251125-Beatriz-Velez-Nunez-1024x683.jpg?ssl=1&w=320&resize=320&ssl=1 320w, https:\/\/i2.wp.com\/www.interaccionnoticias.com.mx\/wp-content\/uploads\/2025\/11\/251125-Beatriz-Velez-Nunez-1024x683.jpg?ssl=1&w=500&resize=500&ssl=1 500w, https:\/\/i2.wp.com\/www.interaccionnoticias.com.mx\/wp-content\/uploads\/2025\/11\/251125-Beatriz-Velez-Nunez-1024x683.jpg?ssl=1&w=640&resize=640&ssl=1 640w, https:\/\/i2.wp.com\/www.interaccionnoticias.com.mx\/wp-content\/uploads\/2025\/11\/251125-Beatriz-Velez-Nunez-1024x683.jpg?ssl=1&w=800&resize=800&ssl=1 800w, https:\/\/i2.wp.com\/www.interaccionnoticias.com.mx\/wp-content\/uploads\/2025\/11\/251125-Beatriz-Velez-Nunez-1024x683.jpg?ssl=1&w=1024&resize=1024&ssl=1 1024w, https:\/\/i2.wp.com\/www.interaccionnoticias.com.mx\/wp-content\/uploads\/2025\/11\/251125-Beatriz-Velez-Nunez-1024x683.jpg?ssl=1&w=1280&resize=1280&ssl=1 1280w, https:\/\/i2.wp.com\/www.interaccionnoticias.com.mx\/wp-content\/uploads\/2025\/11\/251125-Beatriz-Velez-Nunez-1024x683.jpg?ssl=1&w=1600&resize=1600&ssl=1 1600w\" data-id=\"98557\" fifu-data-src=\"https:\/\/i2.wp.com\/www.interaccionnoticias.com.mx\/wp-content\/uploads\/2025\/11\/251125-Beatriz-Velez-Nunez-1024x683.jpg?ssl=1\" alt=\"\" class=\"wp-image-98557\"\/><\/figure>\n\n\n\n<figure class=\"wp-block-image size-large\"><img decoding=\"async\" src=\"data:image\/gif;base64,R0lGODlhAQABAIAAAAAAAP\/\/\/ywAAAAAAQABAAACAUwAOw==\" fifu-lazy=\"1\" fifu-data-sizes=\"auto\" fifu-data-srcset=\"https:\/\/i0.wp.com\/www.interaccionnoticias.com.mx\/wp-content\/uploads\/2025\/11\/251125-Erika-Lurs-1024x683.jpg?ssl=1&w=75&resize=75&ssl=1 75w, https:\/\/i0.wp.com\/www.interaccionnoticias.com.mx\/wp-content\/uploads\/2025\/11\/251125-Erika-Lurs-1024x683.jpg?ssl=1&w=100&resize=100&ssl=1 100w, https:\/\/i0.wp.com\/www.interaccionnoticias.com.mx\/wp-content\/uploads\/2025\/11\/251125-Erika-Lurs-1024x683.jpg?ssl=1&w=150&resize=150&ssl=1 150w, https:\/\/i0.wp.com\/www.interaccionnoticias.com.mx\/wp-content\/uploads\/2025\/11\/251125-Erika-Lurs-1024x683.jpg?ssl=1&w=240&resize=240&ssl=1 240w, https:\/\/i0.wp.com\/www.interaccionnoticias.com.mx\/wp-content\/uploads\/2025\/11\/251125-Erika-Lurs-1024x683.jpg?ssl=1&w=320&resize=320&ssl=1 320w, https:\/\/i0.wp.com\/www.interaccionnoticias.com.mx\/wp-content\/uploads\/2025\/11\/251125-Erika-Lurs-1024x683.jpg?ssl=1&w=500&resize=500&ssl=1 500w, https:\/\/i0.wp.com\/www.interaccionnoticias.com.mx\/wp-content\/uploads\/2025\/11\/251125-Erika-Lurs-1024x683.jpg?ssl=1&w=640&resize=640&ssl=1 640w, https:\/\/i0.wp.com\/www.interaccionnoticias.com.mx\/wp-content\/uploads\/2025\/11\/251125-Erika-Lurs-1024x683.jpg?ssl=1&w=800&resize=800&ssl=1 800w, https:\/\/i0.wp.com\/www.interaccionnoticias.com.mx\/wp-content\/uploads\/2025\/11\/251125-Erika-Lurs-1024x683.jpg?ssl=1&w=1024&resize=1024&ssl=1 1024w, https:\/\/i0.wp.com\/www.interaccionnoticias.com.mx\/wp-content\/uploads\/2025\/11\/251125-Erika-Lurs-1024x683.jpg?ssl=1&w=1280&resize=1280&ssl=1 1280w, https:\/\/i0.wp.com\/www.interaccionnoticias.com.mx\/wp-content\/uploads\/2025\/11\/251125-Erika-Lurs-1024x683.jpg?ssl=1&w=1600&resize=1600&ssl=1 1600w\" data-id=\"98558\" fifu-data-src=\"https:\/\/i0.wp.com\/www.interaccionnoticias.com.mx\/wp-content\/uploads\/2025\/11\/251125-Erika-Lurs-1024x683.jpg?ssl=1\" alt=\"\" class=\"wp-image-98558\"\/><\/figure>\n\n\n\n<figure class=\"wp-block-image size-large\"><img decoding=\"async\" src=\"data:image\/gif;base64,R0lGODlhAQABAIAAAAAAAP\/\/\/ywAAAAAAQABAAACAUwAOw==\" fifu-lazy=\"1\" fifu-data-sizes=\"auto\" fifu-data-srcset=\"https:\/\/i3.wp.com\/www.interaccionnoticias.com.mx\/wp-content\/uploads\/2025\/11\/251125-Alondra-Garcia-Carbajal-1-1024x683.jpg?ssl=1&w=75&resize=75&ssl=1 75w, https:\/\/i3.wp.com\/www.interaccionnoticias.com.mx\/wp-content\/uploads\/2025\/11\/251125-Alondra-Garcia-Carbajal-1-1024x683.jpg?ssl=1&w=100&resize=100&ssl=1 100w, https:\/\/i3.wp.com\/www.interaccionnoticias.com.mx\/wp-content\/uploads\/2025\/11\/251125-Alondra-Garcia-Carbajal-1-1024x683.jpg?ssl=1&w=150&resize=150&ssl=1 150w, https:\/\/i3.wp.com\/www.interaccionnoticias.com.mx\/wp-content\/uploads\/2025\/11\/251125-Alondra-Garcia-Carbajal-1-1024x683.jpg?ssl=1&w=240&resize=240&ssl=1 240w, https:\/\/i3.wp.com\/www.interaccionnoticias.com.mx\/wp-content\/uploads\/2025\/11\/251125-Alondra-Garcia-Carbajal-1-1024x683.jpg?ssl=1&w=320&resize=320&ssl=1 320w, https:\/\/i3.wp.com\/www.interaccionnoticias.com.mx\/wp-content\/uploads\/2025\/11\/251125-Alondra-Garcia-Carbajal-1-1024x683.jpg?ssl=1&w=500&resize=500&ssl=1 500w, https:\/\/i3.wp.com\/www.interaccionnoticias.com.mx\/wp-content\/uploads\/2025\/11\/251125-Alondra-Garcia-Carbajal-1-1024x683.jpg?ssl=1&w=640&resize=640&ssl=1 640w, https:\/\/i3.wp.com\/www.interaccionnoticias.com.mx\/wp-content\/uploads\/2025\/11\/251125-Alondra-Garcia-Carbajal-1-1024x683.jpg?ssl=1&w=800&resize=800&ssl=1 800w, https:\/\/i3.wp.com\/www.interaccionnoticias.com.mx\/wp-content\/uploads\/2025\/11\/251125-Alondra-Garcia-Carbajal-1-1024x683.jpg?ssl=1&w=1024&resize=1024&ssl=1 1024w, https:\/\/i3.wp.com\/www.interaccionnoticias.com.mx\/wp-content\/uploads\/2025\/11\/251125-Alondra-Garcia-Carbajal-1-1024x683.jpg?ssl=1&w=1280&resize=1280&ssl=1 1280w, https:\/\/i3.wp.com\/www.interaccionnoticias.com.mx\/wp-content\/uploads\/2025\/11\/251125-Alondra-Garcia-Carbajal-1-1024x683.jpg?ssl=1&w=1600&resize=1600&ssl=1 1600w\" data-id=\"98549\" fifu-data-src=\"https:\/\/i3.wp.com\/www.interaccionnoticias.com.mx\/wp-content\/uploads\/2025\/11\/251125-Alondra-Garcia-Carbajal-1-1024x683.jpg?ssl=1\" alt=\"\" class=\"wp-image-98549\"\/><\/figure>\n<\/figure>\n","protected":false},"excerpt":{"rendered":"<p>&#8212; La doctora Alondra Garc\u00eda Carbajal reconoce en su comparecencia, que la federalizaci\u00f3n ha provocado serios problemas en materia de operatividad&#8212; Aclara que sus comentarios son a titulo personal, pero&hellip; <\/p>\n","protected":false},"author":21,"featured_media":98551,"comment_status":"open","ping_status":"open","sticky":false,"template":"","format":"standard","meta":{"fifu_image_url":"https:\/\/www.interaccionnoticias.com.mx\/wp-content\/uploads\/2025\/11\/251125-Alondra-Garcia-Carbajal-1.jpg","fifu_image_alt":"","footnotes":""},"categories":[2],"tags":[],"class_list":["post-98546","post","type-post","status-publish","format-standard","has-post-thumbnail","hentry","category-congreso"],"_links":{"self":[{"href":"https:\/\/www.interaccionnoticias.com.mx\/index.php?rest_route=\/wp\/v2\/posts\/98546","targetHints":{"allow":["GET"]}}],"collection":[{"href":"https:\/\/www.interaccionnoticias.com.mx\/index.php?rest_route=\/wp\/v2\/posts"}],"about":[{"href":"https:\/\/www.interaccionnoticias.com.mx\/index.php?rest_route=\/wp\/v2\/types\/post"}],"author":[{"embeddable":true,"href":"https:\/\/www.interaccionnoticias.com.mx\/index.php?rest_route=\/wp\/v2\/users\/21"}],"replies":[{"embeddable":true,"href":"https:\/\/www.interaccionnoticias.com.mx\/index.php?rest_route=%2Fwp%2Fv2%2Fcomments&post=98546"}],"version-history":[{"count":2,"href":"https:\/\/www.interaccionnoticias.com.mx\/index.php?rest_route=\/wp\/v2\/posts\/98546\/revisions"}],"predecessor-version":[{"id":98559,"href":"https:\/\/www.interaccionnoticias.com.mx\/index.php?rest_route=\/wp\/v2\/posts\/98546\/revisions\/98559"}],"wp:featuredmedia":[{"embeddable":true,"href":"https:\/\/www.interaccionnoticias.com.mx\/index.php?rest_route=\/wp\/v2\/media\/98551"}],"wp:attachment":[{"href":"https:\/\/www.interaccionnoticias.com.mx\/index.php?rest_route=%2Fwp%2Fv2%2Fmedia&parent=98546"}],"wp:term":[{"taxonomy":"category","embeddable":true,"href":"https:\/\/www.interaccionnoticias.com.mx\/index.php?rest_route=%2Fwp%2Fv2%2Fcategories&post=98546"},{"taxonomy":"post_tag","embeddable":true,"href":"https:\/\/www.interaccionnoticias.com.mx\/index.php?rest_route=%2Fwp%2Fv2%2Ftags&post=98546"}],"curies":[{"name":"wp","href":"https:\/\/api.w.org\/{rel}","templated":true}]}}