{"id":98537,"date":"2025-11-25T13:55:36","date_gmt":"2025-11-25T20:55:36","guid":{"rendered":"https:\/\/www.interaccionnoticias.com.mx\/?p=98537"},"modified":"2025-11-25T13:55:37","modified_gmt":"2025-11-25T20:55:37","slug":"niegan-que-los-cambios-en-la-organizacion-de-la-feria-de-navidad-sean-consecuencia-de-la-inseguridad-que-enfrenta-chilpancingo","status":"publish","type":"post","link":"https:\/\/www.interaccionnoticias.com.mx\/?p=98537","title":{"rendered":"Niegan que los cambios en la organizaci\u00f3n de la Feria de Navidad sean consecuencia de la inseguridad que enfrenta Chilpancingo"},"content":{"rendered":"\n<p><em><strong>&#8212; El Consejo Consultivo asegura que se trata de regresar la feria m\u00e1s importante de la regi\u00f3n Centro de Guerrero a las familias, lo que implica cortar excesos que ya se hab\u00edan normalizado<br>&#8212; Regidor de seguridad admite que hubo decisiones adoptadas desde el Gobierno Federal, ya que el municipio desde hace a\u00f1os se encuentra \u201cen foco rojo\u201d<\/strong><\/em><\/p>\n\n\n\n<p><strong>Rogelio Agust\u00edn<\/strong><\/p>\n\n\n\n<p>El Consejo Consultivo de la Feria de San Mateo, Navidad y A\u00f1o Nuevo neg\u00f3 que los ajustes realizados a la edici\u00f3n del Bicentenario obedezcan a los problemas de seguridad que enfrenta el municipio, ya que la intenci\u00f3n es recuperarla como un espacio de convivencia familiar, de encuentro con la cultura y las artesan\u00edas.<\/p>\n\n\n\n<p>La ma\u00f1ana del martes 25 de noviembre, el regidor Ernesto Franco P\u00e9rez reconoci\u00f3 que desde hace ya varios a\u00f1os, la capital de Guerrero est\u00e1 considerada a nivel nacional como un foco rojo en materia de seguridad p\u00fablica.<\/p>\n\n\n\n<p>Record\u00f3 que desde 2018 se instituyeron las reuniones de las Mesa de Coordinaci\u00f3n pata la Construcci\u00f3n de la Paz, tanto a nivel regional, estatal y nacional.<\/p>\n\n\n\n<p>En esas mesas se intercambia informaci\u00f3n, se analizan los datos recibidos y se toman decisiones entre las diferentes corporaciones encargadas de garantizar la seguridad de la poblaci\u00f3n.<\/p>\n\n\n\n<p>Pero anot\u00f3: \u201cDesde M\u00e9xico te van indicando que hacer, donde apretar y donde no, porque se trata de bajar los \u00edndices delictivos de todo el pa\u00eds\u201d.<\/p>\n\n\n\n<p>Y sostuvo: \u201cEsta propuesta surge de una mesa en la que estuvo la gobernadora (Evelyn Salgado Pineda), funcionarios federales v\u00eda zoom y llegaron a los acuerdos que nos pudieron compartir despu\u00e9s\u201d.<\/p>\n\n\n\n<p>Agreg\u00f3 que adem\u00e1s del tema de la seguridad, se busc\u00f3 un esquema que permita que la de Navidad y A\u00f1o Nuevo sea una feria m\u00e1s tradicional y cultural.<\/p>\n\n\n\n<p>El mismo martes, el secretario t\u00e9cnico del Consejo Consultivo, Lenin Carbajal asegur\u00f3 que el origen de los cambios en la organizaci\u00f3n de la feria, es garantizar que se desarrolle como una actividad cultural, gastron\u00f3mica, artesanal, que permita adem\u00e1s el desarrollo econ\u00f3mico local y la convivencia entre las familias.<\/p>\n\n\n\n<p>Indic\u00f3: \u201cSe cambi\u00f3 la forma en que se organiza, porque este ayuntamiento ha decidido actuar con orden y responsabilidad, se pretende tener una feria libre de excesos y alejado del desorden que durante a\u00f1os se normaliz\u00f3\u201d.<\/p>\n\n\n\n<p>Indic\u00f3: \u201cLa feria regresa a su esencia de cultura, tradici\u00f3n y convivencia familiar\u201d.<\/p>\n\n\n\n<p>Entre las variantes, destac\u00f3 que ahora el Teatro del Pueblo se va a desarrollar en la plaza central Primer Congreso de An\u00e1huac.<\/p>\n\n\n\n<p>En la plaza de toros Belisario Arteaga se desarrollar\u00e1 el tradicional Porrazo del Tigre, al t\u00e9rmino del tradicional Paseo del Pend\u00f3n, que tendr\u00e1 verificativo el 21 de diciembre.<\/p>\n\n\n\n<p>Hay una nueva ruta, que permitir\u00e1 rodear toda la alameda Granados Maldonado, pero no pasar\u00e1 por el tramo de la avenida Miguel Alem\u00e1n frente a la cl\u00ednica del IMSS, para no afectar la atenci\u00f3n de los pacientes.<\/p>\n\n\n\n<p>Reiter\u00f3 que se cancelan las barras donde se expende alcohol, los espect\u00e1culos en la plaza de toros y para el teatro del pueblo no habr\u00e1 ning\u00fan artista que est\u00e9 identificado como cantante de narcocorridos.<\/p>\n\n\n\n<p>A pregunta expresa, le secretario t\u00e9cnico del Consejo Consultivo, neg\u00f3 que el tema de la inseguridad p\u00fablica que vive Chilpancingo haya sido un factor para cambiar el esquema de organizaci\u00f3n de la feria.<\/p>\n\n\n\n<p>Indic\u00f3: \u201cLos cambios han sido propuestos al seno del Consejo Consultivo de la Feria, se han aprobado por unanimidad entre todos los integrantes\u201d.<\/p>\n\n\n\n<p>Explic\u00f3 que el Consejo Consultivo est\u00e1 integrado por promotores culturales, representantes de los barrios tradicionales, c\u00e1maras empresariales, el Gobern\u00f3 del Estado, el municipio y la federaci\u00f3n.<\/p>\n\n\n\n<figure class=\"wp-block-gallery has-nested-images columns-default is-cropped wp-block-gallery-1 is-layout-flex wp-block-gallery-is-layout-flex\">\n<figure class=\"wp-block-image size-large\"><img decoding=\"async\" src=\"data:image\/gif;base64,R0lGODlhAQABAIAAAAAAAP\/\/\/ywAAAAAAQABAAACAUwAOw==\" fifu-lazy=\"1\" fifu-data-sizes=\"auto\" fifu-data-srcset=\"https:\/\/i1.wp.com\/www.interaccionnoticias.com.mx\/wp-content\/uploads\/2025\/11\/251125-Consejo-Consultivo-1-1024x683.jpg?ssl=1&w=75&resize=75&ssl=1 75w, https:\/\/i1.wp.com\/www.interaccionnoticias.com.mx\/wp-content\/uploads\/2025\/11\/251125-Consejo-Consultivo-1-1024x683.jpg?ssl=1&w=100&resize=100&ssl=1 100w, https:\/\/i1.wp.com\/www.interaccionnoticias.com.mx\/wp-content\/uploads\/2025\/11\/251125-Consejo-Consultivo-1-1024x683.jpg?ssl=1&w=150&resize=150&ssl=1 150w, https:\/\/i1.wp.com\/www.interaccionnoticias.com.mx\/wp-content\/uploads\/2025\/11\/251125-Consejo-Consultivo-1-1024x683.jpg?ssl=1&w=240&resize=240&ssl=1 240w, https:\/\/i1.wp.com\/www.interaccionnoticias.com.mx\/wp-content\/uploads\/2025\/11\/251125-Consejo-Consultivo-1-1024x683.jpg?ssl=1&w=320&resize=320&ssl=1 320w, https:\/\/i1.wp.com\/www.interaccionnoticias.com.mx\/wp-content\/uploads\/2025\/11\/251125-Consejo-Consultivo-1-1024x683.jpg?ssl=1&w=500&resize=500&ssl=1 500w, https:\/\/i1.wp.com\/www.interaccionnoticias.com.mx\/wp-content\/uploads\/2025\/11\/251125-Consejo-Consultivo-1-1024x683.jpg?ssl=1&w=640&resize=640&ssl=1 640w, https:\/\/i1.wp.com\/www.interaccionnoticias.com.mx\/wp-content\/uploads\/2025\/11\/251125-Consejo-Consultivo-1-1024x683.jpg?ssl=1&w=800&resize=800&ssl=1 800w, https:\/\/i1.wp.com\/www.interaccionnoticias.com.mx\/wp-content\/uploads\/2025\/11\/251125-Consejo-Consultivo-1-1024x683.jpg?ssl=1&w=1024&resize=1024&ssl=1 1024w, https:\/\/i1.wp.com\/www.interaccionnoticias.com.mx\/wp-content\/uploads\/2025\/11\/251125-Consejo-Consultivo-1-1024x683.jpg?ssl=1&w=1280&resize=1280&ssl=1 1280w, https:\/\/i1.wp.com\/www.interaccionnoticias.com.mx\/wp-content\/uploads\/2025\/11\/251125-Consejo-Consultivo-1-1024x683.jpg?ssl=1&w=1600&resize=1600&ssl=1 1600w\" data-id=\"98539\" fifu-data-src=\"https:\/\/i1.wp.com\/www.interaccionnoticias.com.mx\/wp-content\/uploads\/2025\/11\/251125-Consejo-Consultivo-1-1024x683.jpg?ssl=1\" alt=\"\" class=\"wp-image-98539\"\/><\/figure>\n\n\n\n<figure class=\"wp-block-image size-large\"><img decoding=\"async\" src=\"data:image\/gif;base64,R0lGODlhAQABAIAAAAAAAP\/\/\/ywAAAAAAQABAAACAUwAOw==\" fifu-lazy=\"1\" fifu-data-sizes=\"auto\" fifu-data-srcset=\"https:\/\/i2.wp.com\/www.interaccionnoticias.com.mx\/wp-content\/uploads\/2025\/11\/251125-Consejo-Consultivo-2-1024x683.jpg?ssl=1&w=75&resize=75&ssl=1 75w, https:\/\/i2.wp.com\/www.interaccionnoticias.com.mx\/wp-content\/uploads\/2025\/11\/251125-Consejo-Consultivo-2-1024x683.jpg?ssl=1&w=100&resize=100&ssl=1 100w, https:\/\/i2.wp.com\/www.interaccionnoticias.com.mx\/wp-content\/uploads\/2025\/11\/251125-Consejo-Consultivo-2-1024x683.jpg?ssl=1&w=150&resize=150&ssl=1 150w, https:\/\/i2.wp.com\/www.interaccionnoticias.com.mx\/wp-content\/uploads\/2025\/11\/251125-Consejo-Consultivo-2-1024x683.jpg?ssl=1&w=240&resize=240&ssl=1 240w, https:\/\/i2.wp.com\/www.interaccionnoticias.com.mx\/wp-content\/uploads\/2025\/11\/251125-Consejo-Consultivo-2-1024x683.jpg?ssl=1&w=320&resize=320&ssl=1 320w, https:\/\/i2.wp.com\/www.interaccionnoticias.com.mx\/wp-content\/uploads\/2025\/11\/251125-Consejo-Consultivo-2-1024x683.jpg?ssl=1&w=500&resize=500&ssl=1 500w, https:\/\/i2.wp.com\/www.interaccionnoticias.com.mx\/wp-content\/uploads\/2025\/11\/251125-Consejo-Consultivo-2-1024x683.jpg?ssl=1&w=640&resize=640&ssl=1 640w, https:\/\/i2.wp.com\/www.interaccionnoticias.com.mx\/wp-content\/uploads\/2025\/11\/251125-Consejo-Consultivo-2-1024x683.jpg?ssl=1&w=800&resize=800&ssl=1 800w, https:\/\/i2.wp.com\/www.interaccionnoticias.com.mx\/wp-content\/uploads\/2025\/11\/251125-Consejo-Consultivo-2-1024x683.jpg?ssl=1&w=1024&resize=1024&ssl=1 1024w, https:\/\/i2.wp.com\/www.interaccionnoticias.com.mx\/wp-content\/uploads\/2025\/11\/251125-Consejo-Consultivo-2-1024x683.jpg?ssl=1&w=1280&resize=1280&ssl=1 1280w, https:\/\/i2.wp.com\/www.interaccionnoticias.com.mx\/wp-content\/uploads\/2025\/11\/251125-Consejo-Consultivo-2-1024x683.jpg?ssl=1&w=1600&resize=1600&ssl=1 1600w\" data-id=\"98538\" fifu-data-src=\"https:\/\/i2.wp.com\/www.interaccionnoticias.com.mx\/wp-content\/uploads\/2025\/11\/251125-Consejo-Consultivo-2-1024x683.jpg?ssl=1\" alt=\"\" class=\"wp-image-98538\"\/><\/figure>\n<\/figure>\n","protected":false},"excerpt":{"rendered":"<p>&#8212; El Consejo Consultivo asegura que se trata de regresar la feria m\u00e1s importante de la regi\u00f3n Centro de Guerrero a las familias, lo que implica cortar excesos que ya&hellip; <\/p>\n","protected":false},"author":21,"featured_media":98541,"comment_status":"open","ping_status":"open","sticky":false,"template":"","format":"standard","meta":{"fifu_image_url":"https:\/\/www.interaccionnoticias.com.mx\/wp-content\/uploads\/2025\/11\/251125-Consejo-Consultivo-2.jpg","fifu_image_alt":"","footnotes":""},"categories":[13],"tags":[],"class_list":["post-98537","post","type-post","status-publish","format-standard","has-post-thumbnail","hentry","category-capital"],"_links":{"self":[{"href":"https:\/\/www.interaccionnoticias.com.mx\/index.php?rest_route=\/wp\/v2\/posts\/98537","targetHints":{"allow":["GET"]}}],"collection":[{"href":"https:\/\/www.interaccionnoticias.com.mx\/index.php?rest_route=\/wp\/v2\/posts"}],"about":[{"href":"https:\/\/www.interaccionnoticias.com.mx\/index.php?rest_route=\/wp\/v2\/types\/post"}],"author":[{"embeddable":true,"href":"https:\/\/www.interaccionnoticias.com.mx\/index.php?rest_route=\/wp\/v2\/users\/21"}],"replies":[{"embeddable":true,"href":"https:\/\/www.interaccionnoticias.com.mx\/index.php?rest_route=%2Fwp%2Fv2%2Fcomments&post=98537"}],"version-history":[{"count":1,"href":"https:\/\/www.interaccionnoticias.com.mx\/index.php?rest_route=\/wp\/v2\/posts\/98537\/revisions"}],"predecessor-version":[{"id":98540,"href":"https:\/\/www.interaccionnoticias.com.mx\/index.php?rest_route=\/wp\/v2\/posts\/98537\/revisions\/98540"}],"wp:featuredmedia":[{"embeddable":true,"href":"https:\/\/www.interaccionnoticias.com.mx\/index.php?rest_route=\/wp\/v2\/media\/98541"}],"wp:attachment":[{"href":"https:\/\/www.interaccionnoticias.com.mx\/index.php?rest_route=%2Fwp%2Fv2%2Fmedia&parent=98537"}],"wp:term":[{"taxonomy":"category","embeddable":true,"href":"https:\/\/www.interaccionnoticias.com.mx\/index.php?rest_route=%2Fwp%2Fv2%2Fcategories&post=98537"},{"taxonomy":"post_tag","embeddable":true,"href":"https:\/\/www.interaccionnoticias.com.mx\/index.php?rest_route=%2Fwp%2Fv2%2Ftags&post=98537"}],"curies":[{"name":"wp","href":"https:\/\/api.w.org\/{rel}","templated":true}]}}