{"id":98502,"date":"2025-11-24T14:25:49","date_gmt":"2025-11-24T21:25:49","guid":{"rendered":"https:\/\/www.interaccionnoticias.com.mx\/?p=98502"},"modified":"2025-11-24T14:25:50","modified_gmt":"2025-11-24T21:25:50","slug":"diputados-del-pri-rechazan-que-haya-gobernabilidad-en-guerrero","status":"publish","type":"post","link":"https:\/\/www.interaccionnoticias.com.mx\/?p=98502","title":{"rendered":"Diputados del PRI rechazan que haya gobernabilidad en Guerrero"},"content":{"rendered":"\n<p><strong><em>&#8212; Responden al mensaje de la encargada de despacho de la Secretar\u00eda General de Gobierno, Anacleta L\u00f3pez Vega<br>&#8212; Reprochan que vaya un a\u00f1o con seis meses sin titular en la secretar\u00eda encargada de atender la pol\u00edtica interna de la entidad<br>&#8212; Hay percepci\u00f3n de inseguridad entre los ciudadanos, adem\u00e1s de marchas, manifestaciones y bloqueos diarios en diferentes puntos de la entidad<\/em><\/strong><\/p>\n\n\n\n<p><strong>Rogelio Agust\u00edn<br><\/strong><br>El Grupo Parlamentario del PRI en el Congreso de Guerrero discrep\u00f3 del posicionamiento hecho por la encargada de la Secretar\u00eda General de Gobierno, en el sentido de que en la entidad existe un clima de paz, as\u00ed como de estabilidad pol\u00edtica y social.<\/p>\n\n\n\n<p>Alejandro Bravo Abarca, presidente del Comit\u00e9 Directivo Estatal (CDE) y coordinador de los diputados del tricolor, se\u00f1al\u00f3 que en la poblaci\u00f3n existe una percepci\u00f3n de inseguridad elevada, adem\u00e1s de hay manifestaciones y bloqueos que se registran diariamente en diferentes puntos de la entidad.<\/p>\n\n\n\n<p>\u201cNo coincidimos porque pr\u00e1cticamente a diario vemos que la percepci\u00f3n de inseguridad en los guerrerenses va aumentando con esas muertes que ocurren en todas las regiones del estado y tambi\u00e9n no podemos hablar de la gobernabilidad ni echar las campanas al aire cuando vemos bloqueos como los de hoy y muchos que ocurren pr\u00e1cticamente todos los d\u00edas\u201d, anot\u00f3 Bravo Abarca.<\/p>\n\n\n\n<p>Destac\u00f3 que en lo que se coincide del informe presentado este lunes, es en el hecho de que todav\u00eda \u201chace falta mucho por hacer y por construir\u201d.<\/p>\n\n\n\n<p>Para el diputado local y dirigente estatal, el tricolor siempre ha manifestado su af\u00e1n de ayudar a construir, no a destruir, por lo que estableci\u00f3 un deslinde: \u201cno somos de los que andamos por debajo del agua tratando de alentar manifestaciones innecesarias o bloqueos u otro tipo de acciones, cuando tenemos una inconformidad o una diferencia en la apreciaci\u00f3n de los resultados lo decimos con mucha claridad, con mucha puntualidad\u201d.<\/p>\n\n\n\n<p>Un a\u00f1o y medio como encargada de despacho<\/p>\n\n\n\n<p>El ex alcalde de Chilapa, Jes\u00fas Parra Garc\u00eda lament\u00f3 que la doctora L\u00f3pez Vega se mantenga como encargada de despacho desde hace m\u00e1s de un a\u00f1o y medio, a pesar de que la Secretaria de Gobierno, de acuerdo a la Ley Org\u00e1nica de la Organizaci\u00f3n P\u00fablica del Estado, es de las m\u00e1s importantes para conducir la pol\u00edtica interna de la entidad, ya que contribuye a la gobernabilidad democr\u00e1tica y el desarrollo pol\u00edtico de Guerrero de organizaci\u00f3n sociales y sociedad civil.<\/p>\n\n\n\n<p>De hecho, hizo un llamado a que se ratifique a la compareciente como titular, o en su defecto se nombre a un nuevo secretario de Gobierno.<\/p>\n\n\n\n<p>Tambi\u00e9n cuestion\u00f3 el hecho de que no se haya reunido con los dirigentes de los paridos pol\u00edticos y sugiri\u00f3 que se est\u00e9 atento del tema de los recursos destinados para los mismos, ya que de manera constante hay un retraso en la Secretar\u00eda de Administraci\u00f3n y Finanzas, lo que pone en riesgo la estabilidad econ\u00f3mica de los trabajadores.<\/p>\n\n\n\n<p>Respetuosa de las decisiones y los tiempos<\/p>\n\n\n\n<p>La compareciente asumi\u00f3 que efectivamente, lleva un a\u00f1o con seis meses como encargada de despacho, pero aclar\u00f3: \u201cYo siempre he sido respetuosa de los tiempos y los procesos, as\u00ed como de las decisiones de la gobernadora\u201d.<\/p>\n\n\n\n<p>Agreg\u00f3: \u201cseguir\u00e9 trabajando con la misma entrega, porque la responsabilidad no depende del cargo, depende de la convicci\u00f3n\u201d.<\/p>\n\n\n\n<p>Dijo adem\u00e1s que hay dialogo con todas las fuerzas pol\u00edticas de la entidad, en la perspectiva de generar gobernabilidad.<\/p>\n\n\n\n<p>El diputado Parra Garc\u00eda manifest\u00f3 que en la comparecencia hab\u00eda dos dirigentes de su partido, de los que ninguno ha sido convocado a dialogar.<\/p>\n\n\n\n<figure class=\"wp-block-gallery has-nested-images columns-default is-cropped wp-block-gallery-1 is-layout-flex wp-block-gallery-is-layout-flex\">\n<figure class=\"wp-block-image size-large\"><img decoding=\"async\" src=\"data:image\/gif;base64,R0lGODlhAQABAIAAAAAAAP\/\/\/ywAAAAAAQABAAACAUwAOw==\" fifu-lazy=\"1\" fifu-data-sizes=\"auto\" fifu-data-srcset=\"https:\/\/i2.wp.com\/www.interaccionnoticias.com.mx\/wp-content\/uploads\/2025\/11\/251124-Diputados-del-PRI-1-1024x683.jpg?ssl=1&w=75&resize=75&ssl=1 75w, https:\/\/i2.wp.com\/www.interaccionnoticias.com.mx\/wp-content\/uploads\/2025\/11\/251124-Diputados-del-PRI-1-1024x683.jpg?ssl=1&w=100&resize=100&ssl=1 100w, https:\/\/i2.wp.com\/www.interaccionnoticias.com.mx\/wp-content\/uploads\/2025\/11\/251124-Diputados-del-PRI-1-1024x683.jpg?ssl=1&w=150&resize=150&ssl=1 150w, https:\/\/i2.wp.com\/www.interaccionnoticias.com.mx\/wp-content\/uploads\/2025\/11\/251124-Diputados-del-PRI-1-1024x683.jpg?ssl=1&w=240&resize=240&ssl=1 240w, https:\/\/i2.wp.com\/www.interaccionnoticias.com.mx\/wp-content\/uploads\/2025\/11\/251124-Diputados-del-PRI-1-1024x683.jpg?ssl=1&w=320&resize=320&ssl=1 320w, https:\/\/i2.wp.com\/www.interaccionnoticias.com.mx\/wp-content\/uploads\/2025\/11\/251124-Diputados-del-PRI-1-1024x683.jpg?ssl=1&w=500&resize=500&ssl=1 500w, https:\/\/i2.wp.com\/www.interaccionnoticias.com.mx\/wp-content\/uploads\/2025\/11\/251124-Diputados-del-PRI-1-1024x683.jpg?ssl=1&w=640&resize=640&ssl=1 640w, https:\/\/i2.wp.com\/www.interaccionnoticias.com.mx\/wp-content\/uploads\/2025\/11\/251124-Diputados-del-PRI-1-1024x683.jpg?ssl=1&w=800&resize=800&ssl=1 800w, https:\/\/i2.wp.com\/www.interaccionnoticias.com.mx\/wp-content\/uploads\/2025\/11\/251124-Diputados-del-PRI-1-1024x683.jpg?ssl=1&w=1024&resize=1024&ssl=1 1024w, https:\/\/i2.wp.com\/www.interaccionnoticias.com.mx\/wp-content\/uploads\/2025\/11\/251124-Diputados-del-PRI-1-1024x683.jpg?ssl=1&w=1280&resize=1280&ssl=1 1280w, https:\/\/i2.wp.com\/www.interaccionnoticias.com.mx\/wp-content\/uploads\/2025\/11\/251124-Diputados-del-PRI-1-1024x683.jpg?ssl=1&w=1600&resize=1600&ssl=1 1600w\" data-id=\"98503\" fifu-data-src=\"https:\/\/i2.wp.com\/www.interaccionnoticias.com.mx\/wp-content\/uploads\/2025\/11\/251124-Diputados-del-PRI-1-1024x683.jpg?ssl=1\" alt=\"\" class=\"wp-image-98503\"\/><\/figure>\n\n\n\n<figure class=\"wp-block-image size-large\"><img decoding=\"async\" src=\"data:image\/gif;base64,R0lGODlhAQABAIAAAAAAAP\/\/\/ywAAAAAAQABAAACAUwAOw==\" fifu-lazy=\"1\" fifu-data-sizes=\"auto\" fifu-data-srcset=\"https:\/\/i1.wp.com\/www.interaccionnoticias.com.mx\/wp-content\/uploads\/2025\/11\/251124-Diputados-del-PRI-2-1024x683.jpg?ssl=1&w=75&resize=75&ssl=1 75w, https:\/\/i1.wp.com\/www.interaccionnoticias.com.mx\/wp-content\/uploads\/2025\/11\/251124-Diputados-del-PRI-2-1024x683.jpg?ssl=1&w=100&resize=100&ssl=1 100w, https:\/\/i1.wp.com\/www.interaccionnoticias.com.mx\/wp-content\/uploads\/2025\/11\/251124-Diputados-del-PRI-2-1024x683.jpg?ssl=1&w=150&resize=150&ssl=1 150w, https:\/\/i1.wp.com\/www.interaccionnoticias.com.mx\/wp-content\/uploads\/2025\/11\/251124-Diputados-del-PRI-2-1024x683.jpg?ssl=1&w=240&resize=240&ssl=1 240w, https:\/\/i1.wp.com\/www.interaccionnoticias.com.mx\/wp-content\/uploads\/2025\/11\/251124-Diputados-del-PRI-2-1024x683.jpg?ssl=1&w=320&resize=320&ssl=1 320w, https:\/\/i1.wp.com\/www.interaccionnoticias.com.mx\/wp-content\/uploads\/2025\/11\/251124-Diputados-del-PRI-2-1024x683.jpg?ssl=1&w=500&resize=500&ssl=1 500w, https:\/\/i1.wp.com\/www.interaccionnoticias.com.mx\/wp-content\/uploads\/2025\/11\/251124-Diputados-del-PRI-2-1024x683.jpg?ssl=1&w=640&resize=640&ssl=1 640w, https:\/\/i1.wp.com\/www.interaccionnoticias.com.mx\/wp-content\/uploads\/2025\/11\/251124-Diputados-del-PRI-2-1024x683.jpg?ssl=1&w=800&resize=800&ssl=1 800w, https:\/\/i1.wp.com\/www.interaccionnoticias.com.mx\/wp-content\/uploads\/2025\/11\/251124-Diputados-del-PRI-2-1024x683.jpg?ssl=1&w=1024&resize=1024&ssl=1 1024w, https:\/\/i1.wp.com\/www.interaccionnoticias.com.mx\/wp-content\/uploads\/2025\/11\/251124-Diputados-del-PRI-2-1024x683.jpg?ssl=1&w=1280&resize=1280&ssl=1 1280w, https:\/\/i1.wp.com\/www.interaccionnoticias.com.mx\/wp-content\/uploads\/2025\/11\/251124-Diputados-del-PRI-2-1024x683.jpg?ssl=1&w=1600&resize=1600&ssl=1 1600w\" data-id=\"98504\" fifu-data-src=\"https:\/\/i1.wp.com\/www.interaccionnoticias.com.mx\/wp-content\/uploads\/2025\/11\/251124-Diputados-del-PRI-2-1024x683.jpg?ssl=1\" alt=\"\" class=\"wp-image-98504\"\/><\/figure>\n<\/figure>\n","protected":false},"excerpt":{"rendered":"<p>&#8212; Responden al mensaje de la encargada de despacho de la Secretar\u00eda General de Gobierno, Anacleta L\u00f3pez Vega&#8212; Reprochan que vaya un a\u00f1o con seis meses sin titular en la&hellip; <\/p>\n","protected":false},"author":21,"featured_media":98506,"comment_status":"open","ping_status":"open","sticky":false,"template":"","format":"standard","meta":{"fifu_image_url":"https:\/\/www.interaccionnoticias.com.mx\/wp-content\/uploads\/2025\/11\/251124-Diputados-del-PRI-2.jpg","fifu_image_alt":"","footnotes":""},"categories":[2],"tags":[],"class_list":["post-98502","post","type-post","status-publish","format-standard","has-post-thumbnail","hentry","category-congreso"],"_links":{"self":[{"href":"https:\/\/www.interaccionnoticias.com.mx\/index.php?rest_route=\/wp\/v2\/posts\/98502","targetHints":{"allow":["GET"]}}],"collection":[{"href":"https:\/\/www.interaccionnoticias.com.mx\/index.php?rest_route=\/wp\/v2\/posts"}],"about":[{"href":"https:\/\/www.interaccionnoticias.com.mx\/index.php?rest_route=\/wp\/v2\/types\/post"}],"author":[{"embeddable":true,"href":"https:\/\/www.interaccionnoticias.com.mx\/index.php?rest_route=\/wp\/v2\/users\/21"}],"replies":[{"embeddable":true,"href":"https:\/\/www.interaccionnoticias.com.mx\/index.php?rest_route=%2Fwp%2Fv2%2Fcomments&post=98502"}],"version-history":[{"count":1,"href":"https:\/\/www.interaccionnoticias.com.mx\/index.php?rest_route=\/wp\/v2\/posts\/98502\/revisions"}],"predecessor-version":[{"id":98505,"href":"https:\/\/www.interaccionnoticias.com.mx\/index.php?rest_route=\/wp\/v2\/posts\/98502\/revisions\/98505"}],"wp:featuredmedia":[{"embeddable":true,"href":"https:\/\/www.interaccionnoticias.com.mx\/index.php?rest_route=\/wp\/v2\/media\/98506"}],"wp:attachment":[{"href":"https:\/\/www.interaccionnoticias.com.mx\/index.php?rest_route=%2Fwp%2Fv2%2Fmedia&parent=98502"}],"wp:term":[{"taxonomy":"category","embeddable":true,"href":"https:\/\/www.interaccionnoticias.com.mx\/index.php?rest_route=%2Fwp%2Fv2%2Fcategories&post=98502"},{"taxonomy":"post_tag","embeddable":true,"href":"https:\/\/www.interaccionnoticias.com.mx\/index.php?rest_route=%2Fwp%2Fv2%2Ftags&post=98502"}],"curies":[{"name":"wp","href":"https:\/\/api.w.org\/{rel}","templated":true}]}}