{"id":98412,"date":"2025-11-21T12:32:19","date_gmt":"2025-11-21T19:32:19","guid":{"rendered":"https:\/\/www.interaccionnoticias.com.mx\/?p=98412"},"modified":"2025-11-21T12:32:20","modified_gmt":"2025-11-21T19:32:20","slug":"campesinos-liberaran-casetas-de-la-autopista-del-sol-la-proxima-semana","status":"publish","type":"post","link":"https:\/\/www.interaccionnoticias.com.mx\/?p=98412","title":{"rendered":"Campesinos liberar\u00e1n casetas de la Autopista del Sol la pr\u00f3xima semana"},"content":{"rendered":"\n<p><strong><em>La protesta ser\u00e1 de manera nacional para exigir di\u00e1logo y precios justos por sus productos<\/em><\/strong><\/p>\n\n\n\n<p><strong>Jes\u00fas Dorantes \/ Chilpancingo<\/strong><\/p>\n\n\n\n<p>Organizaciones campesinas de Guerrero anunciaron que el pr\u00f3ximo 24 de noviembre, a partir de las 10 de la ma\u00f1ana, liberar\u00e1n las casetas de cobro de la Autopista del Sol como parte de la jornada nacional de protestas para exigir atenci\u00f3n del Gobierno Federal y la reinstalaci\u00f3n de mesas de trabajo sobre la crisis en el campo.<\/p>\n\n\n\n<p>En conferencia de prensa, integrantes del Frente Nacional por el Rescate del Campo Mexicano dieron a conocer que a diferencia de otras entidades donde habr\u00e1 bloqueos, en Guerrero se opt\u00f3 por no colapsar las carreteras debido al impacto que esto tendr\u00eda en la econom\u00eda local, sostenida en gran parte por el turismo.<\/p>\n\n\n\n<p>\u201cVamos a movilizarnos porque el Gobierno Federal nos obliga a hacerlo. No es en contra de la ciudadan\u00eda; el tema son los precios injustos por lo que sembramos, y que al final terminan dejando m\u00e1s ganancias a los intermediarios que a quienes trabajamos la tierra\u201d, se\u00f1al\u00f3 Edel Chona Morales, vocero del movimiento.<\/p>\n\n\n\n<p>Detall\u00f3 que la decisi\u00f3n de liberar las casetas busca no da\u00f1ar todav\u00eda m\u00e1s la actividad econ\u00f3mica del estado, pero si enviar un mensaje de protesta. \u201cEn Guerrero dependemos del turismo, de lo poco que llega. Por eso no podemos sumarnos al colapso carretero que habr\u00e1 en otros estados\u201d, a\u00f1adi\u00f3.<\/p>\n\n\n\n<p>Los representantes del Frente denunciaron que desde 2018 el presupuesto federal para el sector agr\u00edcola se ha mantenido casi inm\u00f3vil entre 74 mil y 75 mil millones de pesos, cantidad que ni siquiera compensa la inflaci\u00f3n y que, advirtieron, terminar\u00e1 golpeando directamente a los peque\u00f1os productores que sobreviven del autoconsumo.<\/p>\n","protected":false},"excerpt":{"rendered":"<p>La protesta ser\u00e1 de manera nacional para exigir di\u00e1logo y precios justos por sus productos Jes\u00fas Dorantes \/ Chilpancingo Organizaciones campesinas de Guerrero anunciaron que el pr\u00f3ximo 24 de noviembre,&hellip; <\/p>\n","protected":false},"author":8,"featured_media":98415,"comment_status":"open","ping_status":"open","sticky":false,"template":"","format":"standard","meta":{"fifu_image_url":"https:\/\/www.interaccionnoticias.com.mx\/wp-content\/uploads\/2025\/11\/251121-Organizaciones.jpg","fifu_image_alt":"","footnotes":""},"categories":[11],"tags":[],"class_list":["post-98412","post","type-post","status-publish","format-standard","has-post-thumbnail","hentry","category-guerrero"],"_links":{"self":[{"href":"https:\/\/www.interaccionnoticias.com.mx\/index.php?rest_route=\/wp\/v2\/posts\/98412","targetHints":{"allow":["GET"]}}],"collection":[{"href":"https:\/\/www.interaccionnoticias.com.mx\/index.php?rest_route=\/wp\/v2\/posts"}],"about":[{"href":"https:\/\/www.interaccionnoticias.com.mx\/index.php?rest_route=\/wp\/v2\/types\/post"}],"author":[{"embeddable":true,"href":"https:\/\/www.interaccionnoticias.com.mx\/index.php?rest_route=\/wp\/v2\/users\/8"}],"replies":[{"embeddable":true,"href":"https:\/\/www.interaccionnoticias.com.mx\/index.php?rest_route=%2Fwp%2Fv2%2Fcomments&post=98412"}],"version-history":[{"count":1,"href":"https:\/\/www.interaccionnoticias.com.mx\/index.php?rest_route=\/wp\/v2\/posts\/98412\/revisions"}],"predecessor-version":[{"id":98414,"href":"https:\/\/www.interaccionnoticias.com.mx\/index.php?rest_route=\/wp\/v2\/posts\/98412\/revisions\/98414"}],"wp:featuredmedia":[{"embeddable":true,"href":"https:\/\/www.interaccionnoticias.com.mx\/index.php?rest_route=\/wp\/v2\/media\/98415"}],"wp:attachment":[{"href":"https:\/\/www.interaccionnoticias.com.mx\/index.php?rest_route=%2Fwp%2Fv2%2Fmedia&parent=98412"}],"wp:term":[{"taxonomy":"category","embeddable":true,"href":"https:\/\/www.interaccionnoticias.com.mx\/index.php?rest_route=%2Fwp%2Fv2%2Fcategories&post=98412"},{"taxonomy":"post_tag","embeddable":true,"href":"https:\/\/www.interaccionnoticias.com.mx\/index.php?rest_route=%2Fwp%2Fv2%2Ftags&post=98412"}],"curies":[{"name":"wp","href":"https:\/\/api.w.org\/{rel}","templated":true}]}}