{"id":98408,"date":"2025-11-21T11:49:42","date_gmt":"2025-11-21T18:49:42","guid":{"rendered":"https:\/\/www.interaccionnoticias.com.mx\/?p=98408"},"modified":"2025-11-21T11:49:43","modified_gmt":"2025-11-21T18:49:43","slug":"la-generacion-z","status":"publish","type":"post","link":"https:\/\/www.interaccionnoticias.com.mx\/?p=98408","title":{"rendered":"La Generaci\u00f3n Z"},"content":{"rendered":"\n<p><strong>Celestino Ces\u00e1reo Guzm\u00e1n<\/strong><\/p>\n\n\n\n<p>En M\u00e9xico se ha abierto una grieta pol\u00edtica inesperada. No naci\u00f3 en un partido, ni en un sindicato, ni en una de esas organizaciones que suelen dictar el pulso de las calles. Surgi\u00f3 de una generaci\u00f3n que respira internet, que vive entre pantallas y que entiende el mundo como una conversaci\u00f3n global y permanente: la Generaci\u00f3n Z. J\u00f3venes nacidos entre 1995 y 2010, formados en la hiperconexi\u00f3n, acostumbrados a ver la historia en tiempo real y a cuestionarlo todo con una naturalidad que desconcierta a quienes gobiernan.<\/p>\n\n\n\n<p>Durante a\u00f1os, la pol\u00edtica crey\u00f3 que pod\u00eda hablarles sin escucharlos. Pero esta vez la Generaci\u00f3n Z decidi\u00f3 entrar por su propio pie al espacio p\u00fablico. Sin pedir permiso. Sin obedecer a jerarqu\u00edas tradicionales.<\/p>\n\n\n\n<p>Por eso, cuando el gobierno federal reaccion\u00f3 con desd\u00e9n, y algunos de la oposici\u00f3n intentaron montarse en su energ\u00eda, ambos terminaron revelando su fragilidad. La calle se llen\u00f3 de j\u00f3venes que no reconocen liderazgos viejos ni prestan su voz a quien no los representa.<\/p>\n\n\n\n<p>Las preguntas que m\u00e1s se escuchan en todos los rincones son simples pero decisivas: \u00bfes este un movimiento genuino o una chispa pasajera? \u00bfQui\u00e9n los mueve? \u00bfQui\u00e9n los financia? La respuesta a\u00fan est\u00e1 escribi\u00e9ndose. Sin embargo, lo que s\u00ed es claro es que existe, incomoda y est\u00e1 tocando nervios sensibles del poder.<\/p>\n\n\n\n<p>La Generaci\u00f3n Z no es un invento ni una etiqueta caprichosa. Es un fen\u00f3meno global. Son hijos de la crisis clim\u00e1tica, la violencia, la precarizaci\u00f3n laboral y la inestabilidad pol\u00edtica. Crecieron en un entorno donde el futuro siempre estuvo en duda; los colapsos de la econom\u00eda son parte de su vida. Eso los volvi\u00f3 cr\u00edticos, esc\u00e9pticos y profundamente atentos a las contradicciones de quienes gobiernan. No consumen discursos: en segundos los comparan, verifican, diseccionan. No esperan turnos: irrumpen. No necesitan voceros: se graban a s\u00ed mismos en TikTok en segundos y llegan a millones. As\u00ed se convocan y marchan.<\/p>\n\n\n\n<p>Cuando salieron a las calles, el pasado d\u00eda 15, la narrativa tradicional no alcanz\u00f3 para contenerlos. Ni los calificativos, ni las sospechas, ni la descalificaci\u00f3n autom\u00e1tica pudieron disminuir la fuerza simb\u00f3lica de miles de j\u00f3venes que, m\u00e1s que una consigna pol\u00edtica, expresaron un hartazgo generacional.<\/p>\n\n\n\n<p>Pero tambi\u00e9n es cierto que cualquier movimiento amplio atrae oportunistas.<\/p>\n\n\n\n<p>El riesgo de la manipulaci\u00f3n es real y visible.<\/p>\n\n\n\n<p>Mientras el gobierno federal descalificaba el movimiento por sospechas de manipulaci\u00f3n, parte de la oposici\u00f3n jugaba justamente a manipularlo. Ambos errores son graves.<\/p>\n\n\n\n<p>Porque si algo ha dejado claro esta generaci\u00f3n es que no quiere tutores pol\u00edticos ni manipuladores que intenten apropiarse de su voz. Quieren respeto a su autonom\u00eda. Quieren ejercer su libertad de expresi\u00f3n sin que se les trate como peones de una partida ajena.<\/p>\n\n\n\n<p>El verdadero centro del debate no est\u00e1 en la calle, sino en el poder. El conflicto revela un choque profundo sobre las libertades en M\u00e9xico. \u00bfTiene el gobierno la disposici\u00f3n \u2014y la inteligencia pol\u00edtica\u2014 para escuchar a una generaci\u00f3n que no controla? \u00bfPuede la oposici\u00f3n resistir su tentaci\u00f3n de intentar convertir el hartazgo juvenil en instrumento electoral? \u00bfSer\u00e1n las instituciones capaces de distinguir entre la protesta leg\u00edtima y la infiltraci\u00f3n oportunista?<\/p>\n\n\n\n<p>La Generaci\u00f3n Z est\u00e1 obligando a revisarlo todo: la relaci\u00f3n entre autoridad y ciudadan\u00eda, la vigencia del derecho a manifestarse, la forma en que se intenta administrar el disenso y los l\u00edmites \u00e9ticos del uso pol\u00edtico de las movilizaciones.<\/p>\n\n\n\n<p>Lo que esta generaci\u00f3n exige no es una revoluci\u00f3n ideol\u00f3gica, sino algo m\u00e1s b\u00e1sico y m\u00e1s urgente: seguridad, oportunidades reales, salud mental atendida, una vida sin miedo y sin precariedad. Exige coherencia y resultados. Y exige ser tratada como lo que es: una voz propia, no un accesorio.<\/p>\n\n\n\n<p>No es buena idea descalificar su movimiento. Leo incre\u00edbles maromas en ese intento. No lo ha sido nunca en la historia de M\u00e9xico. Porque cada vez que un gobierno intenta reducir una inconformidad juvenil a capricho, manipulaci\u00f3n o berrinche, termina alimentando la llama que pretend\u00eda apagar.<\/p>\n\n\n\n<p>Pero tampoco es sano idealizarlo. Habr\u00e1 que observar con atenci\u00f3n si la Generaci\u00f3n Z logra mantener su autonom\u00eda, si construye un discurso propio y si puede evitar que actores externos la capturen o contaminen. Por ejemplo, el bloque negro existe y ha existido en otros tiempos y en otras marchas; no necesariamente es el mismo cada vez. Con una agenda diferente, van a la confrontaci\u00f3n f\u00edsica con la polic\u00eda y al da\u00f1o a la propiedad p\u00fablica y privada. Estos hechos buscan desestabilizar e intoxicar el ambiente pol\u00edtico y social. La oposici\u00f3n y el gobierno lo saben y buscan utilizarlos; la autoridad deber\u00eda investigarlos a fondo. Gobierno y oposici\u00f3n deber\u00edan aislar a los provocadores violentos; los violentos no deben ser parte de la disputa pol\u00edtica. Es evidente que es un grupo ajeno a la Generaci\u00f3n Z.<\/p>\n\n\n\n<p>Lo indiscutible por ahora es que la Generaci\u00f3n Z existe y ya cambi\u00f3 la conversaci\u00f3n p\u00fablica. No divide al pa\u00eds: lo despierta. Y en un M\u00e9xico donde tantas veces se ha intentado domesticar la protesta, su irrupci\u00f3n es un recordatorio poderoso de que la libertad siempre encuentra caminos nuevos, especialmente cuando la pol\u00edtica pierde de vista a quienes viven el presente con una urgencia que ya no puede esperar. Hasta d\u00f3nde llegar\u00e1 la Generaci\u00f3n Z en M\u00e9xico. En un futuro muy cercano lo veremos.<\/p>\n","protected":false},"excerpt":{"rendered":"<p>Celestino Ces\u00e1reo Guzm\u00e1n En M\u00e9xico se ha abierto una grieta pol\u00edtica inesperada. No naci\u00f3 en un partido, ni en un sindicato, ni en una de esas organizaciones que suelen dictar&hellip; <\/p>\n","protected":false},"author":19,"featured_media":98411,"comment_status":"open","ping_status":"open","sticky":false,"template":"","format":"standard","meta":{"fifu_image_url":"https:\/\/www.interaccionnoticias.com.mx\/wp-content\/uploads\/2025\/11\/251121-La-Generacion-Z.jpg","fifu_image_alt":"","footnotes":""},"categories":[16],"tags":[],"class_list":["post-98408","post","type-post","status-publish","format-standard","has-post-thumbnail","hentry","category-opinion"],"_links":{"self":[{"href":"https:\/\/www.interaccionnoticias.com.mx\/index.php?rest_route=\/wp\/v2\/posts\/98408","targetHints":{"allow":["GET"]}}],"collection":[{"href":"https:\/\/www.interaccionnoticias.com.mx\/index.php?rest_route=\/wp\/v2\/posts"}],"about":[{"href":"https:\/\/www.interaccionnoticias.com.mx\/index.php?rest_route=\/wp\/v2\/types\/post"}],"author":[{"embeddable":true,"href":"https:\/\/www.interaccionnoticias.com.mx\/index.php?rest_route=\/wp\/v2\/users\/19"}],"replies":[{"embeddable":true,"href":"https:\/\/www.interaccionnoticias.com.mx\/index.php?rest_route=%2Fwp%2Fv2%2Fcomments&post=98408"}],"version-history":[{"count":1,"href":"https:\/\/www.interaccionnoticias.com.mx\/index.php?rest_route=\/wp\/v2\/posts\/98408\/revisions"}],"predecessor-version":[{"id":98410,"href":"https:\/\/www.interaccionnoticias.com.mx\/index.php?rest_route=\/wp\/v2\/posts\/98408\/revisions\/98410"}],"wp:featuredmedia":[{"embeddable":true,"href":"https:\/\/www.interaccionnoticias.com.mx\/index.php?rest_route=\/wp\/v2\/media\/98411"}],"wp:attachment":[{"href":"https:\/\/www.interaccionnoticias.com.mx\/index.php?rest_route=%2Fwp%2Fv2%2Fmedia&parent=98408"}],"wp:term":[{"taxonomy":"category","embeddable":true,"href":"https:\/\/www.interaccionnoticias.com.mx\/index.php?rest_route=%2Fwp%2Fv2%2Fcategories&post=98408"},{"taxonomy":"post_tag","embeddable":true,"href":"https:\/\/www.interaccionnoticias.com.mx\/index.php?rest_route=%2Fwp%2Fv2%2Ftags&post=98408"}],"curies":[{"name":"wp","href":"https:\/\/api.w.org\/{rel}","templated":true}]}}