{"id":98365,"date":"2025-11-20T14:13:00","date_gmt":"2025-11-20T21:13:00","guid":{"rendered":"https:\/\/www.interaccionnoticias.com.mx\/?p=98365"},"modified":"2025-11-20T14:13:01","modified_gmt":"2025-11-20T21:13:01","slug":"chilpancingo-y-guerrero-ligados-estrechamente-a-la-historia-de-la-revolucion-mexicana","status":"publish","type":"post","link":"https:\/\/www.interaccionnoticias.com.mx\/?p=98365","title":{"rendered":"Chilpancingo y Guerrero, ligados estrechamente a la historia de la Revoluci\u00f3n Mexicana"},"content":{"rendered":"\n<p><em><strong>&#8212; En estas tierras pasaron hombres y mujeres que jugaron un papel determinante en el movimiento social<\/strong><\/em><\/p>\n\n\n\n<p><strong>Rosario Garc\u00eda Orozco<\/strong><\/p>\n\n\n\n<p>Durante la conmemoraci\u00f3n del 115 aniversario de la Revoluci\u00f3n Mexicana, la gobernadora Evelyn Salgado Pineda sostuvo que Guerrero y su capital, son parte esencial del movimiento que inici\u00f3 en 1910 y que transform\u00f3 al pa\u00eds.<\/p>\n\n\n\n<p>Antes de iniciar el desfile C\u00edvico- Deportivo en Chilpancingo, la mandataria estatal consider\u00f3 que la Revoluci\u00f3n Mexicana \u00abfue el primer gran movimiento aut\u00e9nticamente social del continente y uno de los primeros del mundo, impulsado no por \u00e9lites, sino por campsinos, obreros, maestras, maestros, j\u00f3venes y comunidades enteras, que lucharon por igualdad, por tierras y derechos y democracia.<\/p>\n\n\n\n<p>Asever\u00f3 que fue un movimiento parido desde abajo, desde el coraz\u00f3n del pueblo, que cambi\u00f3 para siempre el rumbo de nuestra historia\u00bb.<\/p>\n\n\n\n<p>Agreg\u00f3 que ese origen profundamente social \u00abes tambi\u00e9n la g\u00e9nesis de nuestro gobierno, un gobierno que no naci\u00f3 en escritorios ni en \u00e9lites, sino en la lucha social, en la voz de quienes han defendido siempre las causas justas, la justicia, la igualdad y la dignidad de nuestro pueblo, por eso la Revoluci\u00f3n no solamente es un cap\u00edtulo hist\u00f3rico, es la ra\u00edz de nuestra identidad pol\u00edtica y moral, es el fundamento de un proyecto de transformaci\u00f3n que sigue poniendo primero a las personas y que reconoce que ning\u00fan proceso de cambio es verdadero si no nace, si no emana del pueblo\u00bb.<\/p>\n\n\n\n<p>Salgado Pineda dijo que su gobierno busca mantener un contacto cercano con la ciudadan\u00eda y escuchar a la poblaci\u00f3n para transformar sus comunidades.<\/p>\n\n\n\n<p>Mientras que el alcalde de Chilpancingo, Gustavo Alarc\u00f3n Herrera, al hacer uso de la palabra destac\u00f3 el papel hist\u00f3rico y protag\u00f3nico que la capital guerrerense ha tenido en la construcci\u00f3n del pa\u00eds.<\/p>\n\n\n\n<p>En su mensaje, el alcalde salud\u00f3 a las Fuerzas Armadas, a los poderes del Estado, instituciones educativas, corporaciones de seguridad y a la ciudadan\u00eda que particip\u00f3 en el acto c\u00edvico. Subray\u00f3 que la Revoluci\u00f3n Mexicana no solo transform\u00f3 las estructuras pol\u00edticas y sociales de M\u00e9xico, sino que abri\u00f3 camino a los derechos agrarios, laborales y civiles que hoy conforman la vida nacional.<\/p>\n\n\n\n<p>El alcalde capitalino enfatiz\u00f3 que Chilpancingo ha sido escenario fundamental en la historia del pa\u00eds, al ser el lugar donde Jos\u00e9 Mar\u00eda Morelos y Pav\u00f3n proclam\u00f3 los Sentimientos de la Naci\u00f3n, documento precursor de la Constituci\u00f3n de 1917 y de las luchas revolucionarias. Afirm\u00f3 que la ciudad no solo celebra la Revoluci\u00f3n, sino que forma parte de su origen ideol\u00f3gico y de los movimientos que impulsaron el constitucionalismo mexicano.<\/p>\n\n\n\n<p>Destac\u00f3 que Chilpancingo ha sido hist\u00f3ricamente cuna de ideas, resistencia y liderazgo, y subray\u00f3 que a m\u00e1s de un siglo de la Revoluci\u00f3n, el municipio contin\u00faa demostrando rumbo, liderazgo y compromiso con la transformaci\u00f3n social, y enfatiz\u00f3 que el poder debe ejercerse con responsabilidad y sentido de justicia, valores que dijo, gu\u00edan a su administraci\u00f3n.<\/p>\n\n\n\n<figure class=\"wp-block-gallery has-nested-images columns-default is-cropped wp-block-gallery-1 is-layout-flex wp-block-gallery-is-layout-flex\">\n<figure class=\"wp-block-image size-large\"><img decoding=\"async\" src=\"data:image\/gif;base64,R0lGODlhAQABAIAAAAAAAP\/\/\/ywAAAAAAQABAAACAUwAOw==\" fifu-lazy=\"1\" fifu-data-sizes=\"auto\" fifu-data-srcset=\"https:\/\/i3.wp.com\/www.interaccionnoticias.com.mx\/wp-content\/uploads\/2025\/11\/251120-Evelyn-Salgado-Pineda-1024x683.jpg?ssl=1&w=75&resize=75&ssl=1 75w, https:\/\/i3.wp.com\/www.interaccionnoticias.com.mx\/wp-content\/uploads\/2025\/11\/251120-Evelyn-Salgado-Pineda-1024x683.jpg?ssl=1&w=100&resize=100&ssl=1 100w, https:\/\/i3.wp.com\/www.interaccionnoticias.com.mx\/wp-content\/uploads\/2025\/11\/251120-Evelyn-Salgado-Pineda-1024x683.jpg?ssl=1&w=150&resize=150&ssl=1 150w, https:\/\/i3.wp.com\/www.interaccionnoticias.com.mx\/wp-content\/uploads\/2025\/11\/251120-Evelyn-Salgado-Pineda-1024x683.jpg?ssl=1&w=240&resize=240&ssl=1 240w, https:\/\/i3.wp.com\/www.interaccionnoticias.com.mx\/wp-content\/uploads\/2025\/11\/251120-Evelyn-Salgado-Pineda-1024x683.jpg?ssl=1&w=320&resize=320&ssl=1 320w, https:\/\/i3.wp.com\/www.interaccionnoticias.com.mx\/wp-content\/uploads\/2025\/11\/251120-Evelyn-Salgado-Pineda-1024x683.jpg?ssl=1&w=500&resize=500&ssl=1 500w, https:\/\/i3.wp.com\/www.interaccionnoticias.com.mx\/wp-content\/uploads\/2025\/11\/251120-Evelyn-Salgado-Pineda-1024x683.jpg?ssl=1&w=640&resize=640&ssl=1 640w, https:\/\/i3.wp.com\/www.interaccionnoticias.com.mx\/wp-content\/uploads\/2025\/11\/251120-Evelyn-Salgado-Pineda-1024x683.jpg?ssl=1&w=800&resize=800&ssl=1 800w, https:\/\/i3.wp.com\/www.interaccionnoticias.com.mx\/wp-content\/uploads\/2025\/11\/251120-Evelyn-Salgado-Pineda-1024x683.jpg?ssl=1&w=1024&resize=1024&ssl=1 1024w, https:\/\/i3.wp.com\/www.interaccionnoticias.com.mx\/wp-content\/uploads\/2025\/11\/251120-Evelyn-Salgado-Pineda-1024x683.jpg?ssl=1&w=1280&resize=1280&ssl=1 1280w, https:\/\/i3.wp.com\/www.interaccionnoticias.com.mx\/wp-content\/uploads\/2025\/11\/251120-Evelyn-Salgado-Pineda-1024x683.jpg?ssl=1&w=1600&resize=1600&ssl=1 1600w\" data-id=\"98368\" fifu-data-src=\"https:\/\/i3.wp.com\/www.interaccionnoticias.com.mx\/wp-content\/uploads\/2025\/11\/251120-Evelyn-Salgado-Pineda-1024x683.jpg?ssl=1\" alt=\"\" class=\"wp-image-98368\"\/><\/figure>\n\n\n\n<figure class=\"wp-block-image size-large\"><img decoding=\"async\" src=\"data:image\/gif;base64,R0lGODlhAQABAIAAAAAAAP\/\/\/ywAAAAAAQABAAACAUwAOw==\" fifu-lazy=\"1\" fifu-data-sizes=\"auto\" fifu-data-srcset=\"https:\/\/i0.wp.com\/www.interaccionnoticias.com.mx\/wp-content\/uploads\/2025\/11\/251120-Gustavo-Alarcon-Herrera-1024x683.jpg?ssl=1&w=75&resize=75&ssl=1 75w, https:\/\/i0.wp.com\/www.interaccionnoticias.com.mx\/wp-content\/uploads\/2025\/11\/251120-Gustavo-Alarcon-Herrera-1024x683.jpg?ssl=1&w=100&resize=100&ssl=1 100w, https:\/\/i0.wp.com\/www.interaccionnoticias.com.mx\/wp-content\/uploads\/2025\/11\/251120-Gustavo-Alarcon-Herrera-1024x683.jpg?ssl=1&w=150&resize=150&ssl=1 150w, https:\/\/i0.wp.com\/www.interaccionnoticias.com.mx\/wp-content\/uploads\/2025\/11\/251120-Gustavo-Alarcon-Herrera-1024x683.jpg?ssl=1&w=240&resize=240&ssl=1 240w, https:\/\/i0.wp.com\/www.interaccionnoticias.com.mx\/wp-content\/uploads\/2025\/11\/251120-Gustavo-Alarcon-Herrera-1024x683.jpg?ssl=1&w=320&resize=320&ssl=1 320w, https:\/\/i0.wp.com\/www.interaccionnoticias.com.mx\/wp-content\/uploads\/2025\/11\/251120-Gustavo-Alarcon-Herrera-1024x683.jpg?ssl=1&w=500&resize=500&ssl=1 500w, https:\/\/i0.wp.com\/www.interaccionnoticias.com.mx\/wp-content\/uploads\/2025\/11\/251120-Gustavo-Alarcon-Herrera-1024x683.jpg?ssl=1&w=640&resize=640&ssl=1 640w, https:\/\/i0.wp.com\/www.interaccionnoticias.com.mx\/wp-content\/uploads\/2025\/11\/251120-Gustavo-Alarcon-Herrera-1024x683.jpg?ssl=1&w=800&resize=800&ssl=1 800w, https:\/\/i0.wp.com\/www.interaccionnoticias.com.mx\/wp-content\/uploads\/2025\/11\/251120-Gustavo-Alarcon-Herrera-1024x683.jpg?ssl=1&w=1024&resize=1024&ssl=1 1024w, https:\/\/i0.wp.com\/www.interaccionnoticias.com.mx\/wp-content\/uploads\/2025\/11\/251120-Gustavo-Alarcon-Herrera-1024x683.jpg?ssl=1&w=1280&resize=1280&ssl=1 1280w, https:\/\/i0.wp.com\/www.interaccionnoticias.com.mx\/wp-content\/uploads\/2025\/11\/251120-Gustavo-Alarcon-Herrera-1024x683.jpg?ssl=1&w=1600&resize=1600&ssl=1 1600w\" data-id=\"98367\" fifu-data-src=\"https:\/\/i0.wp.com\/www.interaccionnoticias.com.mx\/wp-content\/uploads\/2025\/11\/251120-Gustavo-Alarcon-Herrera-1024x683.jpg?ssl=1\" alt=\"\" class=\"wp-image-98367\"\/><\/figure>\n<\/figure>\n","protected":false},"excerpt":{"rendered":"<p>&#8212; En estas tierras pasaron hombres y mujeres que jugaron un papel determinante en el movimiento social Rosario Garc\u00eda Orozco Durante la conmemoraci\u00f3n del 115 aniversario de la Revoluci\u00f3n Mexicana,&hellip; <\/p>\n","protected":false},"author":14,"featured_media":98370,"comment_status":"open","ping_status":"open","sticky":false,"template":"","format":"standard","meta":{"fifu_image_url":"https:\/\/www.interaccionnoticias.com.mx\/wp-content\/uploads\/2025\/11\/251120-20-de-noviembre.jpg","fifu_image_alt":"","footnotes":""},"categories":[11],"tags":[],"class_list":["post-98365","post","type-post","status-publish","format-standard","has-post-thumbnail","hentry","category-guerrero"],"_links":{"self":[{"href":"https:\/\/www.interaccionnoticias.com.mx\/index.php?rest_route=\/wp\/v2\/posts\/98365","targetHints":{"allow":["GET"]}}],"collection":[{"href":"https:\/\/www.interaccionnoticias.com.mx\/index.php?rest_route=\/wp\/v2\/posts"}],"about":[{"href":"https:\/\/www.interaccionnoticias.com.mx\/index.php?rest_route=\/wp\/v2\/types\/post"}],"author":[{"embeddable":true,"href":"https:\/\/www.interaccionnoticias.com.mx\/index.php?rest_route=\/wp\/v2\/users\/14"}],"replies":[{"embeddable":true,"href":"https:\/\/www.interaccionnoticias.com.mx\/index.php?rest_route=%2Fwp%2Fv2%2Fcomments&post=98365"}],"version-history":[{"count":1,"href":"https:\/\/www.interaccionnoticias.com.mx\/index.php?rest_route=\/wp\/v2\/posts\/98365\/revisions"}],"predecessor-version":[{"id":98369,"href":"https:\/\/www.interaccionnoticias.com.mx\/index.php?rest_route=\/wp\/v2\/posts\/98365\/revisions\/98369"}],"wp:featuredmedia":[{"embeddable":true,"href":"https:\/\/www.interaccionnoticias.com.mx\/index.php?rest_route=\/wp\/v2\/media\/98370"}],"wp:attachment":[{"href":"https:\/\/www.interaccionnoticias.com.mx\/index.php?rest_route=%2Fwp%2Fv2%2Fmedia&parent=98365"}],"wp:term":[{"taxonomy":"category","embeddable":true,"href":"https:\/\/www.interaccionnoticias.com.mx\/index.php?rest_route=%2Fwp%2Fv2%2Fcategories&post=98365"},{"taxonomy":"post_tag","embeddable":true,"href":"https:\/\/www.interaccionnoticias.com.mx\/index.php?rest_route=%2Fwp%2Fv2%2Ftags&post=98365"}],"curies":[{"name":"wp","href":"https:\/\/api.w.org\/{rel}","templated":true}]}}