{"id":98343,"date":"2025-11-19T18:05:15","date_gmt":"2025-11-20T01:05:15","guid":{"rendered":"https:\/\/www.interaccionnoticias.com.mx\/?p=98343"},"modified":"2025-11-19T18:05:16","modified_gmt":"2025-11-20T01:05:16","slug":"gira-de-norona-por-guerrero-sin-animos-de-promover-ni-confrontar-a-nadie","status":"publish","type":"post","link":"https:\/\/www.interaccionnoticias.com.mx\/?p=98343","title":{"rendered":"Gira de Noro\u00f1a por Guerrero, sin \u00e1nimos de promover ni confrontar a nadie"},"content":{"rendered":"\n<p><em><strong>&#8212; Viernes, s\u00e1bado y domingo estar\u00e1 en la municipios de la Monta\u00f1a y Costa Chica<\/strong><\/em><\/p>\n\n\n\n<p><strong>Rogelio Agust\u00edn<\/strong><\/p>\n\n\n\n<p>El ex diputado federal por MORENA, Rub\u00e9n Cayetano Garc\u00eda sostuvo que durante la gira que el senador Gerardo Fern\u00e1ndez Noro\u00f1a realizar\u00e1 por Guerrero, los d\u00edas 21, 22 y 23 de noviembre, no habr\u00e1 de confrontar a ning\u00fan actor de la vida publica local o nacional.<\/p>\n\n\n\n<p>Cayetano Garc\u00eda inform\u00f3 que el ex presidente de la Mesa Directiva del Senado, estar\u00e1 en Taxco y Tixtla el pr\u00f3ximo viernes 21 de noviembre; en Tlapa, Mamilantepec e Iliatenco el s\u00e1bado 22, adem\u00e1s de San Luis Acatl\u00e1n, Marquelia y Juan R. Escudero el domingo 23.<\/p>\n\n\n\n<p>Explic\u00f3 que se trata \u00fanicamente de realizar asambleas informativas, que no tienen el inter\u00e9s de promover ning\u00fan tipo de aspiraci\u00f3n.<\/p>\n\n\n\n<p>\u201cNo se viene a confrontar a nadie, la gira obedece a su m\u00edstica de recorrer municipios, pueblos, comunidades, barrios, colonias, anexos por todo el pa\u00eds\u201d, anot\u00f3.<\/p>\n\n\n\n<p>El abogado refiri\u00f3 que la gira de Noro\u00f1a en Guerrero estaba programada desde junio, pero ante la proximidad de la elecci\u00f3n Judicial, los encuentros se tuvieron que posponer.<\/p>\n\n\n\n<p>Indic\u00f3: \u201cLa actividad no obedece a ninguna coyuntura de car\u00e1cter pol\u00edtica ni mucho menos, se trata de un recorrido que \u00e9l mismo denomina a ras de tierra\u201d.<\/p>\n\n\n\n<p>Anticip\u00f3 que se tiene la certeza de que una gira de trabajo en Guerrero siempre representa un reto para todo actor pol\u00edtico, por esa raz\u00f3n anticip\u00f3 que todos los que decidan acudir a las asambleas informativas tendr\u00e1n la oportunidad de participar.<\/p>\n","protected":false},"excerpt":{"rendered":"<p>&#8212; Viernes, s\u00e1bado y domingo estar\u00e1 en la municipios de la Monta\u00f1a y Costa Chica Rogelio Agust\u00edn El ex diputado federal por MORENA, Rub\u00e9n Cayetano Garc\u00eda sostuvo que durante la&hellip; <\/p>\n","protected":false},"author":21,"featured_media":98346,"comment_status":"open","ping_status":"open","sticky":false,"template":"","format":"standard","meta":{"fifu_image_url":"https:\/\/www.interaccionnoticias.com.mx\/wp-content\/uploads\/2025\/11\/251119-Ruben-Cayetano-Garcia.jpg","fifu_image_alt":"","footnotes":""},"categories":[21],"tags":[],"class_list":["post-98343","post","type-post","status-publish","format-standard","has-post-thumbnail","hentry","category-politica"],"_links":{"self":[{"href":"https:\/\/www.interaccionnoticias.com.mx\/index.php?rest_route=\/wp\/v2\/posts\/98343","targetHints":{"allow":["GET"]}}],"collection":[{"href":"https:\/\/www.interaccionnoticias.com.mx\/index.php?rest_route=\/wp\/v2\/posts"}],"about":[{"href":"https:\/\/www.interaccionnoticias.com.mx\/index.php?rest_route=\/wp\/v2\/types\/post"}],"author":[{"embeddable":true,"href":"https:\/\/www.interaccionnoticias.com.mx\/index.php?rest_route=\/wp\/v2\/users\/21"}],"replies":[{"embeddable":true,"href":"https:\/\/www.interaccionnoticias.com.mx\/index.php?rest_route=%2Fwp%2Fv2%2Fcomments&post=98343"}],"version-history":[{"count":1,"href":"https:\/\/www.interaccionnoticias.com.mx\/index.php?rest_route=\/wp\/v2\/posts\/98343\/revisions"}],"predecessor-version":[{"id":98345,"href":"https:\/\/www.interaccionnoticias.com.mx\/index.php?rest_route=\/wp\/v2\/posts\/98343\/revisions\/98345"}],"wp:featuredmedia":[{"embeddable":true,"href":"https:\/\/www.interaccionnoticias.com.mx\/index.php?rest_route=\/wp\/v2\/media\/98346"}],"wp:attachment":[{"href":"https:\/\/www.interaccionnoticias.com.mx\/index.php?rest_route=%2Fwp%2Fv2%2Fmedia&parent=98343"}],"wp:term":[{"taxonomy":"category","embeddable":true,"href":"https:\/\/www.interaccionnoticias.com.mx\/index.php?rest_route=%2Fwp%2Fv2%2Fcategories&post=98343"},{"taxonomy":"post_tag","embeddable":true,"href":"https:\/\/www.interaccionnoticias.com.mx\/index.php?rest_route=%2Fwp%2Fv2%2Ftags&post=98343"}],"curies":[{"name":"wp","href":"https:\/\/api.w.org\/{rel}","templated":true}]}}