{"id":98329,"date":"2025-11-19T14:42:55","date_gmt":"2025-11-19T21:42:55","guid":{"rendered":"https:\/\/www.interaccionnoticias.com.mx\/?p=98329"},"modified":"2025-11-19T14:42:56","modified_gmt":"2025-11-19T21:42:56","slug":"aprueba-el-congreso-el-calendario-de-comparecencias-de-secretarios-de-despacho-del-gobierno-de-guerrero-ocho-van-ante-el-pleno","status":"publish","type":"post","link":"https:\/\/www.interaccionnoticias.com.mx\/?p=98329","title":{"rendered":"Aprueba el Congreso el calendario de comparecencias de secretarios de despacho del Gobierno de Guerrero, ocho van ante el pleno"},"content":{"rendered":"\n<p><strong><em>&#8212; Seguridad P\u00fablica va ante comisiones unidas, no se considera llamar al titular de la Fiscal\u00eda de Guerrero<br>&#8212; Todos los partidos votan de manera un\u00e1nime el acuerdo presentado por la JUCOPO<\/em><\/strong><\/p>\n\n\n\n<p><strong>Rogelio Agust\u00edn<\/strong><\/p>\n\n\n\n<p>El pleno del Congreso local aprob\u00f3 el calendario de comparecencias de los secretarios de despacho del Gobierno de Guerrero, en el contexto del IV informe de la administraci\u00f3n que encabeza Evelyn Salgado Pineda, solo ocho titulares acudir\u00e1n ante el pleno.<\/p>\n\n\n\n<p>El acuerdo presentado por la Junta de Coordinaci\u00f3n Pol\u00edtica (JUCOPO) fue le\u00eddo por el legislador perredista Jorge Iv\u00e1n Ortega Jim\u00e9nez, recibi\u00f3 30 votos a favor, una abstenci\u00f3n y ninguno en contra, por lo que se aprob\u00f3 por la v\u00eda de la unanimidad.<\/p>\n\n\n\n<p>Va ante el pleno la encargada de la Secretar\u00eda General de Gobierno, Anacleta L\u00f3pez Vega y los titulares de las secretar\u00edas de Finanzas; Planeaci\u00f3n, Bienestar, Desarrollo Urbano, Turismo, Educaci\u00f3n y Salud.<\/p>\n\n\n\n<p>Ante comisiones va el secretario de Seguridad P\u00fablica, Daniel Ledezma Osuna; adem\u00e1s de los secretarios de Desarrollo Econ\u00f3mico, Agricultura, Trabajo y Previsi\u00f3n Social, Medio Ambiente, Protecci\u00f3n Civil, Cultura, Asuntos Ind\u00edgenas, de la Juventud, Migrantes y de la Contralor\u00eda.<\/p>\n\n\n\n<p>De acuerdo con el calendario aprobado previamente por la JUCOPO, la glosa del IV Informe de labores comienza con la exposici\u00f3n ante el pleno de la encargada de la Secretar\u00eda General de Gobierno, Anacleta L\u00f3pez Vega el lunes 24 de noviembre a las 10:00 horas, en tanto que a las 16:00 acudir\u00e1 el titular de Finanzas, Raymundo Segura Estrada.<\/p>\n\n\n\n<p>Para el martes 25, va el secretario de Educaci\u00f3n, Ricardo Castillo Pe\u00f1a a partir de las 10:00, acompa\u00f1ado del director del Instituto Guerrerense de Infraestructura Escolar (IGIFE), en tanto que para las 16:00 se presenta la responsable del sector Salud Alondra Garc\u00eda.<\/p>\n\n\n\n<p>El mi\u00e9rcoles 26 estar\u00e1 el secretario de Planeaci\u00f3n, Ren\u00e9 Vargas a las 10:00 horas y por la tarde el secretario de Bienestar, Pablo Andr\u00e9 Gordillo.<\/p>\n\n\n\n<p>Para el jueves va la titular de Desarrollo Urbano y Obras P\u00fablicas, Irene Montiel; acompa\u00f1ada de los directores de las comisiones de Agua Potable y Alcantarillado, as\u00ed como de Carreteras, Caminos y Aeropuertos del Estado.<\/p>\n\n\n\n<p>Por la tarde va el secretario de Turismo, Sim\u00f3n Qui\u00f1onez y con \u00e9l cierra la relaci\u00f3n de secretarios que van ante el pleno.<\/p>\n\n\n\n<p>Para el viernes 28, el titular de Seguridad P\u00fablica, Daniel Ledezma Ozuna comparecer\u00e1 ante las comisiones unidas de Seguridad, Derechos Humanos y Justicia del Congreso de Guerrero, a las 16:00 horas.<\/p>\n\n\n\n<p>Las comisiones del Congreso habr\u00e1 de calendarizar las comparecencias de las secretar\u00edas Desarrollo Econ\u00f3mico, Agricultura y Ganader\u00eda, Medio Ambiente, de la Mujer, Trabajo, Protecci\u00f3n Civil, Cultura, Asuntos Ind\u00edgenas, de la Juventud, de la Contralor\u00eda y del Migrante.<\/p>\n\n\n\n<p>No se considera llamar a comparecer al titular de la Fiscal\u00eda General del Estado (FGE), Zipagn\u00e1 Torres Ojeda, ya que se trata de un \u00f3rgano aut\u00f3nomo que no forma parte del gabinete estatal.<\/p>\n\n\n\n<figure class=\"wp-block-gallery has-nested-images columns-default is-cropped wp-block-gallery-1 is-layout-flex wp-block-gallery-is-layout-flex\">\n<figure class=\"wp-block-image size-large\"><img decoding=\"async\" src=\"data:image\/gif;base64,R0lGODlhAQABAIAAAAAAAP\/\/\/ywAAAAAAQABAAACAUwAOw==\" fifu-lazy=\"1\" fifu-data-sizes=\"auto\" fifu-data-srcset=\"https:\/\/i1.wp.com\/www.interaccionnoticias.com.mx\/wp-content\/uploads\/2025\/11\/251119-Congreso-de-Guerrero-1-1024x683.jpg?ssl=1&w=75&resize=75&ssl=1 75w, https:\/\/i1.wp.com\/www.interaccionnoticias.com.mx\/wp-content\/uploads\/2025\/11\/251119-Congreso-de-Guerrero-1-1024x683.jpg?ssl=1&w=100&resize=100&ssl=1 100w, https:\/\/i1.wp.com\/www.interaccionnoticias.com.mx\/wp-content\/uploads\/2025\/11\/251119-Congreso-de-Guerrero-1-1024x683.jpg?ssl=1&w=150&resize=150&ssl=1 150w, https:\/\/i1.wp.com\/www.interaccionnoticias.com.mx\/wp-content\/uploads\/2025\/11\/251119-Congreso-de-Guerrero-1-1024x683.jpg?ssl=1&w=240&resize=240&ssl=1 240w, https:\/\/i1.wp.com\/www.interaccionnoticias.com.mx\/wp-content\/uploads\/2025\/11\/251119-Congreso-de-Guerrero-1-1024x683.jpg?ssl=1&w=320&resize=320&ssl=1 320w, https:\/\/i1.wp.com\/www.interaccionnoticias.com.mx\/wp-content\/uploads\/2025\/11\/251119-Congreso-de-Guerrero-1-1024x683.jpg?ssl=1&w=500&resize=500&ssl=1 500w, https:\/\/i1.wp.com\/www.interaccionnoticias.com.mx\/wp-content\/uploads\/2025\/11\/251119-Congreso-de-Guerrero-1-1024x683.jpg?ssl=1&w=640&resize=640&ssl=1 640w, https:\/\/i1.wp.com\/www.interaccionnoticias.com.mx\/wp-content\/uploads\/2025\/11\/251119-Congreso-de-Guerrero-1-1024x683.jpg?ssl=1&w=800&resize=800&ssl=1 800w, https:\/\/i1.wp.com\/www.interaccionnoticias.com.mx\/wp-content\/uploads\/2025\/11\/251119-Congreso-de-Guerrero-1-1024x683.jpg?ssl=1&w=1024&resize=1024&ssl=1 1024w, https:\/\/i1.wp.com\/www.interaccionnoticias.com.mx\/wp-content\/uploads\/2025\/11\/251119-Congreso-de-Guerrero-1-1024x683.jpg?ssl=1&w=1280&resize=1280&ssl=1 1280w, https:\/\/i1.wp.com\/www.interaccionnoticias.com.mx\/wp-content\/uploads\/2025\/11\/251119-Congreso-de-Guerrero-1-1024x683.jpg?ssl=1&w=1600&resize=1600&ssl=1 1600w\" data-id=\"98331\" fifu-data-src=\"https:\/\/i1.wp.com\/www.interaccionnoticias.com.mx\/wp-content\/uploads\/2025\/11\/251119-Congreso-de-Guerrero-1-1024x683.jpg?ssl=1\" alt=\"\" class=\"wp-image-98331\"\/><\/figure>\n\n\n\n<figure class=\"wp-block-image size-large\"><img decoding=\"async\" src=\"data:image\/gif;base64,R0lGODlhAQABAIAAAAAAAP\/\/\/ywAAAAAAQABAAACAUwAOw==\" fifu-lazy=\"1\" fifu-data-sizes=\"auto\" fifu-data-srcset=\"https:\/\/i2.wp.com\/www.interaccionnoticias.com.mx\/wp-content\/uploads\/2025\/11\/251119-Congreso-de-Guerrero-2-1024x683.jpg?ssl=1&w=75&resize=75&ssl=1 75w, https:\/\/i2.wp.com\/www.interaccionnoticias.com.mx\/wp-content\/uploads\/2025\/11\/251119-Congreso-de-Guerrero-2-1024x683.jpg?ssl=1&w=100&resize=100&ssl=1 100w, https:\/\/i2.wp.com\/www.interaccionnoticias.com.mx\/wp-content\/uploads\/2025\/11\/251119-Congreso-de-Guerrero-2-1024x683.jpg?ssl=1&w=150&resize=150&ssl=1 150w, https:\/\/i2.wp.com\/www.interaccionnoticias.com.mx\/wp-content\/uploads\/2025\/11\/251119-Congreso-de-Guerrero-2-1024x683.jpg?ssl=1&w=240&resize=240&ssl=1 240w, https:\/\/i2.wp.com\/www.interaccionnoticias.com.mx\/wp-content\/uploads\/2025\/11\/251119-Congreso-de-Guerrero-2-1024x683.jpg?ssl=1&w=320&resize=320&ssl=1 320w, https:\/\/i2.wp.com\/www.interaccionnoticias.com.mx\/wp-content\/uploads\/2025\/11\/251119-Congreso-de-Guerrero-2-1024x683.jpg?ssl=1&w=500&resize=500&ssl=1 500w, https:\/\/i2.wp.com\/www.interaccionnoticias.com.mx\/wp-content\/uploads\/2025\/11\/251119-Congreso-de-Guerrero-2-1024x683.jpg?ssl=1&w=640&resize=640&ssl=1 640w, https:\/\/i2.wp.com\/www.interaccionnoticias.com.mx\/wp-content\/uploads\/2025\/11\/251119-Congreso-de-Guerrero-2-1024x683.jpg?ssl=1&w=800&resize=800&ssl=1 800w, https:\/\/i2.wp.com\/www.interaccionnoticias.com.mx\/wp-content\/uploads\/2025\/11\/251119-Congreso-de-Guerrero-2-1024x683.jpg?ssl=1&w=1024&resize=1024&ssl=1 1024w, https:\/\/i2.wp.com\/www.interaccionnoticias.com.mx\/wp-content\/uploads\/2025\/11\/251119-Congreso-de-Guerrero-2-1024x683.jpg?ssl=1&w=1280&resize=1280&ssl=1 1280w, https:\/\/i2.wp.com\/www.interaccionnoticias.com.mx\/wp-content\/uploads\/2025\/11\/251119-Congreso-de-Guerrero-2-1024x683.jpg?ssl=1&w=1600&resize=1600&ssl=1 1600w\" data-id=\"98330\" fifu-data-src=\"https:\/\/i2.wp.com\/www.interaccionnoticias.com.mx\/wp-content\/uploads\/2025\/11\/251119-Congreso-de-Guerrero-2-1024x683.jpg?ssl=1\" alt=\"\" class=\"wp-image-98330\"\/><\/figure>\n<\/figure>\n","protected":false},"excerpt":{"rendered":"<p>&#8212; Seguridad P\u00fablica va ante comisiones unidas, no se considera llamar al titular de la Fiscal\u00eda de Guerrero&#8212; Todos los partidos votan de manera un\u00e1nime el acuerdo presentado por la&hellip; <\/p>\n","protected":false},"author":21,"featured_media":98333,"comment_status":"open","ping_status":"open","sticky":false,"template":"","format":"standard","meta":{"fifu_image_url":"https:\/\/www.interaccionnoticias.com.mx\/wp-content\/uploads\/2025\/11\/251119-Congreso-de-Guerrero-2.jpg","fifu_image_alt":"","footnotes":""},"categories":[2],"tags":[],"class_list":["post-98329","post","type-post","status-publish","format-standard","has-post-thumbnail","hentry","category-congreso"],"_links":{"self":[{"href":"https:\/\/www.interaccionnoticias.com.mx\/index.php?rest_route=\/wp\/v2\/posts\/98329","targetHints":{"allow":["GET"]}}],"collection":[{"href":"https:\/\/www.interaccionnoticias.com.mx\/index.php?rest_route=\/wp\/v2\/posts"}],"about":[{"href":"https:\/\/www.interaccionnoticias.com.mx\/index.php?rest_route=\/wp\/v2\/types\/post"}],"author":[{"embeddable":true,"href":"https:\/\/www.interaccionnoticias.com.mx\/index.php?rest_route=\/wp\/v2\/users\/21"}],"replies":[{"embeddable":true,"href":"https:\/\/www.interaccionnoticias.com.mx\/index.php?rest_route=%2Fwp%2Fv2%2Fcomments&post=98329"}],"version-history":[{"count":1,"href":"https:\/\/www.interaccionnoticias.com.mx\/index.php?rest_route=\/wp\/v2\/posts\/98329\/revisions"}],"predecessor-version":[{"id":98332,"href":"https:\/\/www.interaccionnoticias.com.mx\/index.php?rest_route=\/wp\/v2\/posts\/98329\/revisions\/98332"}],"wp:featuredmedia":[{"embeddable":true,"href":"https:\/\/www.interaccionnoticias.com.mx\/index.php?rest_route=\/wp\/v2\/media\/98333"}],"wp:attachment":[{"href":"https:\/\/www.interaccionnoticias.com.mx\/index.php?rest_route=%2Fwp%2Fv2%2Fmedia&parent=98329"}],"wp:term":[{"taxonomy":"category","embeddable":true,"href":"https:\/\/www.interaccionnoticias.com.mx\/index.php?rest_route=%2Fwp%2Fv2%2Fcategories&post=98329"},{"taxonomy":"post_tag","embeddable":true,"href":"https:\/\/www.interaccionnoticias.com.mx\/index.php?rest_route=%2Fwp%2Fv2%2Ftags&post=98329"}],"curies":[{"name":"wp","href":"https:\/\/api.w.org\/{rel}","templated":true}]}}