{"id":98317,"date":"2025-11-19T13:40:46","date_gmt":"2025-11-19T20:40:46","guid":{"rendered":"https:\/\/www.interaccionnoticias.com.mx\/?p=98317"},"modified":"2025-11-19T13:40:47","modified_gmt":"2025-11-19T20:40:47","slug":"salgado-macedonio-se-lanza-contra-los-figueroa-dice-que-son-caciques-senalados-por-masacres","status":"publish","type":"post","link":"https:\/\/www.interaccionnoticias.com.mx\/?p=98317","title":{"rendered":"Salgado Macedonio se lanza contra los Figueroa; dice que son \u201ccaciques se\u00f1alados por masacres\u201d"},"content":{"rendered":"\n<p><strong><em>&#8212; \u201cEsas personas desde luego que no son bien recordadas en nuestro estado\u201d, se\u00f1ala en sus redes sociales<\/em><\/strong><\/p>\n\n\n\n<p><strong>Cristina Serrano<\/strong><\/p>\n\n\n\n<p><strong>Ciudad de M\u00e9xico a 19 de noviembre de 2025.-<\/strong> En una transmisi\u00f3n de Facebook, el senador F\u00e9lix Salgado Macedonio se lanz\u00f3 contra los ex gobernadores Rub\u00e9n Figueroa Figueroa y su hijo Rub\u00e9n Figueroa Alcocer, a quienes calific\u00f3 como \u201ccaciques\u201d responsables de masacres que marcaron la historia de Guerrero.<\/p>\n\n\n\n<p>El en vivo del tres veces candidato a la gubernatura de Guerrero se realiz\u00f3 desde la sala de sesiones del Senado de la Rep\u00fablica, que este mi\u00e9rcoles sostendr\u00e1 dos sesiones de trabajo.<\/p>\n\n\n\n<p>Ah\u00ed Salgado Macedonio ratific\u00f3 su respaldo a la presidenta Claudia Sheinbaum Pardo, quien asegur\u00f3, es objeto de una embestida impulsada por los partidos de derecha, a los que acus\u00f3 de promover los disturbios generados durante la marcha del pasado s\u00e1bado 15 de noviembre.<\/p>\n\n\n\n<p>Luego se asumi\u00f3 como parte de una generaci\u00f3n de guerrerenses que tienen su origen en el movimiento social, movimiento que ha confrontado a los caciques del pasado, \u201cesos que reprim\u00edan y mataban\u201d.<\/p>\n\n\n\n<p>En esa parte record\u00f3 que el ex gobernador Rub\u00e9n Figueroa Figueroa es se\u00f1alado por diversos hechos represivos en los a\u00f1os setenta, la mayor\u00eda registrados en la etapa que se conoce como la Guerra Sucia.<\/p>\n\n\n\n<p>\u201cNosotros traemos historia de m\u00e1s de 40 a\u00f1os, vengo de la Escuela Superior de Agricultura de la Universidad Aut\u00f3noma de Guerrero (UAGro), instalaciones que nos fueron arrebatadas por Figueroa Figueroa, distinguido por sus masacres en los setentas\u201d.<\/p>\n\n\n\n<p>Agreg\u00f3 que su hijo, Rub\u00e9n Figueroa Alcocer, estuvo al frente del gobierno estatal durante la matanza de Aguas Blancas, ocurrida el 28 de junio de 1995, considerada uno de los cap\u00edtulos m\u00e1s oscuros de Guerrero.<\/p>\n\n\n\n<p>\u201cEsas personas desde luego que no son bien recordadas en nuestro estado\u201d, afirm\u00f3 el senador, al subrayar que el pueblo guerrerense no olvida los abusos cometidos durante los gobiernos de los Figueroa.<\/p>\n\n\n\n<p>En contraste, destac\u00f3 que la actual administraci\u00f3n estatal, encabezada por la gobernadora Evelyn Cecia Salgado Pineda, pertenece a un proyecto de izquierda con \u201cideales y principios arraigados y definidos\u201d, orientados a la justicia social.<\/p>\n\n\n\n<p>Salgado Macedonio reiter\u00f3 su respeto al legado de luchadores sociales como Lucio Caba\u00f1as Barrientos y Genaro V\u00e1zquez Rojas, a quienes describi\u00f3 como referentes \u00e9ticos de las causas del pueblo.<\/p>\n\n\n\n<p>Adem\u00e1s, llam\u00f3 a mantener una lucha pac\u00edfica y asegur\u00f3 que la democracia que hoy vive el pa\u00eds es fruto del trabajo de l\u00edderes hist\u00f3ricos y del avance logrado durante el gobierno del expresidente Andr\u00e9s Manuel L\u00f3pez Obrador, consolidado ahora por la presidenta Claudia Sheinbaum Pardo.<\/p>\n\n\n\n<p>Cerr\u00f3 su transmisi\u00f3n en vivo: \u201cM\u00e1s puestos que nunca. No hay reversa. Todos con Claudia Sheinbaum\u201d.<\/p>\n","protected":false},"excerpt":{"rendered":"<p>&#8212; \u201cEsas personas desde luego que no son bien recordadas en nuestro estado\u201d, se\u00f1ala en sus redes sociales Cristina Serrano Ciudad de M\u00e9xico a 19 de noviembre de 2025.- En&hellip; <\/p>\n","protected":false},"author":34,"featured_media":98320,"comment_status":"open","ping_status":"open","sticky":false,"template":"","format":"standard","meta":{"fifu_image_url":"https:\/\/www.interaccionnoticias.com.mx\/wp-content\/uploads\/2025\/11\/251119-Felix-Salgado-Macedonio.jpg","fifu_image_alt":"","footnotes":""},"categories":[11],"tags":[],"class_list":["post-98317","post","type-post","status-publish","format-standard","has-post-thumbnail","hentry","category-guerrero"],"_links":{"self":[{"href":"https:\/\/www.interaccionnoticias.com.mx\/index.php?rest_route=\/wp\/v2\/posts\/98317","targetHints":{"allow":["GET"]}}],"collection":[{"href":"https:\/\/www.interaccionnoticias.com.mx\/index.php?rest_route=\/wp\/v2\/posts"}],"about":[{"href":"https:\/\/www.interaccionnoticias.com.mx\/index.php?rest_route=\/wp\/v2\/types\/post"}],"author":[{"embeddable":true,"href":"https:\/\/www.interaccionnoticias.com.mx\/index.php?rest_route=\/wp\/v2\/users\/34"}],"replies":[{"embeddable":true,"href":"https:\/\/www.interaccionnoticias.com.mx\/index.php?rest_route=%2Fwp%2Fv2%2Fcomments&post=98317"}],"version-history":[{"count":1,"href":"https:\/\/www.interaccionnoticias.com.mx\/index.php?rest_route=\/wp\/v2\/posts\/98317\/revisions"}],"predecessor-version":[{"id":98319,"href":"https:\/\/www.interaccionnoticias.com.mx\/index.php?rest_route=\/wp\/v2\/posts\/98317\/revisions\/98319"}],"wp:featuredmedia":[{"embeddable":true,"href":"https:\/\/www.interaccionnoticias.com.mx\/index.php?rest_route=\/wp\/v2\/media\/98320"}],"wp:attachment":[{"href":"https:\/\/www.interaccionnoticias.com.mx\/index.php?rest_route=%2Fwp%2Fv2%2Fmedia&parent=98317"}],"wp:term":[{"taxonomy":"category","embeddable":true,"href":"https:\/\/www.interaccionnoticias.com.mx\/index.php?rest_route=%2Fwp%2Fv2%2Fcategories&post=98317"},{"taxonomy":"post_tag","embeddable":true,"href":"https:\/\/www.interaccionnoticias.com.mx\/index.php?rest_route=%2Fwp%2Fv2%2Ftags&post=98317"}],"curies":[{"name":"wp","href":"https:\/\/api.w.org\/{rel}","templated":true}]}}