{"id":98313,"date":"2025-11-19T12:19:18","date_gmt":"2025-11-19T19:19:18","guid":{"rendered":"https:\/\/www.interaccionnoticias.com.mx\/?p=98313"},"modified":"2025-11-19T12:19:19","modified_gmt":"2025-11-19T19:19:19","slug":"gobierno-abre-convocatoria-para-actualizar-el-calendario-civico-de-guerrero","status":"publish","type":"post","link":"https:\/\/www.interaccionnoticias.com.mx\/?p=98313","title":{"rendered":"Gobierno abre convocatoria para actualizar el Calendario C\u00edvico de Guerrero"},"content":{"rendered":"\n<p><strong><em>El anuncio se da en un contexto de protestas de colectivos culturales y organizaciones sociales que el martes pasado exigieron la destituci\u00f3n de la titular de Cultura<\/em><\/strong><\/p>\n\n\n\n<p><strong>Jes\u00fas Dorantes \/ Chilpancingo<\/strong><\/p>\n\n\n\n<p>La Secretar\u00eda de Cultura del Estado lanz\u00f3 una convocatoria p\u00fablica para recibir propuestas de actualizaci\u00f3n y modificaci\u00f3n del Calendario C\u00edvico de Guerrero, luego de que la primera sesi\u00f3n ordinaria de la Comisi\u00f3n encargada de revisar esta normativa aprobara la iniciativa por unanimidad.<\/p>\n\n\n\n<p>El anuncio se da en un contexto de protestas de colectivos culturales y organizaciones sociales que el martes pasado exigieron la destituci\u00f3n de la titular de Cultura, Aida Melina Mart\u00ednez Rebolledo, por el homenaje oficial al exgobernador Rub\u00e9n Figueroa.<\/p>\n\n\n\n<p>Los manifestantes consideran que el acto representa una \u201cofensa hist\u00f3rica\u201d a las v\u00edctimas de la Guerra Sucia, y recuerdan los informes de la Comisi\u00f3n Nacional de Derechos Humanos que documentan ejecuciones extrajudiciales, desapariciones forzadas y otros cr\u00edmenes durante su mandato.<\/p>\n\n\n\n<p>La convocatoria busca que la ciudadan\u00eda, instituciones educativas, pueblos ind\u00edgenas y afromexicanos, organizaciones civiles y especialistas propongan cambios en el calendario estatal, incluyendo la eliminaci\u00f3n, modificaci\u00f3n o incorporaci\u00f3n de fechas conmemorativas, efem\u00e9rides y actos c\u00edvicos.<\/p>\n\n\n\n<p>Seg\u00fan el documento oficial, el objetivo es fortalecer la identidad guerrerense, reconocer la diversidad cultural y preservar la memoria hist\u00f3rica de todos los grupos sociales, con especial atenci\u00f3n a los pueblos ind\u00edgenas, afromexicanos y comunidades en situaci\u00f3n de vulnerabilidad.<\/p>\n\n\n\n<p>Las propuestas podr\u00e1n entregarse del 19 al 22 de noviembre, tanto de forma presencial en el Palacio de Cultura \u201cIgnacio Manuel Altamirano\u201d de Chilpancingo, como de manera digital a trav\u00e9s del correo.<\/p>\n","protected":false},"excerpt":{"rendered":"<p>El anuncio se da en un contexto de protestas de colectivos culturales y organizaciones sociales que el martes pasado exigieron la destituci\u00f3n de la titular de Cultura Jes\u00fas Dorantes \/&hellip; <\/p>\n","protected":false},"author":8,"featured_media":98316,"comment_status":"open","ping_status":"open","sticky":false,"template":"","format":"standard","meta":{"fifu_image_url":"https:\/\/www.interaccionnoticias.com.mx\/wp-content\/uploads\/2025\/11\/251119-Calendario-Civico.jpg","fifu_image_alt":"","footnotes":""},"categories":[11],"tags":[],"class_list":["post-98313","post","type-post","status-publish","format-standard","has-post-thumbnail","hentry","category-guerrero"],"_links":{"self":[{"href":"https:\/\/www.interaccionnoticias.com.mx\/index.php?rest_route=\/wp\/v2\/posts\/98313","targetHints":{"allow":["GET"]}}],"collection":[{"href":"https:\/\/www.interaccionnoticias.com.mx\/index.php?rest_route=\/wp\/v2\/posts"}],"about":[{"href":"https:\/\/www.interaccionnoticias.com.mx\/index.php?rest_route=\/wp\/v2\/types\/post"}],"author":[{"embeddable":true,"href":"https:\/\/www.interaccionnoticias.com.mx\/index.php?rest_route=\/wp\/v2\/users\/8"}],"replies":[{"embeddable":true,"href":"https:\/\/www.interaccionnoticias.com.mx\/index.php?rest_route=%2Fwp%2Fv2%2Fcomments&post=98313"}],"version-history":[{"count":1,"href":"https:\/\/www.interaccionnoticias.com.mx\/index.php?rest_route=\/wp\/v2\/posts\/98313\/revisions"}],"predecessor-version":[{"id":98315,"href":"https:\/\/www.interaccionnoticias.com.mx\/index.php?rest_route=\/wp\/v2\/posts\/98313\/revisions\/98315"}],"wp:featuredmedia":[{"embeddable":true,"href":"https:\/\/www.interaccionnoticias.com.mx\/index.php?rest_route=\/wp\/v2\/media\/98316"}],"wp:attachment":[{"href":"https:\/\/www.interaccionnoticias.com.mx\/index.php?rest_route=%2Fwp%2Fv2%2Fmedia&parent=98313"}],"wp:term":[{"taxonomy":"category","embeddable":true,"href":"https:\/\/www.interaccionnoticias.com.mx\/index.php?rest_route=%2Fwp%2Fv2%2Fcategories&post=98313"},{"taxonomy":"post_tag","embeddable":true,"href":"https:\/\/www.interaccionnoticias.com.mx\/index.php?rest_route=%2Fwp%2Fv2%2Ftags&post=98313"}],"curies":[{"name":"wp","href":"https:\/\/api.w.org\/{rel}","templated":true}]}}