{"id":98294,"date":"2025-11-18T17:30:00","date_gmt":"2025-11-19T00:30:00","guid":{"rendered":"https:\/\/www.interaccionnoticias.com.mx\/?p=98294"},"modified":"2025-11-18T17:30:01","modified_gmt":"2025-11-19T00:30:01","slug":"tijerazo-del-3-al-presupuesto-de-la-uagro-lamenta-el-rector-javier-saldana","status":"publish","type":"post","link":"https:\/\/www.interaccionnoticias.com.mx\/?p=98294","title":{"rendered":"\u201cTijerazo\u201d del 3 % al presupuesto de la UAGro, lamenta el rector Javier Salda\u00f1a"},"content":{"rendered":"\n<p><em><strong>&#8212; El rector, Javier Salda\u00f1a Almaz\u00e1n confi\u00f3 en que habr\u00e1 un reajuste positivo, cuando se apruebe el presupuesto de Guerrero<br>&#8212; Este mi\u00e9rcoles \u201ctocar\u00e1 puertas\u201d en la Ciudad de M\u00e9xico<\/strong><\/em><\/p>\n\n\n\n<p><strong>Rosario Garc\u00eda Orozco<\/strong><\/p>\n\n\n\n<p>El rector de la Universidad Aut\u00f3noma de Guerrero (Uagro), Javier Salda\u00f1a Almaz\u00e1n lament\u00f3 el recorte presupuestal del 3 porciento que sufri\u00f3 la M\u00e1xima Casa de Estudios en el paquete de egresos federal, pero conf\u00edo en que se realice un reajuste favorable en el \u00e1mbito estatal.<\/p>\n\n\n\n<p>Salda\u00f1a Almaz\u00e1n anticip\u00f3 que realizar\u00e1 gestiones para que se revierta la medida, como sucedi\u00f3 el a\u00f1o pasado.<\/p>\n\n\n\n<p>Para cumplir con ese objetivo mencion\u00f3 que se reunir\u00e1 con los integrantes de la Asociaci\u00f3n Nacional de Universidades e Instituciones de Educaci\u00f3n Superior (ANUEIS) de tal manera que puedan hacer llegar una tarjeta informativa a la presidenta Claudia Sheinbaum Pardo y a los diputados del Congreso de la Uni\u00f3n con quienes se reunir\u00e1n tambi\u00e9n.<\/p>\n\n\n\n<p>\u201cQuiero aclarar que de Hacienda mandaron el presupuesto reducido, y para que se haga la correcci\u00f3n correspondiente\u00bb, dijo Salda\u00f1a Almaz\u00e1n, quien pidi\u00f3 a los universitarios \u00abseamos optimistas estamos en la etapa de gesti\u00f3n Hacienda hizo este ajuste a la baja y creemos que se va a hacer el ajuste\u201d.<\/p>\n\n\n\n<p>Coment\u00f3 que de acuerdo a las previsiones que hay sobre la inflaci\u00f3n, \u00e9sta ser\u00e1 del 4.2 por ciento, lo cual aplicar\u00eda en un incremento al presupuesto de la Uagro en el mismo porcentaje para amortiguar la inflaci\u00f3n que se espera para el pr\u00f3ximo a\u00f1o.<\/p>\n\n\n\n<p>Insisti\u00f3 en que las gestiones para un ajuste favorable dar\u00e1n inicio desde este mi\u00e9rcoles, que viajar\u00e1 a la Ciudad de M\u00e9xico, con la confianza en que las autoridades federales hagan la rectificaci\u00f3n necesaria como ya ocurri\u00f3 con otras universidades estatales del pa\u00eds, entre ellas la UNAM, el Polit\u00e9cnico, \u201cyo tengo buen \u00e1nimo porque tenemos buena relaci\u00f3n\u201d.<\/p>\n\n\n\n<p>Record\u00f3 que en 2024 pas\u00f3 lo mismo, hubo una reducci\u00f3n respecto a las proyecciones inflacionarias, \u201cy nos corrigieron el presupuesto, esperamos tambi\u00e9n que este a\u00f1o suceda\u201d.<\/p>\n","protected":false},"excerpt":{"rendered":"<p>&#8212; El rector, Javier Salda\u00f1a Almaz\u00e1n confi\u00f3 en que habr\u00e1 un reajuste positivo, cuando se apruebe el presupuesto de Guerrero&#8212; Este mi\u00e9rcoles \u201ctocar\u00e1 puertas\u201d en la Ciudad de M\u00e9xico Rosario&hellip; <\/p>\n","protected":false},"author":14,"featured_media":98297,"comment_status":"open","ping_status":"open","sticky":false,"template":"","format":"standard","meta":{"fifu_image_url":"https:\/\/www.interaccionnoticias.com.mx\/wp-content\/uploads\/2025\/11\/251118-Javier-Saldana-Almazan-.jpg","fifu_image_alt":"","footnotes":""},"categories":[30],"tags":[],"class_list":["post-98294","post","type-post","status-publish","format-standard","has-post-thumbnail","hentry","category-universidad"],"_links":{"self":[{"href":"https:\/\/www.interaccionnoticias.com.mx\/index.php?rest_route=\/wp\/v2\/posts\/98294","targetHints":{"allow":["GET"]}}],"collection":[{"href":"https:\/\/www.interaccionnoticias.com.mx\/index.php?rest_route=\/wp\/v2\/posts"}],"about":[{"href":"https:\/\/www.interaccionnoticias.com.mx\/index.php?rest_route=\/wp\/v2\/types\/post"}],"author":[{"embeddable":true,"href":"https:\/\/www.interaccionnoticias.com.mx\/index.php?rest_route=\/wp\/v2\/users\/14"}],"replies":[{"embeddable":true,"href":"https:\/\/www.interaccionnoticias.com.mx\/index.php?rest_route=%2Fwp%2Fv2%2Fcomments&post=98294"}],"version-history":[{"count":1,"href":"https:\/\/www.interaccionnoticias.com.mx\/index.php?rest_route=\/wp\/v2\/posts\/98294\/revisions"}],"predecessor-version":[{"id":98296,"href":"https:\/\/www.interaccionnoticias.com.mx\/index.php?rest_route=\/wp\/v2\/posts\/98294\/revisions\/98296"}],"wp:featuredmedia":[{"embeddable":true,"href":"https:\/\/www.interaccionnoticias.com.mx\/index.php?rest_route=\/wp\/v2\/media\/98297"}],"wp:attachment":[{"href":"https:\/\/www.interaccionnoticias.com.mx\/index.php?rest_route=%2Fwp%2Fv2%2Fmedia&parent=98294"}],"wp:term":[{"taxonomy":"category","embeddable":true,"href":"https:\/\/www.interaccionnoticias.com.mx\/index.php?rest_route=%2Fwp%2Fv2%2Fcategories&post=98294"},{"taxonomy":"post_tag","embeddable":true,"href":"https:\/\/www.interaccionnoticias.com.mx\/index.php?rest_route=%2Fwp%2Fv2%2Ftags&post=98294"}],"curies":[{"name":"wp","href":"https:\/\/api.w.org\/{rel}","templated":true}]}}