{"id":9826,"date":"2017-11-06T19:16:23","date_gmt":"2017-11-07T01:16:23","guid":{"rendered":"http:\/\/www.inter-accion.com.mx\/?p=9826"},"modified":"2017-11-06T19:16:23","modified_gmt":"2017-11-07T01:16:23","slug":"no-se-tienen-elementos-para-vincular-a-los-autodefensas-de-mezcala-con-los-tequileros","status":"publish","type":"post","link":"https:\/\/www.interaccionnoticias.com.mx\/?p=9826","title":{"rendered":"No se tienen elementos para vincular a los autodefensas de Mezcala con Los Tequileros"},"content":{"rendered":"<p class=\"m_4731243123511055005x_MsoNormal\"><span lang=\"ES\">El vocero del Grupo de Coordinaci\u00f3n Guerrero (GCG), Roberto Alvarez Heredia manifest\u00f3 que hasta el momento no se tienen elementos de que los autodefensas de Mezcala, municipio de Eduardo Neri est\u00e9n relacionados con el grupo delictivo conocido como \u201cLos Tequileros\u201d.<\/span><\/p>\n<p class=\"m_4731243123511055005x_MsoNormal\"><span lang=\"ES\">Alvarez Heredia record\u00f3 que 39 de los 42 autodefensas detenidos el pasado 26 de septiembre ya fueron vinculados a proceso, por los delitos de portaci\u00f3n ilegal de arma de fuego y actuar en pandilla.<\/span><\/p>\n<p class=\"m_4731243123511055005x_MsoNormal\"><span lang=\"ES\">Tres de ellos est\u00e1n sujetos a proceso por el delito de secuestro, los que fueron trasladados al penal federal del estado de Durango.<\/span><\/p>\n<p class=\"m_4731243123511055005x_MsoNormal\"><span lang=\"ES\">Indic\u00f3 que es la Procuradur\u00eda General de la Rep\u00fablica (PGR) la que tiene el caso en sus manos, por lo que dicha instancia deber\u00e1 conocer las imputaciones que sumen a la indagatoria.<\/span><\/p>\n<p class=\"m_4731243123511055005x_MsoNormal\"><span lang=\"ES\">Hasta el momento, dijo que al seno del GCG no se tienen datos que relacionen a los integrantes de la denominada Polic\u00eda Comunitaria de Mezcala con el grupo delictivo de \u201cLos Tequileros\u201d, que operan principalmente en la regi\u00f3n de la Tierra Caliente.<\/span><\/p>\n<p class=\"m_4731243123511055005x_MsoNormal\"><span lang=\"ES\">No obstante, refiri\u00f3 que todos fueron detenidos por cometer actos que los colocaron fuera del marco legal.<\/span><\/p>\n<p class=\"m_4731243123511055005x_MsoNormal\"><span lang=\"ES\">En todo caso, indic\u00f3 que la PGR cuenta con un plazo de hasta cinco meses para establecer si hay elementos suficientes para vincular a los autodefensas con alg\u00fan grupo delictivo.<\/span><\/p>\n","protected":false},"excerpt":{"rendered":"<p>El vocero del Grupo de Coordinaci\u00f3n Guerrero (GCG), Roberto Alvarez Heredia manifest\u00f3 que hasta el momento no se tienen elementos de que los autodefensas de Mezcala, municipio de Eduardo Neri&hellip; <\/p>\n","protected":false},"author":1,"featured_media":0,"comment_status":"closed","ping_status":"closed","sticky":false,"template":"","format":"standard","meta":{"fifu_image_url":"","fifu_image_alt":"","footnotes":""},"categories":[8,27],"tags":[],"class_list":["post-9826","post","type-post","status-publish","format-standard","hentry","category-featured","category-seguridad-publica"],"_links":{"self":[{"href":"https:\/\/www.interaccionnoticias.com.mx\/index.php?rest_route=\/wp\/v2\/posts\/9826","targetHints":{"allow":["GET"]}}],"collection":[{"href":"https:\/\/www.interaccionnoticias.com.mx\/index.php?rest_route=\/wp\/v2\/posts"}],"about":[{"href":"https:\/\/www.interaccionnoticias.com.mx\/index.php?rest_route=\/wp\/v2\/types\/post"}],"author":[{"embeddable":true,"href":"https:\/\/www.interaccionnoticias.com.mx\/index.php?rest_route=\/wp\/v2\/users\/1"}],"replies":[{"embeddable":true,"href":"https:\/\/www.interaccionnoticias.com.mx\/index.php?rest_route=%2Fwp%2Fv2%2Fcomments&post=9826"}],"version-history":[{"count":0,"href":"https:\/\/www.interaccionnoticias.com.mx\/index.php?rest_route=\/wp\/v2\/posts\/9826\/revisions"}],"wp:attachment":[{"href":"https:\/\/www.interaccionnoticias.com.mx\/index.php?rest_route=%2Fwp%2Fv2%2Fmedia&parent=9826"}],"wp:term":[{"taxonomy":"category","embeddable":true,"href":"https:\/\/www.interaccionnoticias.com.mx\/index.php?rest_route=%2Fwp%2Fv2%2Fcategories&post=9826"},{"taxonomy":"post_tag","embeddable":true,"href":"https:\/\/www.interaccionnoticias.com.mx\/index.php?rest_route=%2Fwp%2Fv2%2Ftags&post=9826"}],"curies":[{"name":"wp","href":"https:\/\/api.w.org\/{rel}","templated":true}]}}