{"id":9822,"date":"2017-11-06T19:09:30","date_gmt":"2017-11-07T01:09:30","guid":{"rendered":"http:\/\/www.inter-accion.com.mx\/?p=9822"},"modified":"2017-11-06T19:09:30","modified_gmt":"2017-11-07T01:09:30","slug":"mitin-organizaciones-piden-la-liberacion-de-policias-comunitarios-presos","status":"publish","type":"post","link":"https:\/\/www.interaccionnoticias.com.mx\/?p=9822","title":{"rendered":"Con mitin, organizaciones piden la liberaci\u00f3n de polic\u00edas comunitarios presos"},"content":{"rendered":"<p><strong>Ya no hay argumentos legales para mantenerlo en prisi\u00f3n<\/strong><\/p>\n<p class=\"m_7793838953425453231x_MsoNormal\"><span lang=\"ES\">Con un mitin frente al Centro de Reinserci\u00f3n Social (Cereso) de Chilpancingo, organizaciones sociales exigieron la liberaci\u00f3n de tres polic\u00edas comunitarios presos; Gonzalo Molina Gonz\u00e1lez, Arturo Campos Herrera y Samuel Ram\u00edrez Garc\u00eda.<\/span><\/p>\n<p class=\"m_7793838953425453231x_MsoNormal\"><span lang=\"ES\">El continente integrado por familiares de Gonzalo Molina, estudiantes de la Normal Rural de Ayotzinapa y simpatizantes de la Coordinadora Regional de Autoridades Comunitarias (CRAC) lleg\u00f3 a la entrada principal del Cereso de Chilpancingo poco despu\u00e9s de las 11:00 horas del lunes 6 de noviembre.<\/span><\/p>\n<p class=\"m_7793838953425453231x_MsoNormal\"><span lang=\"ES\">Se tuvieron que quedar tras las vallas de metal que personal de la Secretar\u00eda de Seguridad P\u00fablica (SSP) coloc\u00f3 para evitar que llegara hasta el \u00e1rea de los juzgados.<\/span><\/p>\n<p class=\"m_7793838953425453231x_MsoNormal\"><span lang=\"ES\">Los manifestantes colocaron pancartas y mantas, en las que sostienen que ya no hay elementos jur\u00eddicos para mantener en prisi\u00f3n a los integrantes de la CRAC en los municipios de Tixtla y Ayutla de los Libres, pues la mayor\u00eda de las personas que les imputaban los delitos de terrorismo, robo agravado y lesiones ya decidieron retirarse del proceso.<\/span><\/p>\n<p class=\"m_7793838953425453231x_MsoNormal\"><span lang=\"ES\">Sin embargo, por razones que todav\u00eda no tienen claro&nbsp;&nbsp;los abogados de Molina Gonz\u00e1lez y Campos Herrera, las autoridades de Guerrero se aferran a mantenerlos en prisi\u00f3n, lo que califican como una grave violaci\u00f3n a los derechos humanos.<\/span><\/p>\n<p class=\"m_7793838953425453231x_MsoNormal\"><span lang=\"ES\">Con m\u00e1s de una hora de retraso, a la manifestaci\u00f3n se sumaron estudiantes de la Normal Rural de Ayotzinapa, quienes se\u00f1alaron que Molina y Campos son dirigentes sociales de muchos a\u00f1os, incluso de antes de sumarse al sistema de seguridad y justicia comunitario.<\/span><\/p>\n<p class=\"m_7793838953425453231x_MsoNormal\"><span lang=\"ES\">La protesta se prolong\u00f3 hasta las 14:45 horas, las organizaciones se retiraron luego de que una comisi\u00f3n entrara al penal para charlar con Gonzalo y el director del penal.<\/span><\/p>\n<p class=\"m_7793838953425453231x_MsoNormal\"><span lang=\"ES\">Por medio de alto parlantes, los integrantes de la comisi\u00f3n que ingres\u00f3 al penal dieron a conocer que observaron a Molina en buenas condiciones de salud, pero llamaron a insistir en la necesidad de que se cumpla la ley para permitir que el ex coordinador de la CRAC en Tixtla recupere su libertad.<\/span><\/p>\n","protected":false},"excerpt":{"rendered":"<p>Ya no hay argumentos legales para mantenerlo en prisi\u00f3n Con un mitin frente al Centro de Reinserci\u00f3n Social (Cereso) de Chilpancingo, organizaciones sociales exigieron la liberaci\u00f3n de tres polic\u00edas comunitarios&hellip; <\/p>\n","protected":false},"author":1,"featured_media":0,"comment_status":"closed","ping_status":"closed","sticky":false,"template":"","format":"standard","meta":{"fifu_image_url":"","fifu_image_alt":"","footnotes":""},"categories":[8,15],"tags":[],"class_list":["post-9822","post","type-post","status-publish","format-standard","hentry","category-featured","category-movimientos-sociales"],"_links":{"self":[{"href":"https:\/\/www.interaccionnoticias.com.mx\/index.php?rest_route=\/wp\/v2\/posts\/9822","targetHints":{"allow":["GET"]}}],"collection":[{"href":"https:\/\/www.interaccionnoticias.com.mx\/index.php?rest_route=\/wp\/v2\/posts"}],"about":[{"href":"https:\/\/www.interaccionnoticias.com.mx\/index.php?rest_route=\/wp\/v2\/types\/post"}],"author":[{"embeddable":true,"href":"https:\/\/www.interaccionnoticias.com.mx\/index.php?rest_route=\/wp\/v2\/users\/1"}],"replies":[{"embeddable":true,"href":"https:\/\/www.interaccionnoticias.com.mx\/index.php?rest_route=%2Fwp%2Fv2%2Fcomments&post=9822"}],"version-history":[{"count":0,"href":"https:\/\/www.interaccionnoticias.com.mx\/index.php?rest_route=\/wp\/v2\/posts\/9822\/revisions"}],"wp:attachment":[{"href":"https:\/\/www.interaccionnoticias.com.mx\/index.php?rest_route=%2Fwp%2Fv2%2Fmedia&parent=9822"}],"wp:term":[{"taxonomy":"category","embeddable":true,"href":"https:\/\/www.interaccionnoticias.com.mx\/index.php?rest_route=%2Fwp%2Fv2%2Fcategories&post=9822"},{"taxonomy":"post_tag","embeddable":true,"href":"https:\/\/www.interaccionnoticias.com.mx\/index.php?rest_route=%2Fwp%2Fv2%2Ftags&post=9822"}],"curies":[{"name":"wp","href":"https:\/\/api.w.org\/{rel}","templated":true}]}}