{"id":98206,"date":"2025-11-14T13:44:50","date_gmt":"2025-11-14T20:44:50","guid":{"rendered":"https:\/\/www.interaccionnoticias.com.mx\/?p=98206"},"modified":"2025-11-14T13:44:51","modified_gmt":"2025-11-14T20:44:51","slug":"lucio-cabanas-es-del-pueblo-dice-su-hija-micaela-y-confirma-homenaje-en-el-otatal-donde-cayo-el-jefe-guerrillero","status":"publish","type":"post","link":"https:\/\/www.interaccionnoticias.com.mx\/?p=98206","title":{"rendered":"\u201cLucio Caba\u00f1as es del pueblo\u201d, dice su hija Micaela y confirma homenaje en El Otatal, donde cay\u00f3 el jefe guerrillero"},"content":{"rendered":"\n<p><em><strong>&#8212; Admite que ya fue contactada por representantes del Gobierno de Guerrero, pero se\u00f1ala que ya gestion\u00f3 el apoyo log\u00edstico con el Ayuntamiento de Atoyac<br>&#8212; Recuerda que hace un a\u00f1o, la titular de la Secretar\u00eda de Cultura, A\u00edda Melina Mart\u00ednez le ofreci\u00f3 apoyo para la realizaci\u00f3n de 25 murales, pero solo entreg\u00f3 pintura para 1<br>&#8212; \u201cRub\u00e9n Figueroa Figueroa debe ser recordado, pero por lo que verdaderamente fue\u201d, apunta<\/strong><\/em><\/p>\n\n\n\n<p><strong>Rogelio Agust\u00edn<\/strong><\/p>\n\n\n\n<p>\u201cQue quede claro, Lucio es del pueblo\u201d, dijo Micaela Caba\u00f1as Ayala, hija del legendario l\u00edder del Partido de los Pobres (PDLP), a dos semanas de que se cumplan 51 a\u00f1os de su ca\u00edda en combate en El Otatal, municipio de Tecpan de Galeana.<\/p>\n\n\n\n<p>Caba\u00f1as Ayala difiere de quienes plantean que se borre de los registros de la historia el nombre del ex gobernador Rub\u00e9n Figueroa Figueroa, pues sostiene que eso ayudar\u00eda en mucho a quienes pretenden que se desconozca el saldo negativo de su gesti\u00f3n como titular del Poder Ejecutivo local.<\/p>\n\n\n\n<p>\u201cQue se le recuerde s\u00ed, pero como lo que fue, un genocida y un represor\u201d, puntualiz\u00f3 en una entrevista realizada la ma\u00f1ana del viernes 14 de noviembre.<\/p>\n\n\n\n<p>Cuestionada sobre el evento c\u00edvico realizado en el marco del 117 aniversario del natalicio del ingeniero Figueroa Figueroa, se\u00f1al\u00f3 que son muchos los pueblos de Guerrero que padecieron las malas decisiones \u201cy los horribles actos de tortura cometidos en contra de la poblaci\u00f3n\u201d.<\/p>\n\n\n\n<p>Sostuvo que dicho evento fue visto como un acto \u201cmuy agresivo\u201d para muchos hijos de v\u00edctimas y sobrevivientes de la \u00e9poca, porque en no pocos casos, hubo personas que no participaban en el movimiento guerrillero, pero a pesar de ser inocentes sufrieron la represi\u00f3n.<\/p>\n\n\n\n<p>Indic\u00f3: \u201cMuchos no lo saben, pero hay comunidades que sufrieron hambre por las malas decisiones\u201d.<\/p>\n\n\n\n<p>Incluso, refiere que resulta err\u00f3neo denominar como Guerra Sucia lo sucedido en la d\u00e9cada comprendida de 1969 a 1979.<\/p>\n\n\n\n<p>\u201cCreo que ni siquiera fue una guerra, porque esas se hacen en igualdad de condiciones, aqu\u00ed fue el gobierno contra la poblaci\u00f3n civil, contra la poblaci\u00f3n desprotegida. Fue un genocidio\u201d, anot\u00f3.<\/p>\n\n\n\n<p>S\u00ed habr\u00e1 homenaje en El Otatal<\/p>\n\n\n\n<p>Micaela Caba\u00f1as recuerda que hace un a\u00f1o, en el contexto de los 50 a\u00f1os de la muerte de su padre, solicit\u00f3 por medio de oficios el apoyo necesario para realizar 25 murales en lo que ahora se denomina como \u201cla ruta de la esperanza\u201d, comprendida por los pueblos que fueron reprimidos por ser considerados como zona de influencia del PDLP.<\/p>\n\n\n\n<p>La titular de SeCultura, Aida Melina Mart\u00ednez Rebolledo se hab\u00eda comprometido a entregar insumos para la elaboraci\u00f3n de los murales, pero el apoyo se redujo de 25 a 3 y finalmente solo se le otorg\u00f3 lo necesario para elaborar uno.<\/p>\n\n\n\n<p>\u201cElla nos dijo que ye estaban a finales de a\u00f1o, que no hab\u00eda presupuesto y al final aceptamos lo que nos dieron, que fue lo necesario para elaborar un mural\u201d, anot\u00f3.<\/p>\n\n\n\n<p>De cualquier manera, destac\u00f3 que el evento de los 50 a\u00f1os se realiz\u00f3 con el apoyo de las organizaciones sociales y de las comunidades.<\/p>\n\n\n\n<p>Para este a\u00f1o, dijo que se hicieron gestiones ante la presidenta municipal de Atoyac, Clara Elizabeth Bello R\u00edos desde el pasado mes de octubre, quien le respondi\u00f3 que no tiene ning\u00fan problema para facilitar la log\u00edstica, que comprende el pr\u00e9stamo de toldos, aguas y sillas.<\/p>\n\n\n\n<p>Coment\u00f3 que la ma\u00f1ana del jueves, representantes del Gobierno de Guerrero la contactaron telef\u00f3nicamente para informarle que ya est\u00e1 preparada toda la log\u00edstica del evento que est\u00e1 programado para el 2 de abril.<\/p>\n\n\n\n<p>Admiti\u00f3 que se debe gestionar lo m\u00ednimo para que el evento se pueda desarrollar, porque generalmente hay muchas intervenciones y estas no son breves, pues las personas llegan para dar testimonio de lo vivido y tambi\u00e9n para hablar sobre como perciben la situaci\u00f3n actual, del estado y del pa\u00eds.<\/p>\n\n\n\n<p>Sin embargo, admite que la log\u00edstica a la que se alude en el Gobierno de Guerrero puede ser la misma que ya acord\u00f3 con el municipio de Atoyac.<\/p>\n\n\n\n<p>Ella indica: \u201cLo que debe quedar claro es que Lucio es del pueblo, el evento hoy, ma\u00f1ana y siempre estar\u00e1 convocado por la familia Caba\u00f1as y las organizaciones que nos han acompa\u00f1ado\u201d.<\/p>\n\n\n\n<p>Los actos van a comenzar desde el 30 de noviembre, pues habr\u00e1 presentaciones de libros y para el 2 de diciembre el encuentro en el Otatal, lugar en el que asume, se registr\u00f3 el \u00faltimo aliento de su padre y dos integrantes m\u00e1s del PDLP.<\/p>\n\n\n\n<p>Agreg\u00f3: \u201cEn ese evento vamos a exigir la presentaci\u00f3n con vida de Marcelo, un joven de 15 a\u00f1os al que los soldados detuvieron con vida en la Sierra, le tomaron fotograf\u00edas y estas se conocieron, pero hasta el momento se desconoce su paradero\u201d.<\/p>\n\n\n\n<p><\/p>\n","protected":false},"excerpt":{"rendered":"<p>&#8212; Admite que ya fue contactada por representantes del Gobierno de Guerrero, pero se\u00f1ala que ya gestion\u00f3 el apoyo log\u00edstico con el Ayuntamiento de Atoyac&#8212; Recuerda que hace un a\u00f1o,&hellip; <\/p>\n","protected":false},"author":21,"featured_media":98209,"comment_status":"open","ping_status":"open","sticky":false,"template":"","format":"standard","meta":{"fifu_image_url":"https:\/\/www.interaccionnoticias.com.mx\/wp-content\/uploads\/2025\/11\/251114-Micaela-Cabanas-Ayala.jpg","fifu_image_alt":"","footnotes":""},"categories":[11],"tags":[],"class_list":["post-98206","post","type-post","status-publish","format-standard","has-post-thumbnail","hentry","category-guerrero"],"_links":{"self":[{"href":"https:\/\/www.interaccionnoticias.com.mx\/index.php?rest_route=\/wp\/v2\/posts\/98206","targetHints":{"allow":["GET"]}}],"collection":[{"href":"https:\/\/www.interaccionnoticias.com.mx\/index.php?rest_route=\/wp\/v2\/posts"}],"about":[{"href":"https:\/\/www.interaccionnoticias.com.mx\/index.php?rest_route=\/wp\/v2\/types\/post"}],"author":[{"embeddable":true,"href":"https:\/\/www.interaccionnoticias.com.mx\/index.php?rest_route=\/wp\/v2\/users\/21"}],"replies":[{"embeddable":true,"href":"https:\/\/www.interaccionnoticias.com.mx\/index.php?rest_route=%2Fwp%2Fv2%2Fcomments&post=98206"}],"version-history":[{"count":1,"href":"https:\/\/www.interaccionnoticias.com.mx\/index.php?rest_route=\/wp\/v2\/posts\/98206\/revisions"}],"predecessor-version":[{"id":98208,"href":"https:\/\/www.interaccionnoticias.com.mx\/index.php?rest_route=\/wp\/v2\/posts\/98206\/revisions\/98208"}],"wp:featuredmedia":[{"embeddable":true,"href":"https:\/\/www.interaccionnoticias.com.mx\/index.php?rest_route=\/wp\/v2\/media\/98209"}],"wp:attachment":[{"href":"https:\/\/www.interaccionnoticias.com.mx\/index.php?rest_route=%2Fwp%2Fv2%2Fmedia&parent=98206"}],"wp:term":[{"taxonomy":"category","embeddable":true,"href":"https:\/\/www.interaccionnoticias.com.mx\/index.php?rest_route=%2Fwp%2Fv2%2Fcategories&post=98206"},{"taxonomy":"post_tag","embeddable":true,"href":"https:\/\/www.interaccionnoticias.com.mx\/index.php?rest_route=%2Fwp%2Fv2%2Ftags&post=98206"}],"curies":[{"name":"wp","href":"https:\/\/api.w.org\/{rel}","templated":true}]}}