{"id":98179,"date":"2025-11-14T11:06:21","date_gmt":"2025-11-14T18:06:21","guid":{"rendered":"https:\/\/www.interaccionnoticias.com.mx\/?p=98179"},"modified":"2025-11-14T11:06:22","modified_gmt":"2025-11-14T18:06:22","slug":"colectivos-culturales-exigen-la-renuncia-de-la-secretaria-aida-melina-martinez-rebolledo","status":"publish","type":"post","link":"https:\/\/www.interaccionnoticias.com.mx\/?p=98179","title":{"rendered":"Colectivos culturales exigen la renuncia de la secretaria A\u00edda Melina Mart\u00ednez Rebolledo"},"content":{"rendered":"\n<p><strong><em>&#8212; La acusan de incurrir en omisiones que perjudican a la comunidad cultural del estado<\/em><\/strong><\/p>\n\n\n\n<p><strong>Jes\u00fas Dorantes<\/strong><\/p>\n\n\n\n<p>La ma\u00f1ana de este viernes, una representaci\u00f3n de diversos colectivos culturales del estado se concentr\u00f3 en las oficinas de la Secretar\u00eda de Cultura, ubicadas en el Z\u00f3calo de Chilpancingo para exigir la renuncia de su titular, A\u00edda Melina Mart\u00ednez Rebolledo. Los manifestantes acusaron a la funcionaria de falta de capacidad, omisi\u00f3n institucional y decisiones que ofenden la memoria hist\u00f3rica de Guerrero.<\/p>\n\n\n\n<p>La movilizaci\u00f3n estuvo encabezada por Josafat Nava Mozo, presidente del Frente de Arte y Cultura de Guerrero, quien indic\u00f3 que 144 organizaciones art\u00edsticas respaldan la demanda de separar a la secretaria de su cargo. Nava critic\u00f3 que Mart\u00ednez Rebolledo se ha negado al di\u00e1logo con los colectivos y carece del perfil profesional necesario para conducir una dependencia que consideran estancada y sin proyectos claros para atender al sector cultural.<\/p>\n\n\n\n<p>El detonante de la protesta fue el homenaje al exgobernador Rub\u00e9n Figueroa, se\u00f1alado por v\u00edctimas y activistas como responsable de torturas, desapariciones y asesinatos durante la guerra sucia. \u201cEste tipo de decisiones son una ofensa directa al pueblo de Guerrero\u201d, se\u00f1al\u00f3 Nava, quien record\u00f3 que \u00e9l mismo es uno de los \u00faltimos artistas sobrevivientes de esa etapa hist\u00f3rica.<\/p>\n\n\n\n<p>Los colectivos aseguraron que el malestar trasciende el homenaje. Nava relat\u00f3 que desde 2019 ha presentado propuestas culturales al gobierno federal y estatal, algunas aplicadas, como el programa Patios Culturales, pero que bajo la gesti\u00f3n de Mart\u00ednez Rebolledo no se ha abierto un espacio para discutir un plan serio de pacificaci\u00f3n a trav\u00e9s del arte.<\/p>\n\n\n\n<p>\u201cLe pedimos una mesa de trabajo y nos respondi\u00f3 que no. Hoy ya no queremos di\u00e1logo: queremos su salida\u201d, enfatiz\u00f3 el representante cultural, destacando que los colectivos continuar\u00e1n organizados para exigir un plan cultural integral que responda a las necesidades de Guerrero.<\/p>\n","protected":false},"excerpt":{"rendered":"<p>&#8212; La acusan de incurrir en omisiones que perjudican a la comunidad cultural del estado Jes\u00fas Dorantes La ma\u00f1ana de este viernes, una representaci\u00f3n de diversos colectivos culturales del estado&hellip; <\/p>\n","protected":false},"author":8,"featured_media":98182,"comment_status":"open","ping_status":"open","sticky":false,"template":"","format":"standard","meta":{"fifu_image_url":"https:\/\/www.interaccionnoticias.com.mx\/wp-content\/uploads\/2025\/11\/251114-Colectivos-culturales.jpg","fifu_image_alt":"","footnotes":""},"categories":[246],"tags":[],"class_list":["post-98179","post","type-post","status-publish","format-standard","has-post-thumbnail","hentry","category-cultura"],"_links":{"self":[{"href":"https:\/\/www.interaccionnoticias.com.mx\/index.php?rest_route=\/wp\/v2\/posts\/98179","targetHints":{"allow":["GET"]}}],"collection":[{"href":"https:\/\/www.interaccionnoticias.com.mx\/index.php?rest_route=\/wp\/v2\/posts"}],"about":[{"href":"https:\/\/www.interaccionnoticias.com.mx\/index.php?rest_route=\/wp\/v2\/types\/post"}],"author":[{"embeddable":true,"href":"https:\/\/www.interaccionnoticias.com.mx\/index.php?rest_route=\/wp\/v2\/users\/8"}],"replies":[{"embeddable":true,"href":"https:\/\/www.interaccionnoticias.com.mx\/index.php?rest_route=%2Fwp%2Fv2%2Fcomments&post=98179"}],"version-history":[{"count":1,"href":"https:\/\/www.interaccionnoticias.com.mx\/index.php?rest_route=\/wp\/v2\/posts\/98179\/revisions"}],"predecessor-version":[{"id":98181,"href":"https:\/\/www.interaccionnoticias.com.mx\/index.php?rest_route=\/wp\/v2\/posts\/98179\/revisions\/98181"}],"wp:featuredmedia":[{"embeddable":true,"href":"https:\/\/www.interaccionnoticias.com.mx\/index.php?rest_route=\/wp\/v2\/media\/98182"}],"wp:attachment":[{"href":"https:\/\/www.interaccionnoticias.com.mx\/index.php?rest_route=%2Fwp%2Fv2%2Fmedia&parent=98179"}],"wp:term":[{"taxonomy":"category","embeddable":true,"href":"https:\/\/www.interaccionnoticias.com.mx\/index.php?rest_route=%2Fwp%2Fv2%2Fcategories&post=98179"},{"taxonomy":"post_tag","embeddable":true,"href":"https:\/\/www.interaccionnoticias.com.mx\/index.php?rest_route=%2Fwp%2Fv2%2Ftags&post=98179"}],"curies":[{"name":"wp","href":"https:\/\/api.w.org\/{rel}","templated":true}]}}