{"id":98172,"date":"2025-11-13T20:27:54","date_gmt":"2025-11-14T03:27:54","guid":{"rendered":"https:\/\/www.interaccionnoticias.com.mx\/?p=98172"},"modified":"2025-11-13T20:27:55","modified_gmt":"2025-11-14T03:27:55","slug":"entre-lineas-y-votos-8","status":"publish","type":"post","link":"https:\/\/www.interaccionnoticias.com.mx\/?p=98172","title":{"rendered":"Entre L\u00edneas y votos"},"content":{"rendered":"\n<p><strong>El Plan Michoac\u00e1n\u2026 desde la comodidad de Palacio<\/strong><\/p>\n\n\n\n<p><strong>Alberto Catal\u00e1n Bastida<\/strong><\/p>\n\n\n\n<p><strong>14 de noviembre<\/strong><\/p>\n\n\n\n<p><strong>El Plan Michoac\u00e1n, desde la comodidad de Palacio Nacional.<\/strong><\/p>\n\n\n\n<p>La presentaci\u00f3n del llamado Plan Michoac\u00e1n por parte de la presidenta Claudia Sheinbaum lleg\u00f3 tarde, mal y para no variar, lejos del lugar donde realmente arde la crisis. El anuncio no se hizo en Uruapan, ni en Morelia, ni en la regi\u00f3n de la Tierra Caliente. Se hizo en la Ciudad de M\u00e9xico, desde la comodidad de Palacio Nacional, bien resguardado, sin riesgo de reclamos ciudadanos, sin la presi\u00f3n que representa mirar de frente a quienes hoy viven con miedo y desconfianza.<\/p>\n\n\n\n<p>Tras el asesinato del alcalde de Uruapan, el mensaje que el gobierno federal decidi\u00f3 enviar fue claro: distancia. Una distancia pol\u00edtica, f\u00edsica y emocional frente a una tragedia que deber\u00eda obligar a cualquier administraci\u00f3n a reaccionar con urgencia, no con protocolos teatrales ni ruedas de prensa cuidadosamente ensayadas.<\/p>\n\n\n\n<p>Como si fuera un montaje m\u00e1s de los tiempos de la \u201cCuarta Transformaci\u00f3n\u201d, el secretario de la Defensa, Ricardo Trevilla, y el titular de la Secretar\u00eda de Seguridad y Protecci\u00f3n Ciudadana realizaron un recorrido en Michoac\u00e1n en la batea de una camioneta del Ej\u00e9rcito. Una escena dise\u00f1ada para las c\u00e1maras, para la propaganda, para resolver absolutamente nada. \u00bfPara qu\u00e9 sirve ese espect\u00e1culo? \u00bfEn qu\u00e9 ayuda a la gente que vive secuestrada por la violencia, a los comerciantes extorsionados, a las comunidades que han sido abandonadas durante a\u00f1os? Pareciera un insulto a la inteligencia del pueblo de Michoac\u00e1n y del pa\u00eds entero.<\/p>\n\n\n\n<p>La tragedia no es exclusiva de esa entidad. En Guerrero, cuatro alcaldes en funciones han sido asesinados durante el gobierno de la morenista Evelyn Salgado. El r\u00e9cord m\u00e1s alto en la historia del estado. El m\u00e1s reciente, el alcalde de Chilpancingo, Alejandro Arcos, cruelmente asesinado ya bajo la administraci\u00f3n federal actual, que promet\u00eda una nueva visi\u00f3n de seguridad pero que repite las mismas inercias, los mismos silencios, los mismos errores.<\/p>\n\n\n\n<p>Si el homicidio de alcaldes ya no es suficiente para que el gabinete de seguridad pise los estados, \u00bfqu\u00e9 debe pasar? \u00bfCu\u00e1ntas autoridades m\u00e1s deben morir para que el gobierno federal deje de voltear hacia otro lado y asuma que su estrategia es un fracaso rotundo? \u00bfCu\u00e1nto falta para un \u201cPlan Guerrero\u201d? \u00bfCu\u00e1nto para un \u201cPlan Nacional\u201d que no sea un eslogan sino una respuesta contundente, seria y sostenida contra los grupos criminales?<\/p>\n\n\n\n<p>Mientras los funcionarios federales montan recorridos para las c\u00e1maras, los ciudadanos en Michoac\u00e1n, Guerrero y buena parte del pa\u00eds viven atrapados entre la indiferencia pol\u00edtica y la violencia sin freno. No se necesita un \u201cplan\u201d anunciado en Palacio Nacional. Se necesita voluntad, presencia real, presupuesto, coordinaci\u00f3n y una estrategia que deje de tratar la seguridad p\u00fablica como una puesta en escena.<\/p>\n\n\n\n<p>Porque lo que hoy se vive en M\u00e9xico no se resuelve con giras televisadas, sino con decisiones de Estado. Y esas, hasta ahora, siguen brillando por su ausencia.<\/p>\n\n\n\n<p>\u201cCuando la tiran\u00eda se hace ley, la rebeli\u00f3n es un derecho.\u201d Benjam\u00edn Franklin<\/p>\n","protected":false},"excerpt":{"rendered":"<p>El Plan Michoac\u00e1n\u2026 desde la comodidad de Palacio Alberto Catal\u00e1n Bastida 14 de noviembre El Plan Michoac\u00e1n, desde la comodidad de Palacio Nacional. La presentaci\u00f3n del llamado Plan Michoac\u00e1n por&hellip; <\/p>\n","protected":false},"author":37,"featured_media":98174,"comment_status":"open","ping_status":"open","sticky":false,"template":"","format":"standard","meta":{"fifu_image_url":"https:\/\/www.interaccionnoticias.com.mx\/wp-content\/uploads\/2025\/09\/Entre-Lineas-y-votos.jpg","fifu_image_alt":"","footnotes":""},"categories":[16],"tags":[],"class_list":["post-98172","post","type-post","status-publish","format-standard","has-post-thumbnail","hentry","category-opinion"],"_links":{"self":[{"href":"https:\/\/www.interaccionnoticias.com.mx\/index.php?rest_route=\/wp\/v2\/posts\/98172","targetHints":{"allow":["GET"]}}],"collection":[{"href":"https:\/\/www.interaccionnoticias.com.mx\/index.php?rest_route=\/wp\/v2\/posts"}],"about":[{"href":"https:\/\/www.interaccionnoticias.com.mx\/index.php?rest_route=\/wp\/v2\/types\/post"}],"author":[{"embeddable":true,"href":"https:\/\/www.interaccionnoticias.com.mx\/index.php?rest_route=\/wp\/v2\/users\/37"}],"replies":[{"embeddable":true,"href":"https:\/\/www.interaccionnoticias.com.mx\/index.php?rest_route=%2Fwp%2Fv2%2Fcomments&post=98172"}],"version-history":[{"count":1,"href":"https:\/\/www.interaccionnoticias.com.mx\/index.php?rest_route=\/wp\/v2\/posts\/98172\/revisions"}],"predecessor-version":[{"id":98173,"href":"https:\/\/www.interaccionnoticias.com.mx\/index.php?rest_route=\/wp\/v2\/posts\/98172\/revisions\/98173"}],"wp:featuredmedia":[{"embeddable":true,"href":"https:\/\/www.interaccionnoticias.com.mx\/index.php?rest_route=\/wp\/v2\/media\/98174"}],"wp:attachment":[{"href":"https:\/\/www.interaccionnoticias.com.mx\/index.php?rest_route=%2Fwp%2Fv2%2Fmedia&parent=98172"}],"wp:term":[{"taxonomy":"category","embeddable":true,"href":"https:\/\/www.interaccionnoticias.com.mx\/index.php?rest_route=%2Fwp%2Fv2%2Fcategories&post=98172"},{"taxonomy":"post_tag","embeddable":true,"href":"https:\/\/www.interaccionnoticias.com.mx\/index.php?rest_route=%2Fwp%2Fv2%2Ftags&post=98172"}],"curies":[{"name":"wp","href":"https:\/\/api.w.org\/{rel}","templated":true}]}}