{"id":9815,"date":"2017-11-06T18:19:48","date_gmt":"2017-11-07T00:19:48","guid":{"rendered":"http:\/\/www.inter-accion.com.mx\/?p=9815"},"modified":"2017-11-06T18:19:48","modified_gmt":"2017-11-07T00:19:48","slug":"astudillo-en-diez-dias-comienzan-a-fluir-los-recursos-para-la-reconstruccion-de-viviendas-danadas-por-los-sismos","status":"publish","type":"post","link":"https:\/\/www.interaccionnoticias.com.mx\/?p=9815","title":{"rendered":"Astudillo: En diez d\u00edas comienzan a fluir los recursos para la reconstrucci\u00f3n de viviendas da\u00f1adas por los sismos"},"content":{"rendered":"<p class=\"m_-7115504003989641655x_MsoListParagraph\"><strong><span lang=\"ES\">El gobernador conf\u00eda en que no habr\u00e1 malos manejos<\/span><\/strong><\/p>\n<p class=\"m_-7115504003989641655x_MsoNormal\"><span lang=\"ES\">El gobernador H\u00e9ctor Astudillo Flores anticip\u00f3 que los recursos destinados para la reconstrucci\u00f3n de las viviendas devastadas por los fen\u00f3menos naturales de septiembre pasado comenzar\u00e1n a fluir en un t\u00e9rmino de diez d\u00edas, plazo que correr\u00e1 a partir de este martes 7 de noviembre.<\/span><\/p>\n<p class=\"m_-7115504003989641655x_MsoNormal\"><span lang=\"ES\">El gobernador coment\u00f3 que la semana pasada se realizaron varias reuniones en la Ciudad de M\u00e9xico, de ellas el resultado fue el corrimiento de las fechas en que se canalizar\u00e1n los recursos destinados para la reconstrucci\u00f3n de las afectaciones generada por los fen\u00f3menos naturales registrados en septiembre, principalmente por el sismo del 19 .<\/span><\/p>\n<p class=\"m_-7115504003989641655x_MsoNormal\"><span lang=\"ES\">Astudillo explic\u00f3 que este 7 de noviembre se realizar\u00e1 una reuni\u00f3n en la que quedar\u00e1 oficializado el porcentaje de participaci\u00f3n del gobierno federal, a trav\u00e9s del Fondo de Desastres Naturales (FONDEN), que ser\u00e1 del 75 porciento cubierto por el gobierno de la Rep\u00fablica y 25 por las administraciones estatales.<\/span><\/p>\n<p class=\"m_-7115504003989641655x_MsoNormal\"><span lang=\"ES\">Astudillo explic\u00f3 que una vez que queden oficializados los porcentajes de participaci\u00f3n se cumplir\u00e1n varios pasos; primero el dinero se canalizar\u00e1 de la Secretar\u00eda de Hacienda y Cr\u00e9dito P\u00fablico (SHCP) de ah\u00ed llegar\u00e1 a BANOBRAS, luego al FONDEN y del FONDEN a BANSEFI, para entonces proceder a la emisi\u00f3n de las tarjetas que recibir\u00e1n los beneficiarios.<\/span><\/p>\n<p class=\"m_-7115504003989641655x_MsoNormal\"><span lang=\"ES\">Insisti\u00f3 en que todo ese procedimiento no se realizar\u00e1 en un d\u00eda, por eso hay un plazo que se debe acatar para&nbsp;&nbsp;evitar que en el proceso se presenten complicaciones severas.<\/span><\/p>\n<p class=\"m_-7115504003989641655x_MsoNormal\"><span lang=\"ES\">Aunque cada familia afectada tendr\u00e1 la posibilidad de autoconstruir su vivienda, el gobernador indic\u00f3 que en los casos en que se busque, se dar\u00e1 la orientaci\u00f3n necesaria para que la recuperaci\u00f3n del patrimonio perdido se realice sin mayores complicaciones.<\/span><\/p>\n","protected":false},"excerpt":{"rendered":"<p>El gobernador conf\u00eda en que no habr\u00e1 malos manejos El gobernador H\u00e9ctor Astudillo Flores anticip\u00f3 que los recursos destinados para la reconstrucci\u00f3n de las viviendas devastadas por los fen\u00f3menos naturales&hellip; <\/p>\n","protected":false},"author":1,"featured_media":0,"comment_status":"closed","ping_status":"closed","sticky":false,"template":"","format":"standard","meta":{"fifu_image_url":"","fifu_image_alt":"","footnotes":""},"categories":[8,11],"tags":[],"class_list":["post-9815","post","type-post","status-publish","format-standard","hentry","category-featured","category-guerrero"],"_links":{"self":[{"href":"https:\/\/www.interaccionnoticias.com.mx\/index.php?rest_route=\/wp\/v2\/posts\/9815","targetHints":{"allow":["GET"]}}],"collection":[{"href":"https:\/\/www.interaccionnoticias.com.mx\/index.php?rest_route=\/wp\/v2\/posts"}],"about":[{"href":"https:\/\/www.interaccionnoticias.com.mx\/index.php?rest_route=\/wp\/v2\/types\/post"}],"author":[{"embeddable":true,"href":"https:\/\/www.interaccionnoticias.com.mx\/index.php?rest_route=\/wp\/v2\/users\/1"}],"replies":[{"embeddable":true,"href":"https:\/\/www.interaccionnoticias.com.mx\/index.php?rest_route=%2Fwp%2Fv2%2Fcomments&post=9815"}],"version-history":[{"count":0,"href":"https:\/\/www.interaccionnoticias.com.mx\/index.php?rest_route=\/wp\/v2\/posts\/9815\/revisions"}],"wp:attachment":[{"href":"https:\/\/www.interaccionnoticias.com.mx\/index.php?rest_route=%2Fwp%2Fv2%2Fmedia&parent=9815"}],"wp:term":[{"taxonomy":"category","embeddable":true,"href":"https:\/\/www.interaccionnoticias.com.mx\/index.php?rest_route=%2Fwp%2Fv2%2Fcategories&post=9815"},{"taxonomy":"post_tag","embeddable":true,"href":"https:\/\/www.interaccionnoticias.com.mx\/index.php?rest_route=%2Fwp%2Fv2%2Ftags&post=9815"}],"curies":[{"name":"wp","href":"https:\/\/api.w.org\/{rel}","templated":true}]}}