{"id":9813,"date":"2017-11-06T18:23:36","date_gmt":"2017-11-07T00:23:36","guid":{"rendered":"http:\/\/www.inter-accion.com.mx\/?p=9813"},"modified":"2017-11-06T18:23:36","modified_gmt":"2017-11-07T00:23:36","slug":"para-la-seg-solo-70-escuelas-de-chilapa-no-tienen-clases-por-las-amenazas-del-crimen-organizado","status":"publish","type":"post","link":"https:\/\/www.interaccionnoticias.com.mx\/?p=9813","title":{"rendered":"Para la SEG, solo 70 escuelas de Chilapa no tienen clases, por las amenazas del crimen organizado"},"content":{"rendered":"<p class=\"m_-7080683359071954511x_MsoListParagraph\"><strong><span lang=\"ES\">Este lunes debieron reanudarse las actividades<\/span><\/strong><\/p>\n<p class=\"m_-7080683359071954511x_MsoNormal\"><span lang=\"ES\">El titular de la Secretar\u00eda de Educaci\u00f3n Guerrero (SEG), Jos\u00e9 Luis Gonz\u00e1lez de la Vega Otero sostuvo que solo tiene confirmada la suspensi\u00f3n de clases en 70 escuelas de nivel b\u00e1sico en Chilapa de Alvarez, a consecuencia de las amenazas dirigidas por supuestos grupos del crimen organizado.<\/span><\/p>\n<p class=\"m_-7080683359071954511x_MsoNormal\"><span lang=\"ES\">En Chilpancingo, De la Vega Otero sostuvo que hay en estos momentos una verdadera \u201cguerra de cifras\u201d en torno al tema de las escuelas que han cerrado sus puertas por el clima de violencia que se enfrenta en la regi\u00f3n Centro y parte de la Monta\u00f1a baja del estado.<\/span><\/p>\n<p class=\"m_-7080683359071954511x_MsoNormal\"><span lang=\"ES\">Aunque manifest\u00f3 que es respetuoso de las versiones dadas a conocer recientemente, en las que se maneja el n\u00famero de 600 planteles sin actividades escolares, por temor a que los amagues se concreticen, dijo que la dependencia a su cargo s\u00ed tiene un reporte de car\u00e1cter oficial, aunque la cantidad que se maneja es menor.<\/span><\/p>\n<p class=\"m_-7080683359071954511x_MsoNormal\"><span lang=\"ES\">El asunto dijo que est\u00e1 focalizado, gracias a la informaci\u00f3n proporcionada por la delegaci\u00f3n regional de la SEG, por lo que anot\u00f3: \u201cLo que nos dicen es que son alrededor de setenta escuelas cerradas\u201d.<\/span><\/p>\n<p class=\"m_-7080683359071954511x_MsoNormal\"><span lang=\"ES\">Admiti\u00f3 que el problema es complejo y no tiene que ver solo con el problema de la educaci\u00f3n, involucra tambi\u00e9n a dependencias como la Secretar\u00eda de Seguridad P\u00fablica.<\/span><\/p>\n<p class=\"m_-7080683359071954511x_MsoNormal\"><span lang=\"ES\">Gonz\u00e1lez De la Vega explic\u00f3 que ante el riesgo que enfrentan los trabajadores del sector, dijo que no hay m\u00e1s alternativa que dar el respaldo a los profesores.&nbsp;&nbsp;&nbsp;<\/span><\/p>\n<p class=\"m_-7080683359071954511x_MsoNormal\"><span lang=\"ES\">Explic\u00f3 que as\u00ed como se respet\u00f3 la decisi\u00f3n de maestros, padres de familia y alumnos que no quisieron ocupar escuelas hasta que se les dictaminara que eran seguras, ahora tambi\u00e9n se dar\u00e1 el respaldo que necesitan quienes prefieren presentarse hasta que pase el riesgo que representan las amenazas.<\/span><\/p>\n<p class=\"m_-7080683359071954511x_MsoNormal\"><span lang=\"ES\">Cuestionado sobre la forma en que se dan a conocer las acciones de presi\u00f3n en contra de los profesores, De la Vega&nbsp;&nbsp;indic\u00f3 que se trata fundamentalmente de mensajes de WhatsApp.<\/span><\/p>\n<p class=\"m_-7080683359071954511x_MsoNormal\"><span lang=\"ES\">Aclar\u00f3 que si se tratara solo del dicho de los mentores, la SEG dir\u00eda que se trata solo de situaciones que no tienen soporte, pero lo que se observa, es que la inquietud de los mentores es compartida por grupos de padres de familia, quienes se\u00f1alan que sus hijos no pueden ir en esas condiciones a clases, pues enfrentan el riesgo de quedarse&nbsp;&nbsp;en medio de un ataque armado.<\/span><\/p>\n<p class=\"m_-7080683359071954511x_MsoNormal\"><span lang=\"ES\">Record\u00f3 que la semana pasada hizo un llamado a los mentores para que reanudaran las actividades en todas las escuelas de Chilapa, tanto en la zona rural como urbana del municipio.<\/span><\/p>\n<p class=\"m_-7080683359071954511x_MsoNormal\"><span lang=\"ES\">Explic\u00f3 que dicho llamado se hizo a partir de la existencia de un operativo implementada por las instituciones encargadas de proporcionar seguridad a la poblaci\u00f3n, aunque no habl\u00f3 sobre las estrategias que se implementan.<\/span><\/p>\n<p class=\"m_-7080683359071954511x_MsoNormal\"><span lang=\"ES\">Indic\u00f3 que las autoridades atienden el problema generado por la falta de transporte p\u00fablico para llegar a las comunidades, ya que muchos choferes de diferentes rutas han sido agredidos por los grupos delictivos que operan la zona.<\/span><\/p>\n<p class=\"m_-7080683359071954511x_MsoNormal\"><span lang=\"ES\">Sin embargo, manifest\u00f3 que ya se toman las decisiones encaminadas a permitir que las escuelas reabran sus puertas, lo que pasa por garantizar la circulaci\u00f3n en las carreteras y mantener bajo resguardo las comunidades.<\/span><\/p>\n<p class=\"m_-7080683359071954511x_MsoNormal\"><span lang=\"ES\">Este martes, la SEG podr\u00eda sostener reuniones con grupos de maestros y padres de familia en Chilapa.<\/span><\/p>\n<p class=\"m_-7080683359071954511x_MsoNormal\"><strong><span lang=\"ES\">De los grupos que disputan la zona<\/span><\/strong><\/p>\n<p class=\"m_-7080683359071954511x_MsoNormal\"><span lang=\"ES\">En Chilapa, desde 2013 se recrudeci\u00f3 la pugna que sostienen Rojos y Ardillos, los grupos del crimen organizado que se disputan el control de Chilapa, adem\u00e1s de municipios como Zitlala, Ahuacoutzingo y Hueycantenango, en la Monta\u00f1a baja de la entidad.<\/span><\/p>\n<p class=\"m_-7080683359071954511x_MsoNormal\"><span lang=\"ES\">Sin embargo, fue hasta octubre de 2017 cuando se registraron las primeras amenazas en contra de los profesores de nivel primaria, a los que se llam\u00f3 a suspender clases \u201chasta nuevo aviso\u201d, principalmente a trav\u00e9s de perfiles ap\u00f3crifos en p\u00e1ginas de Facebook.<\/span><\/p>\n<p><span lang=\"ES\">El Centro de Derechos Humanos Jos\u00e9 Mar\u00eda Morelos y Pav\u00f3n, que representa Manuel Olivares Hern\u00e1ndez, ha se\u00f1alado que los actos de intimidaci\u00f3n dirigidos contra los trabajadores de la educaci\u00f3n deben tomarse muy en serio, pues la mayor\u00eda de las amenazas en la zona han estado acompa\u00f1adas de acciones que provocan la muerte violenta de personas, muchas de ellas inocente<\/span><\/p>\n","protected":false},"excerpt":{"rendered":"<p>Este lunes debieron reanudarse las actividades El titular de la Secretar\u00eda de Educaci\u00f3n Guerrero (SEG), Jos\u00e9 Luis Gonz\u00e1lez de la Vega Otero sostuvo que solo tiene confirmada la suspensi\u00f3n de&hellip; <\/p>\n","protected":false},"author":1,"featured_media":0,"comment_status":"closed","ping_status":"closed","sticky":false,"template":"","format":"standard","meta":{"fifu_image_url":"","fifu_image_alt":"","footnotes":""},"categories":[6,8],"tags":[],"class_list":["post-9813","post","type-post","status-publish","format-standard","hentry","category-educacion","category-featured"],"_links":{"self":[{"href":"https:\/\/www.interaccionnoticias.com.mx\/index.php?rest_route=\/wp\/v2\/posts\/9813","targetHints":{"allow":["GET"]}}],"collection":[{"href":"https:\/\/www.interaccionnoticias.com.mx\/index.php?rest_route=\/wp\/v2\/posts"}],"about":[{"href":"https:\/\/www.interaccionnoticias.com.mx\/index.php?rest_route=\/wp\/v2\/types\/post"}],"author":[{"embeddable":true,"href":"https:\/\/www.interaccionnoticias.com.mx\/index.php?rest_route=\/wp\/v2\/users\/1"}],"replies":[{"embeddable":true,"href":"https:\/\/www.interaccionnoticias.com.mx\/index.php?rest_route=%2Fwp%2Fv2%2Fcomments&post=9813"}],"version-history":[{"count":0,"href":"https:\/\/www.interaccionnoticias.com.mx\/index.php?rest_route=\/wp\/v2\/posts\/9813\/revisions"}],"wp:attachment":[{"href":"https:\/\/www.interaccionnoticias.com.mx\/index.php?rest_route=%2Fwp%2Fv2%2Fmedia&parent=9813"}],"wp:term":[{"taxonomy":"category","embeddable":true,"href":"https:\/\/www.interaccionnoticias.com.mx\/index.php?rest_route=%2Fwp%2Fv2%2Fcategories&post=9813"},{"taxonomy":"post_tag","embeddable":true,"href":"https:\/\/www.interaccionnoticias.com.mx\/index.php?rest_route=%2Fwp%2Fv2%2Ftags&post=9813"}],"curies":[{"name":"wp","href":"https:\/\/api.w.org\/{rel}","templated":true}]}}