{"id":98108,"date":"2025-11-12T19:26:00","date_gmt":"2025-11-13T02:26:00","guid":{"rendered":"https:\/\/www.interaccionnoticias.com.mx\/?p=98108"},"modified":"2025-11-12T22:03:36","modified_gmt":"2025-11-13T05:03:36","slug":"ejidatarios-de-carrizalillo-acusan-a-la-minera-equinox-gold-de-violar-leyes-mexicanas-y-danar-el-medio-ambiente","status":"publish","type":"post","link":"https:\/\/www.interaccionnoticias.com.mx\/?p=98108","title":{"rendered":"Ejidatarios de Carrizalillo acusan a la minera Equinox Gold de violar leyes mexicanas y da\u00f1ar el medio ambiente"},"content":{"rendered":"\n<p><strong><em>&#8212; Piden a la presidenta Claudia Sheinbaum sanciones severas y denuncian siete meses de abandono frente a la mina Los Filos<\/em><\/strong><\/p>\n\n\n\n<p><strong>Jes\u00fas Dorantes \/ Chilpancingo<\/strong><\/p>\n\n\n\n<p>Ejidatarios de Carrizalillo, municipio de Eduardo Neri, hicieron p\u00fablica una carta dirigida a la presidenta de M\u00e9xico, Claudia Sheinbaum Pardo, en la que acusan a la empresa canadiense Equinox Gold, operadora del proyecto minero Los Filos, de violar leyes mexicanas, contaminar el ambiente, incumplir acuerdos agrarios y mantener una postura de impunidad con respaldo institucional.<\/p>\n\n\n\n<p>En el documento, fechado el 11 de noviembre, los habitantes recordaron que desde hace siete meses mantienen un campamento de protesta afuera de la puerta 4 de la mina, luego de que la compa\u00f1\u00eda rompiera el di\u00e1logo y se negara a renegociar los convenios de arrendamiento de tierras y contraprestaciones sociales.<\/p>\n\n\n\n<p>Los ejidatarios se\u00f1alaron que la empresa redujo unilateralmente hasta en 64 por ciento los montos establecidos en convenios anteriores, y que, al no llegar a acuerdos, suspendi\u00f3 toda relaci\u00f3n sin iniciar el proceso legal de cierre y postcierre de mina.<\/p>\n\n\n\n<p>\u201cLiteralmente la empresa est\u00e1 cometiendo un delito grave que atenta contra nuestra vida, porque no tenemos forma de sostenernos desde hace siete meses\u201d, se lee en la carta.<\/p>\n\n\n\n<p>El documento detalla que Equinox Gold opera en flagrante desacato, pese a estar clausurada por la Procuradur\u00eda Federal de Protecci\u00f3n al Ambiente (Profepa) debido a da\u00f1os ambientales.<\/p>\n\n\n\n<p>Los ejidatarios denunciaron que la compa\u00f1\u00eda contin\u00faa con actividades de exploraci\u00f3n y no ha cumplido con los procesos de remediaci\u00f3n ambiental ordenados por las autoridades.<\/p>\n\n\n\n<p>Acusaron adem\u00e1s a funcionarios de la Secretar\u00eda de Econom\u00eda, entre ellos Jos\u00e9 Castro Hern\u00e1ndez, director general de Minas, y Jos\u00e9 Fernando Aboitiz Saro, titular de la Unidad de Coordinaci\u00f3n de Actividades Extractivas, de mantener una postura \u201csumisa al modelo extractivo\u201d y de proteger a la empresa canadiense.<\/p>\n\n\n\n<p>\u201cHay suficientes evidencias para que la Secretar\u00eda le quite la concesi\u00f3n, pero manejan comentarios absurdos de no detenerla hasta que exista una contaminaci\u00f3n grave\u201d, advirtieron.<\/p>\n\n\n\n<p>En la misiva, los ejidatarios tambi\u00e9n informaron que el proyecto Los Filos est\u00e1 sujeto a una auditor\u00eda fiscal del Servicio de Administraci\u00f3n Tributaria (SAT), derivada de una deducci\u00f3n por 206 millones de d\u00f3lares, alrededor de 4 mil millones de pesos, que la empresa report\u00f3 por deterioro de inventarios.<\/p>\n\n\n\n<p>Denunciaron que mientras la compa\u00f1\u00eda informa en Canad\u00e1 \u201cavances y proyectos sociales\u201d con comunidades vecinas, oculta ante sus accionistas que est\u00e1 clausurada por da\u00f1o ambiental y enfrenta demandas por despojo y contaminaci\u00f3n.<\/p>\n\n\n\n<figure class=\"wp-block-gallery has-nested-images columns-default is-cropped wp-block-gallery-1 is-layout-flex wp-block-gallery-is-layout-flex\">\n<figure class=\"wp-block-image size-large\"><img decoding=\"async\" src=\"data:image\/gif;base64,R0lGODlhAQABAIAAAAAAAP\/\/\/ywAAAAAAQABAAACAUwAOw==\" fifu-lazy=\"1\" fifu-data-sizes=\"auto\" fifu-data-srcset=\"https:\/\/i3.wp.com\/www.interaccionnoticias.com.mx\/wp-content\/uploads\/2025\/11\/251112-Ejidatarios-de-Carrizalillo-2-1024x683.jpg?ssl=1&w=75&resize=75&ssl=1 75w, https:\/\/i3.wp.com\/www.interaccionnoticias.com.mx\/wp-content\/uploads\/2025\/11\/251112-Ejidatarios-de-Carrizalillo-2-1024x683.jpg?ssl=1&w=100&resize=100&ssl=1 100w, https:\/\/i3.wp.com\/www.interaccionnoticias.com.mx\/wp-content\/uploads\/2025\/11\/251112-Ejidatarios-de-Carrizalillo-2-1024x683.jpg?ssl=1&w=150&resize=150&ssl=1 150w, https:\/\/i3.wp.com\/www.interaccionnoticias.com.mx\/wp-content\/uploads\/2025\/11\/251112-Ejidatarios-de-Carrizalillo-2-1024x683.jpg?ssl=1&w=240&resize=240&ssl=1 240w, https:\/\/i3.wp.com\/www.interaccionnoticias.com.mx\/wp-content\/uploads\/2025\/11\/251112-Ejidatarios-de-Carrizalillo-2-1024x683.jpg?ssl=1&w=320&resize=320&ssl=1 320w, https:\/\/i3.wp.com\/www.interaccionnoticias.com.mx\/wp-content\/uploads\/2025\/11\/251112-Ejidatarios-de-Carrizalillo-2-1024x683.jpg?ssl=1&w=500&resize=500&ssl=1 500w, https:\/\/i3.wp.com\/www.interaccionnoticias.com.mx\/wp-content\/uploads\/2025\/11\/251112-Ejidatarios-de-Carrizalillo-2-1024x683.jpg?ssl=1&w=640&resize=640&ssl=1 640w, https:\/\/i3.wp.com\/www.interaccionnoticias.com.mx\/wp-content\/uploads\/2025\/11\/251112-Ejidatarios-de-Carrizalillo-2-1024x683.jpg?ssl=1&w=800&resize=800&ssl=1 800w, https:\/\/i3.wp.com\/www.interaccionnoticias.com.mx\/wp-content\/uploads\/2025\/11\/251112-Ejidatarios-de-Carrizalillo-2-1024x683.jpg?ssl=1&w=1024&resize=1024&ssl=1 1024w, https:\/\/i3.wp.com\/www.interaccionnoticias.com.mx\/wp-content\/uploads\/2025\/11\/251112-Ejidatarios-de-Carrizalillo-2-1024x683.jpg?ssl=1&w=1280&resize=1280&ssl=1 1280w, https:\/\/i3.wp.com\/www.interaccionnoticias.com.mx\/wp-content\/uploads\/2025\/11\/251112-Ejidatarios-de-Carrizalillo-2-1024x683.jpg?ssl=1&w=1600&resize=1600&ssl=1 1600w\" data-id=\"98109\" fifu-data-src=\"https:\/\/i3.wp.com\/www.interaccionnoticias.com.mx\/wp-content\/uploads\/2025\/11\/251112-Ejidatarios-de-Carrizalillo-2-1024x683.jpg?ssl=1\" alt=\"\" class=\"wp-image-98109\"\/><\/figure>\n\n\n\n<figure class=\"wp-block-image size-large\"><img decoding=\"async\" src=\"data:image\/gif;base64,R0lGODlhAQABAIAAAAAAAP\/\/\/ywAAAAAAQABAAACAUwAOw==\" fifu-lazy=\"1\" fifu-data-sizes=\"auto\" fifu-data-srcset=\"https:\/\/i0.wp.com\/www.interaccionnoticias.com.mx\/wp-content\/uploads\/2025\/11\/251112-Ejidatarios-de-Carrizalillo-1-1024x683.jpg?ssl=1&w=75&resize=75&ssl=1 75w, https:\/\/i0.wp.com\/www.interaccionnoticias.com.mx\/wp-content\/uploads\/2025\/11\/251112-Ejidatarios-de-Carrizalillo-1-1024x683.jpg?ssl=1&w=100&resize=100&ssl=1 100w, https:\/\/i0.wp.com\/www.interaccionnoticias.com.mx\/wp-content\/uploads\/2025\/11\/251112-Ejidatarios-de-Carrizalillo-1-1024x683.jpg?ssl=1&w=150&resize=150&ssl=1 150w, https:\/\/i0.wp.com\/www.interaccionnoticias.com.mx\/wp-content\/uploads\/2025\/11\/251112-Ejidatarios-de-Carrizalillo-1-1024x683.jpg?ssl=1&w=240&resize=240&ssl=1 240w, https:\/\/i0.wp.com\/www.interaccionnoticias.com.mx\/wp-content\/uploads\/2025\/11\/251112-Ejidatarios-de-Carrizalillo-1-1024x683.jpg?ssl=1&w=320&resize=320&ssl=1 320w, https:\/\/i0.wp.com\/www.interaccionnoticias.com.mx\/wp-content\/uploads\/2025\/11\/251112-Ejidatarios-de-Carrizalillo-1-1024x683.jpg?ssl=1&w=500&resize=500&ssl=1 500w, https:\/\/i0.wp.com\/www.interaccionnoticias.com.mx\/wp-content\/uploads\/2025\/11\/251112-Ejidatarios-de-Carrizalillo-1-1024x683.jpg?ssl=1&w=640&resize=640&ssl=1 640w, https:\/\/i0.wp.com\/www.interaccionnoticias.com.mx\/wp-content\/uploads\/2025\/11\/251112-Ejidatarios-de-Carrizalillo-1-1024x683.jpg?ssl=1&w=800&resize=800&ssl=1 800w, https:\/\/i0.wp.com\/www.interaccionnoticias.com.mx\/wp-content\/uploads\/2025\/11\/251112-Ejidatarios-de-Carrizalillo-1-1024x683.jpg?ssl=1&w=1024&resize=1024&ssl=1 1024w, https:\/\/i0.wp.com\/www.interaccionnoticias.com.mx\/wp-content\/uploads\/2025\/11\/251112-Ejidatarios-de-Carrizalillo-1-1024x683.jpg?ssl=1&w=1280&resize=1280&ssl=1 1280w, https:\/\/i0.wp.com\/www.interaccionnoticias.com.mx\/wp-content\/uploads\/2025\/11\/251112-Ejidatarios-de-Carrizalillo-1-1024x683.jpg?ssl=1&w=1600&resize=1600&ssl=1 1600w\" data-id=\"98110\" fifu-data-src=\"https:\/\/i0.wp.com\/www.interaccionnoticias.com.mx\/wp-content\/uploads\/2025\/11\/251112-Ejidatarios-de-Carrizalillo-1-1024x683.jpg?ssl=1\" alt=\"\" class=\"wp-image-98110\"\/><\/figure>\n<\/figure>\n","protected":false},"excerpt":{"rendered":"<p>&#8212; Piden a la presidenta Claudia Sheinbaum sanciones severas y denuncian siete meses de abandono frente a la mina Los Filos Jes\u00fas Dorantes \/ Chilpancingo Ejidatarios de Carrizalillo, municipio de&hellip; <\/p>\n","protected":false},"author":8,"featured_media":98112,"comment_status":"open","ping_status":"open","sticky":false,"template":"","format":"standard","meta":{"fifu_image_url":"https:\/\/www.interaccionnoticias.com.mx\/wp-content\/uploads\/2025\/11\/251112-Ejidatarios-de-Carrizalillo-1.jpg","fifu_image_alt":"","footnotes":""},"categories":[23],"tags":[],"class_list":["post-98108","post","type-post","status-publish","format-standard","has-post-thumbnail","hentry","category-regionales"],"_links":{"self":[{"href":"https:\/\/www.interaccionnoticias.com.mx\/index.php?rest_route=\/wp\/v2\/posts\/98108","targetHints":{"allow":["GET"]}}],"collection":[{"href":"https:\/\/www.interaccionnoticias.com.mx\/index.php?rest_route=\/wp\/v2\/posts"}],"about":[{"href":"https:\/\/www.interaccionnoticias.com.mx\/index.php?rest_route=\/wp\/v2\/types\/post"}],"author":[{"embeddable":true,"href":"https:\/\/www.interaccionnoticias.com.mx\/index.php?rest_route=\/wp\/v2\/users\/8"}],"replies":[{"embeddable":true,"href":"https:\/\/www.interaccionnoticias.com.mx\/index.php?rest_route=%2Fwp%2Fv2%2Fcomments&post=98108"}],"version-history":[{"count":1,"href":"https:\/\/www.interaccionnoticias.com.mx\/index.php?rest_route=\/wp\/v2\/posts\/98108\/revisions"}],"predecessor-version":[{"id":98111,"href":"https:\/\/www.interaccionnoticias.com.mx\/index.php?rest_route=\/wp\/v2\/posts\/98108\/revisions\/98111"}],"wp:featuredmedia":[{"embeddable":true,"href":"https:\/\/www.interaccionnoticias.com.mx\/index.php?rest_route=\/wp\/v2\/media\/98112"}],"wp:attachment":[{"href":"https:\/\/www.interaccionnoticias.com.mx\/index.php?rest_route=%2Fwp%2Fv2%2Fmedia&parent=98108"}],"wp:term":[{"taxonomy":"category","embeddable":true,"href":"https:\/\/www.interaccionnoticias.com.mx\/index.php?rest_route=%2Fwp%2Fv2%2Fcategories&post=98108"},{"taxonomy":"post_tag","embeddable":true,"href":"https:\/\/www.interaccionnoticias.com.mx\/index.php?rest_route=%2Fwp%2Fv2%2Ftags&post=98108"}],"curies":[{"name":"wp","href":"https:\/\/api.w.org\/{rel}","templated":true}]}}