{"id":98103,"date":"2025-11-12T19:09:00","date_gmt":"2025-11-13T02:09:00","guid":{"rendered":"https:\/\/www.interaccionnoticias.com.mx\/?p=98103"},"modified":"2025-11-12T21:57:54","modified_gmt":"2025-11-13T04:57:54","slug":"en-guerrero-perfilan-modificacion-a-la-ley-sobre-simbolos-de-identidad-del-estado-tras-homenaje-a-ruben-figueroa-figueroa","status":"publish","type":"post","link":"https:\/\/www.interaccionnoticias.com.mx\/?p=98103","title":{"rendered":"En Guerrero, perfilan modificaci\u00f3n a la Ley sobre S\u00edmbolos de Identidad del Estado, tras homenaje a Rub\u00e9n Figueroa Figueroa"},"content":{"rendered":"\n<p><strong><em>&#8212; La gobernadora Evelyn Salgado Pineda dio la indicaci\u00f3n de adecuar el Calendario de Actividades C\u00edvicas<br>&#8212; El Grupo Parlamentario de MORENA, que es mayor\u00eda en el Congreso respald\u00f3 la determinaci\u00f3n<br>&#8212; Homenaje al ex gobernador Rub\u00e9n Figueroa Figueroa desat\u00f3 la inconformidad, lo consideran como el mandatario m\u00e1s sanguinario de la entidad<br>&#8212; Ratifican la solidaridad con las v\u00edctimas de los reg\u00edmenes autoritarios<\/em><\/strong><\/p>\n\n\n\n<p><strong>Rogelio Agust\u00edn<\/strong><\/p>\n\n\n\n<p>Los 25 integrantes del Grupo Parlamentario de MORENA respaldaron la determinaci\u00f3n de la gobernadora Evelyn Salgado Pineda, en el sentido de revisar a fondo la Ley 761 del Estado de Guerrero, con el objetivo de garantizar que el Calendario C\u00edvico de la entidad refleje los valores actuales de memoria, justicia y legalidad, sin que se lesiones a las v\u00edctimas de pasajes que han quedado grabadas en la memoria colectiva de la entidad.<\/p>\n\n\n\n<p>La tarde del mi\u00e9rcoles 12 de noviembre, se confirm\u00f3 que la jefa del Ejecutivo local hab\u00eda dado la instrucci\u00f3n de realizar una revisi\u00f3 a fondo de la Ley 761, tras la inconformidad manifiesta de organizaciones sociales, del magisterio disidente y entre otros, de colectivos que integran a familias que fueron v\u00edctimas de la Guerra Sucia de los a\u00f1os setentas.<\/p>\n\n\n\n<p>En un posicionamiento dado a conocer este mi\u00e9rcoles, el Gobierno de Guerrero refiri\u00f3 que el evento realizado en Huitzuco estuvo sustentado en el calendario c\u00edvico vigente, de acuerdo con la ley 761 aprobada e 2018.<\/p>\n\n\n\n<p>Sin embargo, admite qe los nuevos tiempos demandan ua mirada \u201cm\u00e1s cr\u00edtica y sensible sobre nuestra historia\u201d, por lo que se tom\u00f3 la determinaci\u00f3n de asumir medidas inmediatas para atender dicha situaci\u00f3n y evitar que se repitan situaciones similares en el futuro.<\/p>\n\n\n\n<p>Se cofirm\u00f3 la destituci\u00f3n de la directora de Actividades C\u00edvicas del Gobierno de la entidad, adem\u00e1s de la instalaci\u00f3n de un comit\u00e9 de Revisi\u00f3n del Calendario C\u00edvico, integrado por instituciones de sectores acad\u00e9micos y representantes de comunidades ind\u00edgenas y afromexicanas.<\/p>\n\n\n\n<p>Se plantea una reforma del acuerdo que incorpora a los ex gobernadores en el calenadario civico estatal, para establecer los criterios de reconocimiento y adecuarlos a los principios de memoria y respeto hist\u00f3rico.<\/p>\n\n\n\n<p>Se plantea: \u201cescuchar, corregir y avanzar son los actos de madurez democr\u00e1tica que fortalecen a nuestras instituciones, el Gobierno de Guerrer reafirma su compromiso con la memoria, la justicia y la reconciliaci\u00f3n\u201d.<\/p>\n\n\n\n<p><strong>Diputados de MORENA respaldan la revisi\u00f3n y posible reforma<\/strong><\/p>\n\n\n\n<p>La misma tarde, el Grupo Parlamentario de Morena en el Congreso local maifestaro que las leyes no deben afectar la memoria de las v\u00edctimas de la violencia pol\u00edtica de Estado, ocurrida durante reg\u00edmenes que son consideradps como autoritarios.<\/p>\n\n\n\n<p>Se\u00f1alan que la labor legislativa implica adecuar nuestros ordenamientos jur\u00eddicos a la realidad que hoy vive Guerrero y M\u00e9xico, que es una naci\u00f3n plural, incluyente, respetuosa de la diversidad de ideas, pero tambi\u00e9n con memoria hist\u00f3rica.<\/p>\n\n\n\n<p>En consecuencia asumen: \u201cNos sumarnos a la propuesta que impulsa la Gobernadora del Estado, para que, a trav\u00e9s de la Secretar\u00eda de Cultura y conforme a lo dispuesto en el art\u00edculo 31 de la Ley N\u00famero 761 sobre S\u00edmbolos de Identidad y Pertenencia del Estado de Guerrero, se realicen los trabajos necesarios para revisar de manera integral el Cap\u00edtulo VIII, Calendario C\u00edvico, del Art\u00edculo 30\u201d.<\/p>\n\n\n\n<p>Refieren que el objetivo es actualizar este marco normativo a las nuevas realidades sociales, pol\u00edticas y culturales, reconociendo a quienes verdaderamente han luchado por las libertades y la democracia, tal como lo expres\u00f3 la presidenta de la Rep\u00fablica, Claudia Sheinbaum Pardo la ma\u00f1ana del 12 de noviembre en Palacio Nacional.<\/p>\n\n\n\n<p>Anticipan que se eliminar\u00e1n de la ley aquellas referencias que no representen al pueblo de Guerrero, \u201cgarantizando que los s\u00edmbolos y conmemoraciones del estado sean expresi\u00f3n de identidad, justicia y memoria, sin dar lugar a distorsiones ni cultos a la personalidad\u201d.<\/p>\n\n\n\n<p>Indican adem\u00e1s, que el compromiso es impulsar con responsabilidad y a la brevedad la reforma correspondiente, para de acompa\u00f1ar el sentir de las organizaciones civiles y de las familias de v\u00edctimas de la represi\u00f3n.<\/p>\n\n\n\n<p>A las v\u00edctimas de los reg\u00edmenes autoritarios les se\u00f1alan: \u201cExpresamos nuestra solidaridad con su dolor, reconocemos su lucha y asumimos su causa como parte de nuestro deber. Guerrero es un pueblo con memoria, ejemplo de lucha y resistencia, porque un pueblo que no olvida su pasado, porque quien lo olvida est\u00e1 condenado a repetirlo\u201d.<\/p>\n\n\n\n<figure class=\"wp-block-gallery has-nested-images columns-default is-cropped wp-block-gallery-1 is-layout-flex wp-block-gallery-is-layout-flex\">\n<figure class=\"wp-block-image size-large\"><img decoding=\"async\" src=\"data:image\/gif;base64,R0lGODlhAQABAIAAAAAAAP\/\/\/ywAAAAAAQABAAACAUwAOw==\" fifu-lazy=\"1\" fifu-data-sizes=\"auto\" fifu-data-srcset=\"https:\/\/i0.wp.com\/www.interaccionnoticias.com.mx\/wp-content\/uploads\/2025\/11\/251112-Grupo-Parlamentario-de-MORENA-1024x683.jpg?ssl=1&w=75&resize=75&ssl=1 75w, https:\/\/i0.wp.com\/www.interaccionnoticias.com.mx\/wp-content\/uploads\/2025\/11\/251112-Grupo-Parlamentario-de-MORENA-1024x683.jpg?ssl=1&w=100&resize=100&ssl=1 100w, https:\/\/i0.wp.com\/www.interaccionnoticias.com.mx\/wp-content\/uploads\/2025\/11\/251112-Grupo-Parlamentario-de-MORENA-1024x683.jpg?ssl=1&w=150&resize=150&ssl=1 150w, https:\/\/i0.wp.com\/www.interaccionnoticias.com.mx\/wp-content\/uploads\/2025\/11\/251112-Grupo-Parlamentario-de-MORENA-1024x683.jpg?ssl=1&w=240&resize=240&ssl=1 240w, https:\/\/i0.wp.com\/www.interaccionnoticias.com.mx\/wp-content\/uploads\/2025\/11\/251112-Grupo-Parlamentario-de-MORENA-1024x683.jpg?ssl=1&w=320&resize=320&ssl=1 320w, https:\/\/i0.wp.com\/www.interaccionnoticias.com.mx\/wp-content\/uploads\/2025\/11\/251112-Grupo-Parlamentario-de-MORENA-1024x683.jpg?ssl=1&w=500&resize=500&ssl=1 500w, https:\/\/i0.wp.com\/www.interaccionnoticias.com.mx\/wp-content\/uploads\/2025\/11\/251112-Grupo-Parlamentario-de-MORENA-1024x683.jpg?ssl=1&w=640&resize=640&ssl=1 640w, https:\/\/i0.wp.com\/www.interaccionnoticias.com.mx\/wp-content\/uploads\/2025\/11\/251112-Grupo-Parlamentario-de-MORENA-1024x683.jpg?ssl=1&w=800&resize=800&ssl=1 800w, https:\/\/i0.wp.com\/www.interaccionnoticias.com.mx\/wp-content\/uploads\/2025\/11\/251112-Grupo-Parlamentario-de-MORENA-1024x683.jpg?ssl=1&w=1024&resize=1024&ssl=1 1024w, https:\/\/i0.wp.com\/www.interaccionnoticias.com.mx\/wp-content\/uploads\/2025\/11\/251112-Grupo-Parlamentario-de-MORENA-1024x683.jpg?ssl=1&w=1280&resize=1280&ssl=1 1280w, https:\/\/i0.wp.com\/www.interaccionnoticias.com.mx\/wp-content\/uploads\/2025\/11\/251112-Grupo-Parlamentario-de-MORENA-1024x683.jpg?ssl=1&w=1600&resize=1600&ssl=1 1600w\" data-id=\"98105\" fifu-data-src=\"https:\/\/i0.wp.com\/www.interaccionnoticias.com.mx\/wp-content\/uploads\/2025\/11\/251112-Grupo-Parlamentario-de-MORENA-1024x683.jpg?ssl=1\" alt=\"\" class=\"wp-image-98105\"\/><\/figure>\n\n\n\n<figure class=\"wp-block-image size-large\"><img decoding=\"async\" src=\"data:image\/gif;base64,R0lGODlhAQABAIAAAAAAAP\/\/\/ywAAAAAAQABAAACAUwAOw==\" fifu-lazy=\"1\" fifu-data-sizes=\"auto\" fifu-data-srcset=\"https:\/\/i0.wp.com\/www.interaccionnoticias.com.mx\/wp-content\/uploads\/2025\/11\/251112-Evelyn-Salgado-Pineda-1024x683.jpg?ssl=1&w=75&resize=75&ssl=1 75w, https:\/\/i0.wp.com\/www.interaccionnoticias.com.mx\/wp-content\/uploads\/2025\/11\/251112-Evelyn-Salgado-Pineda-1024x683.jpg?ssl=1&w=100&resize=100&ssl=1 100w, https:\/\/i0.wp.com\/www.interaccionnoticias.com.mx\/wp-content\/uploads\/2025\/11\/251112-Evelyn-Salgado-Pineda-1024x683.jpg?ssl=1&w=150&resize=150&ssl=1 150w, https:\/\/i0.wp.com\/www.interaccionnoticias.com.mx\/wp-content\/uploads\/2025\/11\/251112-Evelyn-Salgado-Pineda-1024x683.jpg?ssl=1&w=240&resize=240&ssl=1 240w, https:\/\/i0.wp.com\/www.interaccionnoticias.com.mx\/wp-content\/uploads\/2025\/11\/251112-Evelyn-Salgado-Pineda-1024x683.jpg?ssl=1&w=320&resize=320&ssl=1 320w, https:\/\/i0.wp.com\/www.interaccionnoticias.com.mx\/wp-content\/uploads\/2025\/11\/251112-Evelyn-Salgado-Pineda-1024x683.jpg?ssl=1&w=500&resize=500&ssl=1 500w, https:\/\/i0.wp.com\/www.interaccionnoticias.com.mx\/wp-content\/uploads\/2025\/11\/251112-Evelyn-Salgado-Pineda-1024x683.jpg?ssl=1&w=640&resize=640&ssl=1 640w, https:\/\/i0.wp.com\/www.interaccionnoticias.com.mx\/wp-content\/uploads\/2025\/11\/251112-Evelyn-Salgado-Pineda-1024x683.jpg?ssl=1&w=800&resize=800&ssl=1 800w, https:\/\/i0.wp.com\/www.interaccionnoticias.com.mx\/wp-content\/uploads\/2025\/11\/251112-Evelyn-Salgado-Pineda-1024x683.jpg?ssl=1&w=1024&resize=1024&ssl=1 1024w, https:\/\/i0.wp.com\/www.interaccionnoticias.com.mx\/wp-content\/uploads\/2025\/11\/251112-Evelyn-Salgado-Pineda-1024x683.jpg?ssl=1&w=1280&resize=1280&ssl=1 1280w, https:\/\/i0.wp.com\/www.interaccionnoticias.com.mx\/wp-content\/uploads\/2025\/11\/251112-Evelyn-Salgado-Pineda-1024x683.jpg?ssl=1&w=1600&resize=1600&ssl=1 1600w\" data-id=\"98104\" fifu-data-src=\"https:\/\/i0.wp.com\/www.interaccionnoticias.com.mx\/wp-content\/uploads\/2025\/11\/251112-Evelyn-Salgado-Pineda-1024x683.jpg?ssl=1\" alt=\"\" class=\"wp-image-98104\"\/><\/figure>\n<\/figure>\n","protected":false},"excerpt":{"rendered":"<p>&#8212; La gobernadora Evelyn Salgado Pineda dio la indicaci\u00f3n de adecuar el Calendario de Actividades C\u00edvicas&#8212; El Grupo Parlamentario de MORENA, que es mayor\u00eda en el Congreso respald\u00f3 la determinaci\u00f3n&#8212;&hellip; <\/p>\n","protected":false},"author":21,"featured_media":98107,"comment_status":"open","ping_status":"open","sticky":false,"template":"","format":"standard","meta":{"fifu_image_url":"https:\/\/www.interaccionnoticias.com.mx\/wp-content\/uploads\/2025\/11\/251112-Evelyn-Salgado-Pineda.jpg","fifu_image_alt":"","footnotes":""},"categories":[11],"tags":[],"class_list":["post-98103","post","type-post","status-publish","format-standard","has-post-thumbnail","hentry","category-guerrero"],"_links":{"self":[{"href":"https:\/\/www.interaccionnoticias.com.mx\/index.php?rest_route=\/wp\/v2\/posts\/98103","targetHints":{"allow":["GET"]}}],"collection":[{"href":"https:\/\/www.interaccionnoticias.com.mx\/index.php?rest_route=\/wp\/v2\/posts"}],"about":[{"href":"https:\/\/www.interaccionnoticias.com.mx\/index.php?rest_route=\/wp\/v2\/types\/post"}],"author":[{"embeddable":true,"href":"https:\/\/www.interaccionnoticias.com.mx\/index.php?rest_route=\/wp\/v2\/users\/21"}],"replies":[{"embeddable":true,"href":"https:\/\/www.interaccionnoticias.com.mx\/index.php?rest_route=%2Fwp%2Fv2%2Fcomments&post=98103"}],"version-history":[{"count":1,"href":"https:\/\/www.interaccionnoticias.com.mx\/index.php?rest_route=\/wp\/v2\/posts\/98103\/revisions"}],"predecessor-version":[{"id":98106,"href":"https:\/\/www.interaccionnoticias.com.mx\/index.php?rest_route=\/wp\/v2\/posts\/98103\/revisions\/98106"}],"wp:featuredmedia":[{"embeddable":true,"href":"https:\/\/www.interaccionnoticias.com.mx\/index.php?rest_route=\/wp\/v2\/media\/98107"}],"wp:attachment":[{"href":"https:\/\/www.interaccionnoticias.com.mx\/index.php?rest_route=%2Fwp%2Fv2%2Fmedia&parent=98103"}],"wp:term":[{"taxonomy":"category","embeddable":true,"href":"https:\/\/www.interaccionnoticias.com.mx\/index.php?rest_route=%2Fwp%2Fv2%2Fcategories&post=98103"},{"taxonomy":"post_tag","embeddable":true,"href":"https:\/\/www.interaccionnoticias.com.mx\/index.php?rest_route=%2Fwp%2Fv2%2Ftags&post=98103"}],"curies":[{"name":"wp","href":"https:\/\/api.w.org\/{rel}","templated":true}]}}