{"id":98079,"date":"2025-11-12T12:52:00","date_gmt":"2025-11-12T19:52:00","guid":{"rendered":"https:\/\/www.interaccionnoticias.com.mx\/?p=98079"},"modified":"2025-11-12T21:03:49","modified_gmt":"2025-11-13T04:03:49","slug":"ayuntamiento-de-chilpancingo-condena-asesinato-y-exige-justicia-para-funcionario-asesinado","status":"publish","type":"post","link":"https:\/\/www.interaccionnoticias.com.mx\/?p=98079","title":{"rendered":"Ayuntamiento de Chilpancingo condena asesinato y exige justicia para funcionario asesinado"},"content":{"rendered":"\n<p><strong><em>&#8212; Demanda una investigaci\u00f3n expedita, que permita esclarecer el crimen y detener a los responsables<br>&#8212; Pide que la coordinaci\u00f3n con los otros niveles de gobierno sea permanente<\/em><\/strong><\/p>\n\n\n\n<p><strong>Rogelio Agust\u00edn<\/strong><\/p>\n\n\n\n<p>El Ayuntamiento de Chilpancingo conden\u00f3 el asesinato perpetrado en contra de Luis Alberto Rueda Maldonado, quien se desempe\u00f1aba como jefe de V\u00eda P\u00fablica en la administraci\u00f3n local, por lo que demand\u00f3 una investigaci\u00f3n justa y expedita, para esclarecer el crimen y detener a los responsables.<\/p>\n\n\n\n<p>Pasado el mediod\u00eda del martes, el Ayuntamiento que preside el alcalde Gustvo Alarc\u00f3n Herrera emiti\u00f3 un comunicado en el que conden\u00f3 el asesinato perpetrado en las inmediaciones de la colonia El Tomatal, en el sector oriente de la ciudad.<\/p>\n\n\n\n<p>Enseguida plantea el reclamo de justicia: \u201cA las autoridades competentes exigimos justicia, una investigaci\u00f3n profesional, justa y expedita para esclarecer lo sucedido y que los responsables de este cobarde acto no queden impunes\u201d.<\/p>\n\n\n\n<p>En el comunicado se manifiesta la solidaridad y empat\u00eda con la familia de Rueda Maldonado, se\u00f1alando que realizaba su trabajo de manera digna, adem\u00e1s de que se le reconoc\u00eda un trato digno con sus compa\u00f1eros de \u00e1rea.<\/p>\n\n\n\n<p>Tambi\u00e9n plantea que Chilpancingo es una ciudad que merece vivir en paz: \u201crechazamos que la violencia se normalice, llevamos casi un a\u00f1o luchando contra la adversidad, hemos hecho lo que nunca nadie esper\u00f3, que es poner de pie al gobierno, trabajar con eficacia y servir al pueblo de manera responsable\u201d.<\/p>\n\n\n\n<p>El documento refiere que el municipio ha hecho lo necesario por mantener la seguridad en la ciudad, sin embargo anota: \u201crequerimos que federaci\u00f3n, estado y municipio trabajemos unidos todos los d\u00edas, para garantizar la seguridad de quienes vivimos aqu\u00ed\u201d.<\/p>\n\n\n\n<figure class=\"wp-block-gallery has-nested-images columns-default is-cropped wp-block-gallery-1 is-layout-flex wp-block-gallery-is-layout-flex\">\n<figure class=\"wp-block-image size-large\"><img decoding=\"async\" src=\"data:image\/gif;base64,R0lGODlhAQABAIAAAAAAAP\/\/\/ywAAAAAAQABAAACAUwAOw==\" fifu-lazy=\"1\" fifu-data-sizes=\"auto\" fifu-data-srcset=\"https:\/\/i3.wp.com\/www.interaccionnoticias.com.mx\/wp-content\/uploads\/2025\/11\/251112-Ayuntamiento-de-Chilpancingo-1-707x1024.jpg?ssl=1&w=75&resize=75&ssl=1 75w, https:\/\/i3.wp.com\/www.interaccionnoticias.com.mx\/wp-content\/uploads\/2025\/11\/251112-Ayuntamiento-de-Chilpancingo-1-707x1024.jpg?ssl=1&w=100&resize=100&ssl=1 100w, https:\/\/i3.wp.com\/www.interaccionnoticias.com.mx\/wp-content\/uploads\/2025\/11\/251112-Ayuntamiento-de-Chilpancingo-1-707x1024.jpg?ssl=1&w=150&resize=150&ssl=1 150w, https:\/\/i3.wp.com\/www.interaccionnoticias.com.mx\/wp-content\/uploads\/2025\/11\/251112-Ayuntamiento-de-Chilpancingo-1-707x1024.jpg?ssl=1&w=240&resize=240&ssl=1 240w, https:\/\/i3.wp.com\/www.interaccionnoticias.com.mx\/wp-content\/uploads\/2025\/11\/251112-Ayuntamiento-de-Chilpancingo-1-707x1024.jpg?ssl=1&w=320&resize=320&ssl=1 320w, https:\/\/i3.wp.com\/www.interaccionnoticias.com.mx\/wp-content\/uploads\/2025\/11\/251112-Ayuntamiento-de-Chilpancingo-1-707x1024.jpg?ssl=1&w=500&resize=500&ssl=1 500w, https:\/\/i3.wp.com\/www.interaccionnoticias.com.mx\/wp-content\/uploads\/2025\/11\/251112-Ayuntamiento-de-Chilpancingo-1-707x1024.jpg?ssl=1&w=640&resize=640&ssl=1 640w, https:\/\/i3.wp.com\/www.interaccionnoticias.com.mx\/wp-content\/uploads\/2025\/11\/251112-Ayuntamiento-de-Chilpancingo-1-707x1024.jpg?ssl=1&w=800&resize=800&ssl=1 800w, https:\/\/i3.wp.com\/www.interaccionnoticias.com.mx\/wp-content\/uploads\/2025\/11\/251112-Ayuntamiento-de-Chilpancingo-1-707x1024.jpg?ssl=1&w=1024&resize=1024&ssl=1 1024w, https:\/\/i3.wp.com\/www.interaccionnoticias.com.mx\/wp-content\/uploads\/2025\/11\/251112-Ayuntamiento-de-Chilpancingo-1-707x1024.jpg?ssl=1&w=1280&resize=1280&ssl=1 1280w, https:\/\/i3.wp.com\/www.interaccionnoticias.com.mx\/wp-content\/uploads\/2025\/11\/251112-Ayuntamiento-de-Chilpancingo-1-707x1024.jpg?ssl=1&w=1600&resize=1600&ssl=1 1600w\" data-id=\"98081\" fifu-data-src=\"https:\/\/i3.wp.com\/www.interaccionnoticias.com.mx\/wp-content\/uploads\/2025\/11\/251112-Ayuntamiento-de-Chilpancingo-1-707x1024.jpg?ssl=1\" alt=\"\" class=\"wp-image-98081\"\/><\/figure>\n<\/figure>\n","protected":false},"excerpt":{"rendered":"<p>&#8212; Demanda una investigaci\u00f3n expedita, que permita esclarecer el crimen y detener a los responsables&#8212; Pide que la coordinaci\u00f3n con los otros niveles de gobierno sea permanente Rogelio Agust\u00edn El&hellip; <\/p>\n","protected":false},"author":21,"featured_media":98083,"comment_status":"open","ping_status":"open","sticky":false,"template":"","format":"standard","meta":{"fifu_image_url":"https:\/\/www.interaccionnoticias.com.mx\/wp-content\/uploads\/2025\/11\/251112-Ayuntamiento-de-Chilpancingo.jpg","fifu_image_alt":"","footnotes":""},"categories":[13],"tags":[],"class_list":["post-98079","post","type-post","status-publish","format-standard","has-post-thumbnail","hentry","category-capital"],"_links":{"self":[{"href":"https:\/\/www.interaccionnoticias.com.mx\/index.php?rest_route=\/wp\/v2\/posts\/98079","targetHints":{"allow":["GET"]}}],"collection":[{"href":"https:\/\/www.interaccionnoticias.com.mx\/index.php?rest_route=\/wp\/v2\/posts"}],"about":[{"href":"https:\/\/www.interaccionnoticias.com.mx\/index.php?rest_route=\/wp\/v2\/types\/post"}],"author":[{"embeddable":true,"href":"https:\/\/www.interaccionnoticias.com.mx\/index.php?rest_route=\/wp\/v2\/users\/21"}],"replies":[{"embeddable":true,"href":"https:\/\/www.interaccionnoticias.com.mx\/index.php?rest_route=%2Fwp%2Fv2%2Fcomments&post=98079"}],"version-history":[{"count":1,"href":"https:\/\/www.interaccionnoticias.com.mx\/index.php?rest_route=\/wp\/v2\/posts\/98079\/revisions"}],"predecessor-version":[{"id":98082,"href":"https:\/\/www.interaccionnoticias.com.mx\/index.php?rest_route=\/wp\/v2\/posts\/98079\/revisions\/98082"}],"wp:featuredmedia":[{"embeddable":true,"href":"https:\/\/www.interaccionnoticias.com.mx\/index.php?rest_route=\/wp\/v2\/media\/98083"}],"wp:attachment":[{"href":"https:\/\/www.interaccionnoticias.com.mx\/index.php?rest_route=%2Fwp%2Fv2%2Fmedia&parent=98079"}],"wp:term":[{"taxonomy":"category","embeddable":true,"href":"https:\/\/www.interaccionnoticias.com.mx\/index.php?rest_route=%2Fwp%2Fv2%2Fcategories&post=98079"},{"taxonomy":"post_tag","embeddable":true,"href":"https:\/\/www.interaccionnoticias.com.mx\/index.php?rest_route=%2Fwp%2Fv2%2Ftags&post=98079"}],"curies":[{"name":"wp","href":"https:\/\/api.w.org\/{rel}","templated":true}]}}