{"id":98075,"date":"2025-11-12T13:16:00","date_gmt":"2025-11-12T20:16:00","guid":{"rendered":"https:\/\/www.interaccionnoticias.com.mx\/?p=98075"},"modified":"2025-11-12T21:19:54","modified_gmt":"2025-11-13T04:19:54","slug":"gobierno-de-guerrero-llama-a-los-alcaldes-a-fortalecer-ferias-libres-de-violencia-y-promover-la-cultura-de-la-legalidad-francisco-rodriguez","status":"publish","type":"post","link":"https:\/\/www.interaccionnoticias.com.mx\/?p=98075","title":{"rendered":"Gobierno de Guerrero llama a los alcaldes a fortalecer ferias libres de violencia y promover la cultura de la legalidad: Francisco Rodr\u00edguez"},"content":{"rendered":"\n<p><strong><em>&#8212; El alcalde de Iguala, Erick Catal\u00e1n Rend\u00f3n anticipa que la Feria de la Bandera estar\u00e1 libre de apolog\u00eda de la violencia<\/em><\/strong><\/p>\n\n\n\n<p><strong>Interacci\u00f3n<\/strong><\/p>\n\n\n\n<p><strong>Chilpancingo, Gro., 12 de noviembre de 2025. \u2013 <\/strong>Con el prop\u00f3sito de fortalecer la cultura de la legalidad y prevenir la apolog\u00eda del delito en los espacios p\u00fablicos, el gobierno del estado, a trav\u00e9s de la Subsecretar\u00eda de Desarrollo Pol\u00edtico y Social, hizo un llamado respetuoso a las y los presidentes municipales para sumarse a la estrategia estatal de construcci\u00f3n de paz que impulsa la gobernadora Evelyn Salgado Pineda.<\/p>\n\n\n\n<p>Durante la reuni\u00f3n de la Mesa de Coordinaci\u00f3n para la Construcci\u00f3n de la Paz, el subsecretario Francisco Rodr\u00edguez Cisneros destac\u00f3 la importancia de que los ayuntamientos promuevan una cultura basada en el respeto y la legalidad, especialmente durante las festividades locales. Subray\u00f3 que las ferias y celebraciones comunitarias deben ser espacios familiares que fortalezcan la convivencia y las tradiciones, sin fomentar actividades que hagan apolog\u00eda del delito.<\/p>\n\n\n\n<p>\u201cLas ferias son motivo de uni\u00f3n y alegr\u00eda, no de promoci\u00f3n de la ilegalidad. Invitamos a las autoridades municipales a no autorizar ni promover espect\u00e1culos o presentaciones que normalicen la violencia o el delito. La cultura del pueblo debe enfocarse en la paz, la solidaridad y la legalidad\u201d, enfatiz\u00f3 Rodr\u00edguez Cisneros.<\/p>\n\n\n\n<p>En este contexto, el alcalde de Iguala de la Independencia, Erick Catal\u00e1n Rend\u00f3n, manifest\u00f3 su total adhesi\u00f3n a los acuerdos impulsados desde la Mesa de Coordinaci\u00f3n y anunci\u00f3 que la pr\u00f3xima Feria de la Bandera 2026 ser\u00e1 un ejemplo de celebraci\u00f3n segura y libre de contenidos que hagan apolog\u00eda del delito.<\/p>\n\n\n\n<p>\u201cMe sumo al llamado de la gobernadora y firmo el compromiso de que en la pr\u00f3xima feria no habr\u00e1 artistas que promuevan la violencia. Queremos una fiesta en paz, para las familias igualtecas y con el respaldo de las fuerzas de seguridad\u201d, afirm\u00f3 el presidente municipal.<\/p>\n\n\n\n<p>Catal\u00e1n Rend\u00f3n destac\u00f3 adem\u00e1s la coordinaci\u00f3n permanente entre el municipio y las instituciones que integran la Mesa de Construcci\u00f3n de la Paz, como la Secretar\u00eda de la Defensa Nacional, Guardia Nacional, Secretar\u00eda de Marina, Fiscal\u00eda General de la Rep\u00fablica, Fiscal\u00eda General del Estado y Polic\u00eda Estatal, lo que ha permitido realizar ferias seguras y sin incidentes en la regi\u00f3n Norte.<\/p>\n\n\n\n<p>El subsecretario Francisco Rodr\u00edguez Cisneros reconoci\u00f3 el compromiso del municipio de Iguala y reiter\u00f3 el llamado a las y los alcaldes de las distintas regiones del estado a participar activamente en las Mesas Regionales de Coordinaci\u00f3n, espacios donde se toman decisiones fundamentales para la seguridad y el bienestar de las comunidades.<\/p>\n","protected":false},"excerpt":{"rendered":"<p>&#8212; El alcalde de Iguala, Erick Catal\u00e1n Rend\u00f3n anticipa que la Feria de la Bandera estar\u00e1 libre de apolog\u00eda de la violencia Interacci\u00f3n Chilpancingo, Gro., 12 de noviembre de 2025.&hellip; <\/p>\n","protected":false},"author":2,"featured_media":98078,"comment_status":"open","ping_status":"open","sticky":false,"template":"","format":"standard","meta":{"fifu_image_url":"https:\/\/www.interaccionnoticias.com.mx\/wp-content\/uploads\/2025\/11\/251112-Francisco-Rodriguez.jpg","fifu_image_alt":"","footnotes":""},"categories":[11],"tags":[],"class_list":["post-98075","post","type-post","status-publish","format-standard","has-post-thumbnail","hentry","category-guerrero"],"_links":{"self":[{"href":"https:\/\/www.interaccionnoticias.com.mx\/index.php?rest_route=\/wp\/v2\/posts\/98075","targetHints":{"allow":["GET"]}}],"collection":[{"href":"https:\/\/www.interaccionnoticias.com.mx\/index.php?rest_route=\/wp\/v2\/posts"}],"about":[{"href":"https:\/\/www.interaccionnoticias.com.mx\/index.php?rest_route=\/wp\/v2\/types\/post"}],"author":[{"embeddable":true,"href":"https:\/\/www.interaccionnoticias.com.mx\/index.php?rest_route=\/wp\/v2\/users\/2"}],"replies":[{"embeddable":true,"href":"https:\/\/www.interaccionnoticias.com.mx\/index.php?rest_route=%2Fwp%2Fv2%2Fcomments&post=98075"}],"version-history":[{"count":1,"href":"https:\/\/www.interaccionnoticias.com.mx\/index.php?rest_route=\/wp\/v2\/posts\/98075\/revisions"}],"predecessor-version":[{"id":98077,"href":"https:\/\/www.interaccionnoticias.com.mx\/index.php?rest_route=\/wp\/v2\/posts\/98075\/revisions\/98077"}],"wp:featuredmedia":[{"embeddable":true,"href":"https:\/\/www.interaccionnoticias.com.mx\/index.php?rest_route=\/wp\/v2\/media\/98078"}],"wp:attachment":[{"href":"https:\/\/www.interaccionnoticias.com.mx\/index.php?rest_route=%2Fwp%2Fv2%2Fmedia&parent=98075"}],"wp:term":[{"taxonomy":"category","embeddable":true,"href":"https:\/\/www.interaccionnoticias.com.mx\/index.php?rest_route=%2Fwp%2Fv2%2Fcategories&post=98075"},{"taxonomy":"post_tag","embeddable":true,"href":"https:\/\/www.interaccionnoticias.com.mx\/index.php?rest_route=%2Fwp%2Fv2%2Ftags&post=98075"}],"curies":[{"name":"wp","href":"https:\/\/api.w.org\/{rel}","templated":true}]}}