{"id":98067,"date":"2025-11-12T11:34:16","date_gmt":"2025-11-12T18:34:16","guid":{"rendered":"https:\/\/www.interaccionnoticias.com.mx\/?p=98067"},"modified":"2025-11-12T11:34:17","modified_gmt":"2025-11-12T18:34:17","slug":"pueblos-de-la-montana-de-guerrero-denuncian-recorte-de-108-millones-de-pesos-a-recursos-para-caminos-artesanales","status":"publish","type":"post","link":"https:\/\/www.interaccionnoticias.com.mx\/?p=98067","title":{"rendered":"Pueblos de la Monta\u00f1a de Guerrero denuncian recorte de 108 millones de pesos a recursos para caminos artesanales"},"content":{"rendered":"\n<p><strong><em>&#8212; La reducci\u00f3n de presupuesto y metas perjudicar\u00edan a 11 comunidades de tres municipios de la regi\u00f3n, advierten<\/em><\/strong><\/p>\n\n\n\n<p><strong>Rogelio Agust\u00edn<\/strong><\/p>\n\n\n\n<p>Comisarios, delegados y representantes de obra de tres municipios de la regi\u00f3n Monta\u00f1a deunciaron que la Secretar\u00eda de Infraestructura Comunicaciones y Transportes (SICT) pretende recortar 108 millones de pesos, de 840 destinados a caminos artesanales en 11 pueblos originarios.<\/p>\n\n\n\n<p>La jornada del mi\u00e9rcoes, representantes de comunidades ubicadas en los municipios de Acatepec, Malinaltepec y Tlacoapa se trasladaron hacia Tlapa de Comonfot y se reunieron en las oficinas del Centro de Derechos Humanos de la Monta\u00f1a (CDHM).<\/p>\n\n\n\n<p>Recordaron que durante la administraci\u00f3n del ex presidente de la Rep\u00fablica, Andr\u00e9s Manuel L\u00f3pez Obrador, los caminos artesanales fueron planeados como un instrumento estrat\u00e9gico para romper con el aislamiento que han padecido hist\u00f3ricamente.<\/p>\n\n\n\n<p>Abel Barrera Hern\u00e1ndez, director del CDHM-Tlachinollan, destac\u00f3 que los comisarios, delegados y responsables de obra est\u00e1n sumamente preocupados, por el riesgo de que los responsables de la SICT quieran reducir metas en las obras que ya tienen autorizadas y que se encuentran en marcha.<\/p>\n\n\n\n<p>Destacaron que entre las comunidades afectadas se genera un recurso global de 840 millones de pesos<\/p>\n\n\n\n<p>Aunque son m\u00e1s, en Tlapa de Comonfort estuviero los representantes de Llano Pantanoso, La Soledad y El Obispo, pertenecientes a Malinaltepec; de Tlacoapa acudieron Sabino de Guadalupe, El Ahuehuete y Tenamazapa.<\/p>\n\n\n\n<p>Por Acatepec unicamente acudi\u00f3 Mezcalapa.<\/p>\n\n\n\n<p>Ellos dirigieron un mensaje a la presidenta de la Rep\u00fablica, Claudia Sheinbaum Pardo para se\u00f1alar entre otras cosas, que el 28 de octubre pasado, en Mezcalapa, municipio de Acatepec se llev\u00f3 a cabo una reuni\u00f3n de trabajo, en ella, adem\u00e1s de la SICT estuvieron representantes del Instituto Nacional de los Pueblos Ind\u00edgenas (INPI).<\/p>\n\n\n\n<p>\u201cNos hemos visto sorprendidos por los recortes presupuestarios anunciados, dicha situaci\u00f3n es inaceptable porque atenta contra los derechos y la capacidad de las comunidades que representamos\u201d, anot\u00f3.<\/p>\n\n\n\n<p>Plantean que el Gobierno de la Rep\u00fablica respete los convenios firmados con las comunidades, adem\u00e1s de que se respeten las metas trazadas de manera original con las comunidades involucradas.<\/p>\n\n\n\n<p>Pidieron que no haya en la SICT una visi\u00f3n racista hacia los pueblos, ya que parece que no se reconoce la capacidad que los pueblos tienen para completar las obras, de tal manera que se les quiere hacer a un lado, con la intenci\u00f3n de meter empresas o ingeieros for\u00e1neos para terminar las obras.<\/p>\n\n\n\n<p>Destacaron que al hacer una revisi\u00f3n puntual de lo que se pretende recortar, establecen que de los 840 millones detinados para caminos artesanales en Guerrero, en realidad se les quieren reducir 108 millones de pesos a 11 comunidades ubicadas en tres municipios; Malinatepec, Acatepec y Tlacoapa, lo que advirtieron que no van a permitir.<\/p>\n","protected":false},"excerpt":{"rendered":"<p>&#8212; La reducci\u00f3n de presupuesto y metas perjudicar\u00edan a 11 comunidades de tres municipios de la regi\u00f3n, advierten Rogelio Agust\u00edn Comisarios, delegados y representantes de obra de tres municipios de&hellip; <\/p>\n","protected":false},"author":21,"featured_media":98070,"comment_status":"open","ping_status":"open","sticky":false,"template":"","format":"standard","meta":{"fifu_image_url":"https:\/\/www.interaccionnoticias.com.mx\/wp-content\/uploads\/2025\/11\/251112-Pueblos-de-la-Montana.jpg","fifu_image_alt":"","footnotes":""},"categories":[11],"tags":[],"class_list":["post-98067","post","type-post","status-publish","format-standard","has-post-thumbnail","hentry","category-guerrero"],"_links":{"self":[{"href":"https:\/\/www.interaccionnoticias.com.mx\/index.php?rest_route=\/wp\/v2\/posts\/98067","targetHints":{"allow":["GET"]}}],"collection":[{"href":"https:\/\/www.interaccionnoticias.com.mx\/index.php?rest_route=\/wp\/v2\/posts"}],"about":[{"href":"https:\/\/www.interaccionnoticias.com.mx\/index.php?rest_route=\/wp\/v2\/types\/post"}],"author":[{"embeddable":true,"href":"https:\/\/www.interaccionnoticias.com.mx\/index.php?rest_route=\/wp\/v2\/users\/21"}],"replies":[{"embeddable":true,"href":"https:\/\/www.interaccionnoticias.com.mx\/index.php?rest_route=%2Fwp%2Fv2%2Fcomments&post=98067"}],"version-history":[{"count":1,"href":"https:\/\/www.interaccionnoticias.com.mx\/index.php?rest_route=\/wp\/v2\/posts\/98067\/revisions"}],"predecessor-version":[{"id":98069,"href":"https:\/\/www.interaccionnoticias.com.mx\/index.php?rest_route=\/wp\/v2\/posts\/98067\/revisions\/98069"}],"wp:featuredmedia":[{"embeddable":true,"href":"https:\/\/www.interaccionnoticias.com.mx\/index.php?rest_route=\/wp\/v2\/media\/98070"}],"wp:attachment":[{"href":"https:\/\/www.interaccionnoticias.com.mx\/index.php?rest_route=%2Fwp%2Fv2%2Fmedia&parent=98067"}],"wp:term":[{"taxonomy":"category","embeddable":true,"href":"https:\/\/www.interaccionnoticias.com.mx\/index.php?rest_route=%2Fwp%2Fv2%2Fcategories&post=98067"},{"taxonomy":"post_tag","embeddable":true,"href":"https:\/\/www.interaccionnoticias.com.mx\/index.php?rest_route=%2Fwp%2Fv2%2Ftags&post=98067"}],"curies":[{"name":"wp","href":"https:\/\/api.w.org\/{rel}","templated":true}]}}