{"id":9806,"date":"2017-11-06T07:08:03","date_gmt":"2017-11-06T13:08:03","guid":{"rendered":"http:\/\/www.inter-accion.com.mx\/?p=9806"},"modified":"2017-11-06T07:08:03","modified_gmt":"2017-11-06T13:08:03","slug":"proceso-electoral-en-guerrero-en-medio-de-crisis-de-violencia-encinas","status":"publish","type":"post","link":"https:\/\/www.interaccionnoticias.com.mx\/?p=9806","title":{"rendered":"Proceso electoral en Guerrero, en medio de crisis de violencia: Encinas"},"content":{"rendered":"<p>El ex senador perredista Alejandro Encinas Rodr\u00edguez, se\u00f1al\u00f3 que el proceso electoral en Guerrero transcurre en una de las peores crisis de violencia en los \u00faltimos a\u00f1os, a causa del \u00abausentismo\u00bb del gobernador H\u00e9ctor Astudillo Flores.<br \/>\nEl ex jefe de gobierno del Distrito Federal, acudi\u00f3 este domingo como ponente al foro \u201cPor la unidad y la transformaci\u00f3n de M\u00e9xico\u201d, junto con otras figuras pol\u00edticas y ex militantes del PRD, como Carlos Sotelo Garc\u00eda y Pablo G\u00f3mez \u00c1lvarez.<br \/>\nAl concluir el evento en una entrevista a reporteros, Encinas Rodr\u00edguez critic\u00f3 al gobierno priista que encabeza H\u00e9ctor Astudillo Flores, por estar alejado a un problema grave como lo es la inseguridad.<br \/>\nDijo que en Guerrero, la falta de desarrollo se mide a partir de que en dos a\u00f1os de gobierno priista, no hay inversi\u00f3n en cuanto a obra p\u00fablica, toda vez que el resto proviene de la federaci\u00f3n.<br \/>\nComent\u00f3 que para revertir el problema de violencia, es prioritario debatir el tema de la legalizaci\u00f3n de la amapola con fines medicinales, sin embargo, record\u00f3&nbsp; que a nivel local el tema solo ha sido parte de un di\u00e1logo del mismo Astudillo Flores, a dos meses de haber asumido la gubernatura.<br \/>\nSe\u00f1al\u00f3 que las pr\u00f3ximas elecciones deber\u00e1n desarrollarse en un panorama de cr\u00edmenes impunes, en las que no solo las instituciones deber\u00e1n enfrentar a los grupos facticos, sino que la oposici\u00f3n deber\u00e1 hacer frente a la maquinaria priista que buscar\u00e1 mantenerse en el Congreso del Estado y en los municipios.<br \/>\nEn la entidad, a\u00fan est\u00e1 pendiente por desarrollarse el denominado \u00abpacto por la seguridad\u00bb, el cual fue impulsado por el gobierno estatal y que pretende reunir propuestas del sector social, acad\u00e9mico, empresarial y pol\u00edtico, para revertir el problema de violencia.&nbsp;<\/p>\n","protected":false},"excerpt":{"rendered":"<p>El ex senador perredista Alejandro Encinas Rodr\u00edguez, se\u00f1al\u00f3 que el proceso electoral en Guerrero transcurre en una de las peores crisis de violencia en los \u00faltimos a\u00f1os, a causa del&hellip; <\/p>\n","protected":false},"author":1,"featured_media":0,"comment_status":"closed","ping_status":"closed","sticky":false,"template":"","format":"standard","meta":{"fifu_image_url":"","fifu_image_alt":"","footnotes":""},"categories":[8,18],"tags":[],"class_list":["post-9806","post","type-post","status-publish","format-standard","hentry","category-featured","category-partidos-politicos"],"_links":{"self":[{"href":"https:\/\/www.interaccionnoticias.com.mx\/index.php?rest_route=\/wp\/v2\/posts\/9806","targetHints":{"allow":["GET"]}}],"collection":[{"href":"https:\/\/www.interaccionnoticias.com.mx\/index.php?rest_route=\/wp\/v2\/posts"}],"about":[{"href":"https:\/\/www.interaccionnoticias.com.mx\/index.php?rest_route=\/wp\/v2\/types\/post"}],"author":[{"embeddable":true,"href":"https:\/\/www.interaccionnoticias.com.mx\/index.php?rest_route=\/wp\/v2\/users\/1"}],"replies":[{"embeddable":true,"href":"https:\/\/www.interaccionnoticias.com.mx\/index.php?rest_route=%2Fwp%2Fv2%2Fcomments&post=9806"}],"version-history":[{"count":0,"href":"https:\/\/www.interaccionnoticias.com.mx\/index.php?rest_route=\/wp\/v2\/posts\/9806\/revisions"}],"wp:attachment":[{"href":"https:\/\/www.interaccionnoticias.com.mx\/index.php?rest_route=%2Fwp%2Fv2%2Fmedia&parent=9806"}],"wp:term":[{"taxonomy":"category","embeddable":true,"href":"https:\/\/www.interaccionnoticias.com.mx\/index.php?rest_route=%2Fwp%2Fv2%2Fcategories&post=9806"},{"taxonomy":"post_tag","embeddable":true,"href":"https:\/\/www.interaccionnoticias.com.mx\/index.php?rest_route=%2Fwp%2Fv2%2Ftags&post=9806"}],"curies":[{"name":"wp","href":"https:\/\/api.w.org\/{rel}","templated":true}]}}