{"id":98048,"date":"2025-11-11T15:15:00","date_gmt":"2025-11-11T22:15:00","guid":{"rendered":"https:\/\/www.interaccionnoticias.com.mx\/?p=98048"},"modified":"2025-11-11T21:42:59","modified_gmt":"2025-11-12T04:42:59","slug":"inconformidad-por-el-homenaje-a-ruben-figueroa-provocara-reforma-a-la-ley-de-simbolos-de-identidad-del-estado-de-guerrero","status":"publish","type":"post","link":"https:\/\/www.interaccionnoticias.com.mx\/?p=98048","title":{"rendered":"Inconformidad por el homenaje a Rub\u00e9n Figueroa provocar\u00e1 reforma a la Ley de S\u00edmbolos de Identidad del Estado de Guerrero"},"content":{"rendered":"\n<p><strong><em>&#8212; L\u00edder del Congreso se pronuncia en contra del culto a la personalidad y advierte que promover\u00e1 la reforma<br>&#8212; \u201cLos tiempos pol\u00edticos han cambiado y con \u00e9l debe cambiar la legislaci\u00f3n\u201d, se\u00f1ala Jes\u00fas Uri\u00f3stegui Garc\u00eda<br>&#8212; Organizaciones sociales manifestaron su inconformidad, se\u00f1alan a Figueroa como el gobernador \u201cm\u00e1s sanguinario que ha tenido la entidad\u201d<\/em><\/strong><\/p>\n\n\n\n<p><strong>Rogelio Agust\u00edn<\/strong><\/p>\n\n\n\n<p>Ante la inconformidad generada por el homenaje realizado en memoria del finado ex gobernador Rub\u00e9n Figueroa Figueroa, en el contexto del 117 aniversario de su natalicio, el presidente de la Junta de Coordinaci\u00f3n Pol\u00edtica (JUOPO) del Congreso local, Jes\u00fas Uri\u00f3stegui Garc\u00eda se pronunci\u00f3 en contra del culto a la personalidad y anticip\u00f3 que impulsar\u00e1 la revisi\u00f3n de la ley en dicha materia.<\/p>\n\n\n\n<p>Este fin de semana, en la cabecera municipal de Huitzuco se llev\u00f3 a cabo una ceremonia oficial auspiciada por la Secretar\u00eda de Cultura, en memoria del e gobernador Figueroa Figueroa, a quien las organizaciones vinculadas con el movimiento social califican como el ex mandatario \u201cm\u00e1s sanguinario\u201d que ha tenido esta entidad federativa.<\/p>\n\n\n\n<p>Las manifestaciones de inconformidad comenzaron desde el fin de semana pero subieron de tono el lunes 10 de noviembre, cuando en un comunicado conjunto, m\u00e1s de 30 organizaciones sociales reprocharon el homenaje y demandaron una disculpa p\u00fablica.<\/p>\n\n\n\n<p>Entre los firmantes se encuentran sobrevivientes de la Guerra Sucia de los a\u00f1os setenta, de la que se desprenden m\u00e1s de 600 desapariciones forzadas, adem\u00e1s de la Organizaci\u00f3n Campesina de la Sierra del Sur (OCSS), a la que pertenec\u00edan los 17 campesinos asesinados el 28 de junio de 1995, en el vado de Aguas Blancas.<\/p>\n\n\n\n<p>Este martes, el presidente de la JUCOPO fue cuestionado al respecto, ante lo que se manifest\u00f3 abiertamente \u201cen contra del culto a la personalidad\u201d.<\/p>\n\n\n\n<p>Agreg\u00f3: \u201cEs algo que no estamos de acuerdo y lo vamos a revisar puntualmente en la legislaci\u00f3n, ser\u00e9 un impulsor de esa revisi\u00f3n\u201d.<\/p>\n\n\n\n<p>Este d\u00eda, la Secretar\u00eda de Cultura justific\u00f3 dicho homenaje con base a la Ley Numero 761 sobre S\u00edmbolos de Identidad y Pertenencia del Estado de Guerrero, publicada en el Peri\u00f3dico Oficial del Gobierno de Guerrero el 31 de julio de 2018, sin que hasta el momento haya sufrido alguna modificaci\u00f3n.<\/p>\n\n\n\n<p>En las instalaciones del Congreso, el tambi\u00e9n l\u00edder del Grupo Parlamentario de MORENA sostuvo que la vida p\u00fablica ha cambiado, en consecuencia: \u201cla legislaci\u00f3n debe cambiar tambi\u00e9n para adaptarla a la nueva realidad del pa\u00eds\u201d.<\/p>\n\n\n\n<p>Lo dicho por el diputado Uri\u00f3stegui Garc\u00eda, concide con lo anotado en el comunicado que esta ma\u00f1ana emiti\u00f3 la Secultura, cuando plantea lo siguiente: \u201cEn congruencia con estos principios, la Secretar\u00eda de Cultura del Estado de Guerrero, revisar\u00e1 la normatividad vigente, incluida la Ley Numero 761 sobre s\u00edmbolos de identidad y pertenencia, a fin de garantizar que nuestro marco jur\u00eddico refleje los valores democr\u00e1ticos, sociales y culturales que hoy gu\u00edan la vida publica de Guerrero\u201d.<\/p>\n\n\n\n<figure class=\"wp-block-gallery has-nested-images columns-default is-cropped wp-block-gallery-1 is-layout-flex wp-block-gallery-is-layout-flex\">\n<figure class=\"wp-block-image size-large\"><img decoding=\"async\" src=\"data:image\/gif;base64,R0lGODlhAQABAIAAAAAAAP\/\/\/ywAAAAAAQABAAACAUwAOw==\" fifu-lazy=\"1\" fifu-data-sizes=\"auto\" fifu-data-srcset=\"https:\/\/i2.wp.com\/www.interaccionnoticias.com.mx\/wp-content\/uploads\/2025\/11\/251111-CC-Cultura-791x1024.jpg?ssl=1&w=75&resize=75&ssl=1 75w, https:\/\/i2.wp.com\/www.interaccionnoticias.com.mx\/wp-content\/uploads\/2025\/11\/251111-CC-Cultura-791x1024.jpg?ssl=1&w=100&resize=100&ssl=1 100w, https:\/\/i2.wp.com\/www.interaccionnoticias.com.mx\/wp-content\/uploads\/2025\/11\/251111-CC-Cultura-791x1024.jpg?ssl=1&w=150&resize=150&ssl=1 150w, https:\/\/i2.wp.com\/www.interaccionnoticias.com.mx\/wp-content\/uploads\/2025\/11\/251111-CC-Cultura-791x1024.jpg?ssl=1&w=240&resize=240&ssl=1 240w, https:\/\/i2.wp.com\/www.interaccionnoticias.com.mx\/wp-content\/uploads\/2025\/11\/251111-CC-Cultura-791x1024.jpg?ssl=1&w=320&resize=320&ssl=1 320w, https:\/\/i2.wp.com\/www.interaccionnoticias.com.mx\/wp-content\/uploads\/2025\/11\/251111-CC-Cultura-791x1024.jpg?ssl=1&w=500&resize=500&ssl=1 500w, https:\/\/i2.wp.com\/www.interaccionnoticias.com.mx\/wp-content\/uploads\/2025\/11\/251111-CC-Cultura-791x1024.jpg?ssl=1&w=640&resize=640&ssl=1 640w, https:\/\/i2.wp.com\/www.interaccionnoticias.com.mx\/wp-content\/uploads\/2025\/11\/251111-CC-Cultura-791x1024.jpg?ssl=1&w=800&resize=800&ssl=1 800w, https:\/\/i2.wp.com\/www.interaccionnoticias.com.mx\/wp-content\/uploads\/2025\/11\/251111-CC-Cultura-791x1024.jpg?ssl=1&w=1024&resize=1024&ssl=1 1024w, https:\/\/i2.wp.com\/www.interaccionnoticias.com.mx\/wp-content\/uploads\/2025\/11\/251111-CC-Cultura-791x1024.jpg?ssl=1&w=1280&resize=1280&ssl=1 1280w, https:\/\/i2.wp.com\/www.interaccionnoticias.com.mx\/wp-content\/uploads\/2025\/11\/251111-CC-Cultura-791x1024.jpg?ssl=1&w=1600&resize=1600&ssl=1 1600w\" data-id=\"98049\" fifu-data-src=\"https:\/\/i2.wp.com\/www.interaccionnoticias.com.mx\/wp-content\/uploads\/2025\/11\/251111-CC-Cultura-791x1024.jpg?ssl=1\" alt=\"\" class=\"wp-image-98049\"\/><\/figure>\n<\/figure>\n","protected":false},"excerpt":{"rendered":"<p>&#8212; L\u00edder del Congreso se pronuncia en contra del culto a la personalidad y advierte que promover\u00e1 la reforma&#8212; \u201cLos tiempos pol\u00edticos han cambiado y con \u00e9l debe cambiar la&hellip; <\/p>\n","protected":false},"author":21,"featured_media":98052,"comment_status":"open","ping_status":"open","sticky":false,"template":"","format":"standard","meta":{"fifu_image_url":"https:\/\/www.interaccionnoticias.com.mx\/wp-content\/uploads\/2025\/11\/251111-Jesus-Uriostegui-Garcia.jpg","fifu_image_alt":"","footnotes":""},"categories":[2],"tags":[],"class_list":["post-98048","post","type-post","status-publish","format-standard","has-post-thumbnail","hentry","category-congreso"],"_links":{"self":[{"href":"https:\/\/www.interaccionnoticias.com.mx\/index.php?rest_route=\/wp\/v2\/posts\/98048","targetHints":{"allow":["GET"]}}],"collection":[{"href":"https:\/\/www.interaccionnoticias.com.mx\/index.php?rest_route=\/wp\/v2\/posts"}],"about":[{"href":"https:\/\/www.interaccionnoticias.com.mx\/index.php?rest_route=\/wp\/v2\/types\/post"}],"author":[{"embeddable":true,"href":"https:\/\/www.interaccionnoticias.com.mx\/index.php?rest_route=\/wp\/v2\/users\/21"}],"replies":[{"embeddable":true,"href":"https:\/\/www.interaccionnoticias.com.mx\/index.php?rest_route=%2Fwp%2Fv2%2Fcomments&post=98048"}],"version-history":[{"count":1,"href":"https:\/\/www.interaccionnoticias.com.mx\/index.php?rest_route=\/wp\/v2\/posts\/98048\/revisions"}],"predecessor-version":[{"id":98051,"href":"https:\/\/www.interaccionnoticias.com.mx\/index.php?rest_route=\/wp\/v2\/posts\/98048\/revisions\/98051"}],"wp:featuredmedia":[{"embeddable":true,"href":"https:\/\/www.interaccionnoticias.com.mx\/index.php?rest_route=\/wp\/v2\/media\/98052"}],"wp:attachment":[{"href":"https:\/\/www.interaccionnoticias.com.mx\/index.php?rest_route=%2Fwp%2Fv2%2Fmedia&parent=98048"}],"wp:term":[{"taxonomy":"category","embeddable":true,"href":"https:\/\/www.interaccionnoticias.com.mx\/index.php?rest_route=%2Fwp%2Fv2%2Fcategories&post=98048"},{"taxonomy":"post_tag","embeddable":true,"href":"https:\/\/www.interaccionnoticias.com.mx\/index.php?rest_route=%2Fwp%2Fv2%2Ftags&post=98048"}],"curies":[{"name":"wp","href":"https:\/\/api.w.org\/{rel}","templated":true}]}}