{"id":98027,"date":"2025-11-11T13:40:00","date_gmt":"2025-11-11T20:40:00","guid":{"rendered":"https:\/\/www.interaccionnoticias.com.mx\/?p=98027"},"modified":"2025-11-11T21:13:10","modified_gmt":"2025-11-12T04:13:10","slug":"enfrentamiento-en-tecoanapa-deja-cinco-muertos-y-vehiculos-calcinados","status":"publish","type":"post","link":"https:\/\/www.interaccionnoticias.com.mx\/?p=98027","title":{"rendered":"Enfrentamiento en Tecoanapa deja cinco muertos y veh\u00edculos calcinados"},"content":{"rendered":"\n<p><em><strong>&#8212; Se movilizan cuerpos de seguridad hacia la comunidad de La Estrella<\/strong><\/em><\/p>\n\n\n\n<p><strong>Jes\u00fas Dorantes \/ Chilpancingo<\/strong><\/p>\n\n\n\n<p>La madrugada de este martes se registr\u00f3 un enfrentamiento en la comunidad de La Estrella, municipio de Tecoanapa, el cual dej\u00f3 un saldo preliminar de cinco muertos y dos veh\u00edculos incendiados.<\/p>\n\n\n\n<p>Seg\u00fan los primeros informes de la polic\u00eda, el hecho fue resultado de un choque entre dos grupos de civiles armados, lo que oblig\u00f3 a desplegar un operativo coordinado de fuerzas federales y estatales, en ese punto de la Costa Chica de la entidad.<\/p>\n\n\n\n<p>La Fiscal\u00eda General del Estado (FGE) inform\u00f3 que personal ministerial se traslad\u00f3 al lugar para realizar las diligencias correspondientes, luego de que un ciudadano reportara la situaci\u00f3n al n\u00famero de emergencias 911.<\/p>\n\n\n\n<p>Hasta el momento, se sabe que las v\u00edctimas mortales presentaban lesiones por disparos de arma de fuego y estaban parcialmente calcinadas, hasta el momento permanecen en calidad de desconocidas.<\/p>\n\n\n\n<p>Hay un operativo instrumentado por personal del Estado y la Federaci\u00f3n en la zona, para inhibir la posibilidad de que haya m\u00e1s enfrentamientos y tratar de ubicar a los involucrados en la confrontaci\u00f3n.<\/p>\n","protected":false},"excerpt":{"rendered":"<p>&#8212; Se movilizan cuerpos de seguridad hacia la comunidad de La Estrella Jes\u00fas Dorantes \/ Chilpancingo La madrugada de este martes se registr\u00f3 un enfrentamiento en la comunidad de La&hellip; <\/p>\n","protected":false},"author":8,"featured_media":98030,"comment_status":"open","ping_status":"open","sticky":false,"template":"","format":"standard","meta":{"fifu_image_url":"https:\/\/www.interaccionnoticias.com.mx\/wp-content\/uploads\/2025\/11\/251111-Enfrentamiento-en-Tecoanapa.jpg","fifu_image_alt":"","footnotes":""},"categories":[27],"tags":[],"class_list":["post-98027","post","type-post","status-publish","format-standard","has-post-thumbnail","hentry","category-seguridad-publica"],"_links":{"self":[{"href":"https:\/\/www.interaccionnoticias.com.mx\/index.php?rest_route=\/wp\/v2\/posts\/98027","targetHints":{"allow":["GET"]}}],"collection":[{"href":"https:\/\/www.interaccionnoticias.com.mx\/index.php?rest_route=\/wp\/v2\/posts"}],"about":[{"href":"https:\/\/www.interaccionnoticias.com.mx\/index.php?rest_route=\/wp\/v2\/types\/post"}],"author":[{"embeddable":true,"href":"https:\/\/www.interaccionnoticias.com.mx\/index.php?rest_route=\/wp\/v2\/users\/8"}],"replies":[{"embeddable":true,"href":"https:\/\/www.interaccionnoticias.com.mx\/index.php?rest_route=%2Fwp%2Fv2%2Fcomments&post=98027"}],"version-history":[{"count":1,"href":"https:\/\/www.interaccionnoticias.com.mx\/index.php?rest_route=\/wp\/v2\/posts\/98027\/revisions"}],"predecessor-version":[{"id":98029,"href":"https:\/\/www.interaccionnoticias.com.mx\/index.php?rest_route=\/wp\/v2\/posts\/98027\/revisions\/98029"}],"wp:featuredmedia":[{"embeddable":true,"href":"https:\/\/www.interaccionnoticias.com.mx\/index.php?rest_route=\/wp\/v2\/media\/98030"}],"wp:attachment":[{"href":"https:\/\/www.interaccionnoticias.com.mx\/index.php?rest_route=%2Fwp%2Fv2%2Fmedia&parent=98027"}],"wp:term":[{"taxonomy":"category","embeddable":true,"href":"https:\/\/www.interaccionnoticias.com.mx\/index.php?rest_route=%2Fwp%2Fv2%2Fcategories&post=98027"},{"taxonomy":"post_tag","embeddable":true,"href":"https:\/\/www.interaccionnoticias.com.mx\/index.php?rest_route=%2Fwp%2Fv2%2Ftags&post=98027"}],"curies":[{"name":"wp","href":"https:\/\/api.w.org\/{rel}","templated":true}]}}