{"id":98023,"date":"2025-11-11T13:15:00","date_gmt":"2025-11-11T20:15:00","guid":{"rendered":"https:\/\/www.interaccionnoticias.com.mx\/?p=98023"},"modified":"2025-11-11T20:59:07","modified_gmt":"2025-11-12T03:59:07","slug":"muere-mujer-atropellada-la-semana-pasada-en-el-centro-de-chilpancingo","status":"publish","type":"post","link":"https:\/\/www.interaccionnoticias.com.mx\/?p=98023","title":{"rendered":"Muere mujer atropellada la semana pasada en el centro de Chilpancingo"},"content":{"rendered":"\n<p><strong><em>&#8212; La v\u00edctima permaneci\u00f3 varios d\u00edas hospitalizada tras ser embestida por una camioneta en pleno centro de la ciudad<\/em><\/strong><\/p>\n\n\n\n<p><strong>Jes\u00fas Dorantes \/ Chilpancingo<\/strong><\/p>\n\n\n\n<p>La noche del pasado lunes falleci\u00f3 Marcelina Aguilar Librado, de 33 a\u00f1os, luego de permanecer varios d\u00edas hospitalizada tras haber sido atropellada por una camioneta en pleno centro de Chilpancingo. El conductor responsable sigue detenido desde el momento del accidente.<\/p>\n\n\n\n<p>El incidente ocurri\u00f3 el jueves 6 de noviembre sobre la avenida Benito Ju\u00e1rez, esquina con Nicol\u00e1s Catal\u00e1n, a un costado del Centro de Salud y de la Alameda Granados Maldonado. Seg\u00fan reportes policiales, Marcelina cruzaba la calle cuando fue impactada por una Nissan Frontier blanca, cuyo conductor presuntamente ignor\u00f3 la luz roja del sem\u00e1foro.<\/p>\n\n\n\n<p>El responsable, identificado como Jonathan Gonz\u00e1lez Terrero, vecino de la alcald\u00eda Iztacalco, Ciudad de M\u00e9xico, fue detenido en el lugar y permanece bajo resguardo de las autoridades ministeriales.<\/p>\n\n\n\n<p>Tras el impacto, Marcelina qued\u00f3 inconsciente debajo del veh\u00edculo y fue auxiliada por param\u00e9dicos de la Cruz Roja Mexicana, quienes la trasladaron de urgencia al Hospital General \u201cDr. Raymundo Abarca Alarc\u00f3n\u201d.<\/p>\n","protected":false},"excerpt":{"rendered":"<p>&#8212; La v\u00edctima permaneci\u00f3 varios d\u00edas hospitalizada tras ser embestida por una camioneta en pleno centro de la ciudad Jes\u00fas Dorantes \/ Chilpancingo La noche del pasado lunes falleci\u00f3 Marcelina&hellip; <\/p>\n","protected":false},"author":8,"featured_media":98026,"comment_status":"open","ping_status":"open","sticky":false,"template":"","format":"standard","meta":{"fifu_image_url":"https:\/\/www.interaccionnoticias.com.mx\/wp-content\/uploads\/2025\/11\/251111-Muere-mujer-atropellada.jpg","fifu_image_alt":"","footnotes":""},"categories":[27],"tags":[],"class_list":["post-98023","post","type-post","status-publish","format-standard","has-post-thumbnail","hentry","category-seguridad-publica"],"_links":{"self":[{"href":"https:\/\/www.interaccionnoticias.com.mx\/index.php?rest_route=\/wp\/v2\/posts\/98023","targetHints":{"allow":["GET"]}}],"collection":[{"href":"https:\/\/www.interaccionnoticias.com.mx\/index.php?rest_route=\/wp\/v2\/posts"}],"about":[{"href":"https:\/\/www.interaccionnoticias.com.mx\/index.php?rest_route=\/wp\/v2\/types\/post"}],"author":[{"embeddable":true,"href":"https:\/\/www.interaccionnoticias.com.mx\/index.php?rest_route=\/wp\/v2\/users\/8"}],"replies":[{"embeddable":true,"href":"https:\/\/www.interaccionnoticias.com.mx\/index.php?rest_route=%2Fwp%2Fv2%2Fcomments&post=98023"}],"version-history":[{"count":1,"href":"https:\/\/www.interaccionnoticias.com.mx\/index.php?rest_route=\/wp\/v2\/posts\/98023\/revisions"}],"predecessor-version":[{"id":98025,"href":"https:\/\/www.interaccionnoticias.com.mx\/index.php?rest_route=\/wp\/v2\/posts\/98023\/revisions\/98025"}],"wp:featuredmedia":[{"embeddable":true,"href":"https:\/\/www.interaccionnoticias.com.mx\/index.php?rest_route=\/wp\/v2\/media\/98026"}],"wp:attachment":[{"href":"https:\/\/www.interaccionnoticias.com.mx\/index.php?rest_route=%2Fwp%2Fv2%2Fmedia&parent=98023"}],"wp:term":[{"taxonomy":"category","embeddable":true,"href":"https:\/\/www.interaccionnoticias.com.mx\/index.php?rest_route=%2Fwp%2Fv2%2Fcategories&post=98023"},{"taxonomy":"post_tag","embeddable":true,"href":"https:\/\/www.interaccionnoticias.com.mx\/index.php?rest_route=%2Fwp%2Fv2%2Ftags&post=98023"}],"curies":[{"name":"wp","href":"https:\/\/api.w.org\/{rel}","templated":true}]}}