{"id":9801,"date":"2017-11-05T19:20:50","date_gmt":"2017-11-06T01:20:50","guid":{"rendered":"http:\/\/www.inter-accion.com.mx\/?p=9801"},"modified":"2017-11-05T19:20:50","modified_gmt":"2017-11-06T01:20:50","slug":"tres-hombres-asesinados-y-uno-mas-herido","status":"publish","type":"post","link":"https:\/\/www.interaccionnoticias.com.mx\/?p=9801","title":{"rendered":"Tres hombres asesinados y uno m\u00e1s herido"},"content":{"rendered":"<p><strong><img loading=\"lazy\" decoding=\"async\" src=\"data:image\/gif;base64,R0lGODlhAQABAIAAAAAAAP\/\/\/ywAAAAAAQABAAACAUwAOw==\" fifu-lazy=\"1\" fifu-data-sizes=\"auto\" fifu-data-srcset=\"https:\/\/i0.wp.com\/www.inter-accion.com.mx\/wp-content\/uploads\/2017\/11\/IMG-20171105-WA0055.jpg?ssl=1&w=75&resize=75&ssl=1 75w, https:\/\/i0.wp.com\/www.inter-accion.com.mx\/wp-content\/uploads\/2017\/11\/IMG-20171105-WA0055.jpg?ssl=1&w=100&resize=100&ssl=1 100w, https:\/\/i0.wp.com\/www.inter-accion.com.mx\/wp-content\/uploads\/2017\/11\/IMG-20171105-WA0055.jpg?ssl=1&w=150&resize=150&ssl=1 150w, https:\/\/i0.wp.com\/www.inter-accion.com.mx\/wp-content\/uploads\/2017\/11\/IMG-20171105-WA0055.jpg?ssl=1&w=240&resize=240&ssl=1 240w, https:\/\/i0.wp.com\/www.inter-accion.com.mx\/wp-content\/uploads\/2017\/11\/IMG-20171105-WA0055.jpg?ssl=1&w=320&resize=320&ssl=1 320w, https:\/\/i0.wp.com\/www.inter-accion.com.mx\/wp-content\/uploads\/2017\/11\/IMG-20171105-WA0055.jpg?ssl=1&w=500&resize=500&ssl=1 500w, https:\/\/i0.wp.com\/www.inter-accion.com.mx\/wp-content\/uploads\/2017\/11\/IMG-20171105-WA0055.jpg?ssl=1&w=640&resize=640&ssl=1 640w, https:\/\/i0.wp.com\/www.inter-accion.com.mx\/wp-content\/uploads\/2017\/11\/IMG-20171105-WA0055.jpg?ssl=1&w=800&resize=800&ssl=1 800w, https:\/\/i0.wp.com\/www.inter-accion.com.mx\/wp-content\/uploads\/2017\/11\/IMG-20171105-WA0055.jpg?ssl=1&w=1024&resize=1024&ssl=1 1024w, https:\/\/i0.wp.com\/www.inter-accion.com.mx\/wp-content\/uploads\/2017\/11\/IMG-20171105-WA0055.jpg?ssl=1&w=1280&resize=1280&ssl=1 1280w, https:\/\/i0.wp.com\/www.inter-accion.com.mx\/wp-content\/uploads\/2017\/11\/IMG-20171105-WA0055.jpg?ssl=1&w=1600&resize=1600&ssl=1 1600w\" class=\"alignnone size-full wp-image-9803\" fifu-data-src=\"https:\/\/i0.wp.com\/www.inter-accion.com.mx\/wp-content\/uploads\/2017\/11\/IMG-20171105-WA0055.jpg?ssl=1\" alt=\"\" width=\"1032\" height=\"774\">Saldo rojo en Acapulco y Costas<\/strong><br \/>\n<strong>Acapulco, Gro.-<\/strong> Tres hombres muertos y uno m\u00e1s herido, por arma de alto poder, en tres municipios del estado de Guerrero, es el saldo de una jornada de violencia este domingo.<br \/>\nEn los municipios costeros de La Uni\u00f3n, Benito Ju\u00e1rez y Acapulco se registraron los hechos de violencia en las primeras horas del domingo.<br \/>\nEn un basurero, a un costado de la carretera de Sn Jer\u00f3nimo-Corral Falso, un hombre fue encontrado asesinado este domingo, en la regi\u00f3n de la Costa Grande del litoral costero.<br \/>\nLa v\u00edctima que se encuentra en calidad de desconocido qued\u00f3 sin vida en un basurero clandestino ubicado a un kil\u00f3metro de distancia de la desviaci\u00f3n al poblado Los Toros.<br \/>\nEl hombre estaba atado de manos, ten\u00eda huellas de tortura y presentaba al menos tres heridas de arma de grueso calibre en el cuello, la cabeza y espalda, y qued\u00f3 en el basurero.<br \/>\nAntes un hombre fue baleado en la colonia Juan R. Escudero, ubicado al poniente de la zona urbana, muy cerca de la transitada avenida Ejido.<br \/>\nEl crimen se habr\u00eda cometido antes de las 10:50 de la ma\u00f1ana en la calle 11 de la colonia \u00abJuan R Escudero\u00bb, y fue reportado al 911 de los Servicios de Emergencia a las autoridades.<br \/>\nEn el lugar del crimen Polic\u00edas federales de la divisi\u00f3n de la Gendarmer\u00eda acordonaron m\u00e1s de una cuadra para las diligencias.<br \/>\nTambi\u00e9n en el municipio de La Uni\u00f3n un hombre fue ultimado.&nbsp;<\/p>\n","protected":false},"excerpt":{"rendered":"<p>Saldo rojo en Acapulco y Costas Acapulco, Gro.- Tres hombres muertos y uno m\u00e1s herido, por arma de alto poder, en tres municipios del estado de Guerrero, es el saldo&hellip; <\/p>\n","protected":false},"author":1,"featured_media":0,"comment_status":"closed","ping_status":"closed","sticky":false,"template":"","format":"standard","meta":{"fifu_image_url":"","fifu_image_alt":"","footnotes":""},"categories":[8,27],"tags":[],"class_list":["post-9801","post","type-post","status-publish","format-standard","hentry","category-featured","category-seguridad-publica"],"_links":{"self":[{"href":"https:\/\/www.interaccionnoticias.com.mx\/index.php?rest_route=\/wp\/v2\/posts\/9801","targetHints":{"allow":["GET"]}}],"collection":[{"href":"https:\/\/www.interaccionnoticias.com.mx\/index.php?rest_route=\/wp\/v2\/posts"}],"about":[{"href":"https:\/\/www.interaccionnoticias.com.mx\/index.php?rest_route=\/wp\/v2\/types\/post"}],"author":[{"embeddable":true,"href":"https:\/\/www.interaccionnoticias.com.mx\/index.php?rest_route=\/wp\/v2\/users\/1"}],"replies":[{"embeddable":true,"href":"https:\/\/www.interaccionnoticias.com.mx\/index.php?rest_route=%2Fwp%2Fv2%2Fcomments&post=9801"}],"version-history":[{"count":0,"href":"https:\/\/www.interaccionnoticias.com.mx\/index.php?rest_route=\/wp\/v2\/posts\/9801\/revisions"}],"wp:attachment":[{"href":"https:\/\/www.interaccionnoticias.com.mx\/index.php?rest_route=%2Fwp%2Fv2%2Fmedia&parent=9801"}],"wp:term":[{"taxonomy":"category","embeddable":true,"href":"https:\/\/www.interaccionnoticias.com.mx\/index.php?rest_route=%2Fwp%2Fv2%2Fcategories&post=9801"},{"taxonomy":"post_tag","embeddable":true,"href":"https:\/\/www.interaccionnoticias.com.mx\/index.php?rest_route=%2Fwp%2Fv2%2Ftags&post=9801"}],"curies":[{"name":"wp","href":"https:\/\/api.w.org\/{rel}","templated":true}]}}