{"id":97997,"date":"2025-11-10T18:24:00","date_gmt":"2025-11-11T01:24:00","guid":{"rendered":"https:\/\/www.interaccionnoticias.com.mx\/?p=97997"},"modified":"2025-11-10T21:23:38","modified_gmt":"2025-11-11T04:23:38","slug":"llaman-perredistas-a-aplicar-un-plan-de-seguridad-en-guerrero","status":"publish","type":"post","link":"https:\/\/www.interaccionnoticias.com.mx\/?p=97997","title":{"rendered":"Llaman perredistas a aplicar un plan de seguridad en Guerrero"},"content":{"rendered":"\n<p><em><strong>&#8212; Que sea similar al de Michoac\u00e1n, demanda el PRD<br>&#8212; \u201cLa paz y la seguridad no deben ser un tema de partidos\u201d<\/strong><\/em><\/p>\n\n\n\n<p><strong>Javier Trujillo<\/strong><\/p>\n\n\n\n<p><strong>Acapulco, Gro. &#8211;<\/strong> El dirigente estatal del PRD en Guerrero, Evodio Vel\u00e1zquez Aguirre, hizo un llamado al gobierno federal, para aplicar un plan integral de seguridad para Guerrero, similar al \u201cPlan Michoac\u00e1n\u00bb.<\/p>\n\n\n\n<p>\u201cEs necesario que se mire a estados como Guerrero, por sus condiciones geogr\u00e1ficas y sociales, por ser vecino de Michoac\u00e1n y porque los problemas son similares\u201d, explic\u00f3 el l\u00edder del Sol Azteca.<\/p>\n\n\n\n<p>Vel\u00e1zquez Aguirre, se\u00f1al\u00f3 que un plan integral de seguridad para Guerrero debe incluir el fortalecimiento de los cuerpos de seguridad municipal de todos los municipios en la entidad.<\/p>\n\n\n\n<p>Se\u00f1al\u00f3 que \u201ces desde los municipios donde debe comenzar la reconstrucci\u00f3n del sistema policial, desde los polic\u00edas municipales hasta llegar a los estatales\u201d, detall\u00f3 el perredista.<\/p>\n\n\n\n<p>Incluso, estim\u00f3 que es necesario fortalecer el rol de las familias y los valores, al afirmar que no se trata s\u00f3lo de dar dinero, sino de mirar lo que pasa en los hogares, c\u00f3mo viven los j\u00f3venes, c\u00f3mo se est\u00e1n formando.<\/p>\n\n\n\n<p>Con relaci\u00f3n a la violencia ocurrida en los estados de Michoac\u00e1n y Guerrero, el l\u00edder del Sol Azteca, hizo un llamado a partidos pol\u00edticos a no politizar la inseguridad ni usarla con fines partidistas.<\/p>\n\n\n\n<p>\u201cLa paz y la seguridad no deben ser un tema de partidos, sino una responsabilidad del Estado.<\/p>\n\n\n\n<p>\u201cLos guerrerenses es lo que queremos, que no vuelva a suceder lo que ya pas\u00f3, que las familias vivan en paz y con armon\u00eda\u201d, remarc\u00f3.<\/p>\n\n\n\n<p>El ex alcalde porte\u00f1o, insisti\u00f3 en que la estrategia de seguridad debe acompa\u00f1arse con acciones sociales que atiendan las causas de la violencia, como la falta de educaci\u00f3n, empleo e infraestructura.<\/p>\n\n\n\n<p>\u201cDebe verse reflejado en mayor infraestructura educativa, en salud, en carreteras dignas, en tecnolog\u00eda para mejorar la inteligencia y las investigaciones\u201d, precis\u00f3.<\/p>\n\n\n\n<p>Aunque admiti\u00f3 que los esfuerzos del gobierno federal y estatal en materia de seguridad, remarc\u00f3 que los resultados todav\u00eda a\u00fan no se reflejan en la percepci\u00f3n ciudadana.<\/p>\n\n\n\n<p>Incluso, mencion\u00f3 que con las detenciones y decomisos registrados en los \u00faltimos meses, la poblaci\u00f3n de municipios como Acapulco, Chilpancingo, Taxco e Iguala contin\u00faa sinti\u00e9ndose insegura.<\/p>\n\n\n\n<p>\u201cEl tema de la percepci\u00f3n en materia de seguridad. Aunque hay resultados, la gente no lo siente en su vida cotidiana\u201d, concluy\u00f3.<\/p>\n\n\n\n<figure class=\"wp-block-gallery has-nested-images columns-default is-cropped wp-block-gallery-1 is-layout-flex wp-block-gallery-is-layout-flex\">\n<figure class=\"wp-block-image size-large\"><img decoding=\"async\" src=\"data:image\/gif;base64,R0lGODlhAQABAIAAAAAAAP\/\/\/ywAAAAAAQABAAACAUwAOw==\" fifu-lazy=\"1\" fifu-data-sizes=\"auto\" fifu-data-srcset=\"https:\/\/i3.wp.com\/www.interaccionnoticias.com.mx\/wp-content\/uploads\/2025\/11\/251110-perredistas-2-1024x683.jpg?ssl=1&w=75&resize=75&ssl=1 75w, https:\/\/i3.wp.com\/www.interaccionnoticias.com.mx\/wp-content\/uploads\/2025\/11\/251110-perredistas-2-1024x683.jpg?ssl=1&w=100&resize=100&ssl=1 100w, https:\/\/i3.wp.com\/www.interaccionnoticias.com.mx\/wp-content\/uploads\/2025\/11\/251110-perredistas-2-1024x683.jpg?ssl=1&w=150&resize=150&ssl=1 150w, https:\/\/i3.wp.com\/www.interaccionnoticias.com.mx\/wp-content\/uploads\/2025\/11\/251110-perredistas-2-1024x683.jpg?ssl=1&w=240&resize=240&ssl=1 240w, https:\/\/i3.wp.com\/www.interaccionnoticias.com.mx\/wp-content\/uploads\/2025\/11\/251110-perredistas-2-1024x683.jpg?ssl=1&w=320&resize=320&ssl=1 320w, https:\/\/i3.wp.com\/www.interaccionnoticias.com.mx\/wp-content\/uploads\/2025\/11\/251110-perredistas-2-1024x683.jpg?ssl=1&w=500&resize=500&ssl=1 500w, https:\/\/i3.wp.com\/www.interaccionnoticias.com.mx\/wp-content\/uploads\/2025\/11\/251110-perredistas-2-1024x683.jpg?ssl=1&w=640&resize=640&ssl=1 640w, https:\/\/i3.wp.com\/www.interaccionnoticias.com.mx\/wp-content\/uploads\/2025\/11\/251110-perredistas-2-1024x683.jpg?ssl=1&w=800&resize=800&ssl=1 800w, https:\/\/i3.wp.com\/www.interaccionnoticias.com.mx\/wp-content\/uploads\/2025\/11\/251110-perredistas-2-1024x683.jpg?ssl=1&w=1024&resize=1024&ssl=1 1024w, https:\/\/i3.wp.com\/www.interaccionnoticias.com.mx\/wp-content\/uploads\/2025\/11\/251110-perredistas-2-1024x683.jpg?ssl=1&w=1280&resize=1280&ssl=1 1280w, https:\/\/i3.wp.com\/www.interaccionnoticias.com.mx\/wp-content\/uploads\/2025\/11\/251110-perredistas-2-1024x683.jpg?ssl=1&w=1600&resize=1600&ssl=1 1600w\" data-id=\"97999\" fifu-data-src=\"https:\/\/i3.wp.com\/www.interaccionnoticias.com.mx\/wp-content\/uploads\/2025\/11\/251110-perredistas-2-1024x683.jpg?ssl=1\" alt=\"\" class=\"wp-image-97999\"\/><\/figure>\n\n\n\n<figure class=\"wp-block-image size-large\"><img decoding=\"async\" src=\"data:image\/gif;base64,R0lGODlhAQABAIAAAAAAAP\/\/\/ywAAAAAAQABAAACAUwAOw==\" fifu-lazy=\"1\" fifu-data-sizes=\"auto\" fifu-data-srcset=\"https:\/\/i0.wp.com\/www.interaccionnoticias.com.mx\/wp-content\/uploads\/2025\/11\/251110-perredistas-1-1024x683.jpg?ssl=1&w=75&resize=75&ssl=1 75w, https:\/\/i0.wp.com\/www.interaccionnoticias.com.mx\/wp-content\/uploads\/2025\/11\/251110-perredistas-1-1024x683.jpg?ssl=1&w=100&resize=100&ssl=1 100w, https:\/\/i0.wp.com\/www.interaccionnoticias.com.mx\/wp-content\/uploads\/2025\/11\/251110-perredistas-1-1024x683.jpg?ssl=1&w=150&resize=150&ssl=1 150w, https:\/\/i0.wp.com\/www.interaccionnoticias.com.mx\/wp-content\/uploads\/2025\/11\/251110-perredistas-1-1024x683.jpg?ssl=1&w=240&resize=240&ssl=1 240w, https:\/\/i0.wp.com\/www.interaccionnoticias.com.mx\/wp-content\/uploads\/2025\/11\/251110-perredistas-1-1024x683.jpg?ssl=1&w=320&resize=320&ssl=1 320w, https:\/\/i0.wp.com\/www.interaccionnoticias.com.mx\/wp-content\/uploads\/2025\/11\/251110-perredistas-1-1024x683.jpg?ssl=1&w=500&resize=500&ssl=1 500w, https:\/\/i0.wp.com\/www.interaccionnoticias.com.mx\/wp-content\/uploads\/2025\/11\/251110-perredistas-1-1024x683.jpg?ssl=1&w=640&resize=640&ssl=1 640w, https:\/\/i0.wp.com\/www.interaccionnoticias.com.mx\/wp-content\/uploads\/2025\/11\/251110-perredistas-1-1024x683.jpg?ssl=1&w=800&resize=800&ssl=1 800w, https:\/\/i0.wp.com\/www.interaccionnoticias.com.mx\/wp-content\/uploads\/2025\/11\/251110-perredistas-1-1024x683.jpg?ssl=1&w=1024&resize=1024&ssl=1 1024w, https:\/\/i0.wp.com\/www.interaccionnoticias.com.mx\/wp-content\/uploads\/2025\/11\/251110-perredistas-1-1024x683.jpg?ssl=1&w=1280&resize=1280&ssl=1 1280w, https:\/\/i0.wp.com\/www.interaccionnoticias.com.mx\/wp-content\/uploads\/2025\/11\/251110-perredistas-1-1024x683.jpg?ssl=1&w=1600&resize=1600&ssl=1 1600w\" data-id=\"97998\" fifu-data-src=\"https:\/\/i0.wp.com\/www.interaccionnoticias.com.mx\/wp-content\/uploads\/2025\/11\/251110-perredistas-1-1024x683.jpg?ssl=1\" alt=\"\" class=\"wp-image-97998\"\/><\/figure>\n<\/figure>\n","protected":false},"excerpt":{"rendered":"<p>&#8212; Que sea similar al de Michoac\u00e1n, demanda el PRD&#8212; \u201cLa paz y la seguridad no deben ser un tema de partidos\u201d Javier Trujillo Acapulco, Gro. &#8211; El dirigente estatal&hellip; <\/p>\n","protected":false},"author":3,"featured_media":98001,"comment_status":"open","ping_status":"open","sticky":false,"template":"","format":"standard","meta":{"fifu_image_url":"https:\/\/www.interaccionnoticias.com.mx\/wp-content\/uploads\/2025\/11\/251110-perredistas-1.jpg","fifu_image_alt":"","footnotes":""},"categories":[21],"tags":[],"class_list":["post-97997","post","type-post","status-publish","format-standard","has-post-thumbnail","hentry","category-politica"],"_links":{"self":[{"href":"https:\/\/www.interaccionnoticias.com.mx\/index.php?rest_route=\/wp\/v2\/posts\/97997","targetHints":{"allow":["GET"]}}],"collection":[{"href":"https:\/\/www.interaccionnoticias.com.mx\/index.php?rest_route=\/wp\/v2\/posts"}],"about":[{"href":"https:\/\/www.interaccionnoticias.com.mx\/index.php?rest_route=\/wp\/v2\/types\/post"}],"author":[{"embeddable":true,"href":"https:\/\/www.interaccionnoticias.com.mx\/index.php?rest_route=\/wp\/v2\/users\/3"}],"replies":[{"embeddable":true,"href":"https:\/\/www.interaccionnoticias.com.mx\/index.php?rest_route=%2Fwp%2Fv2%2Fcomments&post=97997"}],"version-history":[{"count":1,"href":"https:\/\/www.interaccionnoticias.com.mx\/index.php?rest_route=\/wp\/v2\/posts\/97997\/revisions"}],"predecessor-version":[{"id":98000,"href":"https:\/\/www.interaccionnoticias.com.mx\/index.php?rest_route=\/wp\/v2\/posts\/97997\/revisions\/98000"}],"wp:featuredmedia":[{"embeddable":true,"href":"https:\/\/www.interaccionnoticias.com.mx\/index.php?rest_route=\/wp\/v2\/media\/98001"}],"wp:attachment":[{"href":"https:\/\/www.interaccionnoticias.com.mx\/index.php?rest_route=%2Fwp%2Fv2%2Fmedia&parent=97997"}],"wp:term":[{"taxonomy":"category","embeddable":true,"href":"https:\/\/www.interaccionnoticias.com.mx\/index.php?rest_route=%2Fwp%2Fv2%2Fcategories&post=97997"},{"taxonomy":"post_tag","embeddable":true,"href":"https:\/\/www.interaccionnoticias.com.mx\/index.php?rest_route=%2Fwp%2Fv2%2Ftags&post=97997"}],"curies":[{"name":"wp","href":"https:\/\/api.w.org\/{rel}","templated":true}]}}