{"id":97989,"date":"2025-11-10T17:02:00","date_gmt":"2025-11-11T00:02:00","guid":{"rendered":"https:\/\/www.interaccionnoticias.com.mx\/?p=97989"},"modified":"2025-11-10T20:52:20","modified_gmt":"2025-11-11T03:52:20","slug":"tras-paro-laboral-reinician-labores-subsistemas-de-educacion-media-superior","status":"publish","type":"post","link":"https:\/\/www.interaccionnoticias.com.mx\/?p=97989","title":{"rendered":"Tras paro laboral reinician labores subsistemas de educaci\u00f3n media superior"},"content":{"rendered":"\n<p><strong><em>&#8212; Lograron la instalaci\u00f3n de dos mesas de trabajo con la SEG<\/em><\/strong><\/p>\n\n\n\n<p><strong>Rosario Garc\u00eda Orozco<\/strong><\/p>\n\n\n\n<p>Este lunes reiniciaron labores planteles de los subsistemas de educaci\u00f3n media superior, como DGETI y DGTA, que la semana pasada mantuvieron un paro escalonado.<\/p>\n\n\n\n<p>El Secretario General de la Secci\u00f3n 14 del Sindicato Nacional de Trabajadores de la Educaci\u00f3n (SNTE), Silvano Palacios Salgado inform\u00f3 que como resultado del paro que se registr\u00f3 la semana pasada, se logr\u00f3 la instalaci\u00f3n de dos mesas nacionales de trabajo.<\/p>\n\n\n\n<p>Explic\u00f3 que el jueves se reunieron en una mesa autoridades federales con representantes de los DGETIS y el mismo d\u00eda en horario diferente con los del subsistema DGTA, \u201cesto producto de la lucha y manifestaci\u00f3n de mis compa\u00f1eros de media superior\u201d.<\/p>\n\n\n\n<p>Mientras que a nivel local, ma\u00f1ana -martes- sostendr\u00e1n una reuni\u00f3n con el Subsecretario de Finanzas de la Secretar\u00eda de Educaci\u00f3n Guerrero (SEG), Alejandro Moreno Lira, para atender temas relacionados con el bono decembrino para los afiliados a esta organizaci\u00f3n, \u201ceso es lo que ya logramos\u201d.<\/p>\n\n\n\n<p>Silvano Palacios mencion\u00f3:\u201cNos reunimos de manera virtual con mis compa\u00f1eros secretarios y representantes y ya a partir de hoy vamos a reanudar labores, los que no est\u00e9n en condiciones de hacerlo hoy seria a partir de ma\u00f1ana (martes)\u201d.<\/p>\n\n\n\n<p>Sin embargo, advirti\u00f3 en que si como resultado de las meses de trabajo no se obtienen respuestas contundentes podr\u00edan volver a manifestarse.<\/p>\n\n\n\n<p>Agreg\u00f3 que el pr\u00f3ximo jueves sostendr\u00e1n una reuni\u00f3n con autoridades federales, \u201cnos reuniremos el viernes para evaluar las respuestas que se logren en la mesa nacional, y vamos a revisar si es necesario volvernos a manifestar o seguimos trabajando ya de manera regular\u201d.<\/p>\n","protected":false},"excerpt":{"rendered":"<p>&#8212; Lograron la instalaci\u00f3n de dos mesas de trabajo con la SEG Rosario Garc\u00eda Orozco Este lunes reiniciaron labores planteles de los subsistemas de educaci\u00f3n media superior, como DGETI y&hellip; <\/p>\n","protected":false},"author":14,"featured_media":97992,"comment_status":"open","ping_status":"open","sticky":false,"template":"","format":"standard","meta":{"fifu_image_url":"https:\/\/www.interaccionnoticias.com.mx\/wp-content\/uploads\/2025\/11\/251110-Silvano-Palacios-Salgado.jpg","fifu_image_alt":"","footnotes":""},"categories":[6],"tags":[],"class_list":["post-97989","post","type-post","status-publish","format-standard","has-post-thumbnail","hentry","category-educacion"],"_links":{"self":[{"href":"https:\/\/www.interaccionnoticias.com.mx\/index.php?rest_route=\/wp\/v2\/posts\/97989","targetHints":{"allow":["GET"]}}],"collection":[{"href":"https:\/\/www.interaccionnoticias.com.mx\/index.php?rest_route=\/wp\/v2\/posts"}],"about":[{"href":"https:\/\/www.interaccionnoticias.com.mx\/index.php?rest_route=\/wp\/v2\/types\/post"}],"author":[{"embeddable":true,"href":"https:\/\/www.interaccionnoticias.com.mx\/index.php?rest_route=\/wp\/v2\/users\/14"}],"replies":[{"embeddable":true,"href":"https:\/\/www.interaccionnoticias.com.mx\/index.php?rest_route=%2Fwp%2Fv2%2Fcomments&post=97989"}],"version-history":[{"count":1,"href":"https:\/\/www.interaccionnoticias.com.mx\/index.php?rest_route=\/wp\/v2\/posts\/97989\/revisions"}],"predecessor-version":[{"id":97991,"href":"https:\/\/www.interaccionnoticias.com.mx\/index.php?rest_route=\/wp\/v2\/posts\/97989\/revisions\/97991"}],"wp:featuredmedia":[{"embeddable":true,"href":"https:\/\/www.interaccionnoticias.com.mx\/index.php?rest_route=\/wp\/v2\/media\/97992"}],"wp:attachment":[{"href":"https:\/\/www.interaccionnoticias.com.mx\/index.php?rest_route=%2Fwp%2Fv2%2Fmedia&parent=97989"}],"wp:term":[{"taxonomy":"category","embeddable":true,"href":"https:\/\/www.interaccionnoticias.com.mx\/index.php?rest_route=%2Fwp%2Fv2%2Fcategories&post=97989"},{"taxonomy":"post_tag","embeddable":true,"href":"https:\/\/www.interaccionnoticias.com.mx\/index.php?rest_route=%2Fwp%2Fv2%2Ftags&post=97989"}],"curies":[{"name":"wp","href":"https:\/\/api.w.org\/{rel}","templated":true}]}}