{"id":97971,"date":"2025-11-10T13:33:00","date_gmt":"2025-11-10T20:33:00","guid":{"rendered":"https:\/\/www.interaccionnoticias.com.mx\/?p=97971"},"modified":"2025-11-10T20:17:56","modified_gmt":"2025-11-11T03:17:56","slug":"familias-desplazadas-y-de-desaparecidos-logran-acuerdos-con-el-gobierno-de-guerrero","status":"publish","type":"post","link":"https:\/\/www.interaccionnoticias.com.mx\/?p=97971","title":{"rendered":"Familias desplazadas y de desaparecidos logran acuerdos con el Gobierno de Guerrero"},"content":{"rendered":"\n<p><em><strong>&#8212; Pactan pago de adeudos y avanzan con la posible reubicaci\u00f3n<br>&#8212; Reportan que hay m\u00e1s de 300 familias desplazadas en Guerrero, las autoridades asumen el compromiso de atender los pagos de canasta b\u00e1sica<\/strong><\/em><\/p>\n\n\n\n<p><strong>Jes\u00fas Dorantes \/ Chilpancingo<\/strong><\/p>\n\n\n\n<p>Representantes de colectivos que aglutinan a desplazados por la violencia, as\u00ed como a familiares de personas desaparecidas se manifestaron en Palacio de Gobierno para exigir una reuni\u00f3n con las autoridades, al salir dieron a conocer que avanzaron en la atenci\u00f3n de sus demandas.<\/p>\n\n\n\n<p>Desde las 09:30 horas, integrantes del Colectivo Mar\u00eda Herrera, que incorpora a familiares de personas desaparecidas de Chilpancingo, junto con el Centro de Derechos Humanos Jos\u00e9 Mar\u00eda Morelos y Pav\u00f3n se concentraron en la explanada de la sede del Poder Ejecutivo local, donde denunciaron la falta de atenci\u00f3n por parte de las autoridades.<\/p>\n\n\n\n<p>Dentro del inmueble se reunieron con el subsecretario de Desarrollo Pol\u00edtico y Social de la Secretar\u00eda General de Gobierno, Francisco Rodr\u00edguez Cisneros.<\/p>\n\n\n\n<p>Al salir, Teodomira Rosales Sierra, directora del Centro Morelos inform\u00f3 que actualmente existen por lo menos 300 familias desplazadas en diferentes regiones de Guerrero, las cuales buscan ser reubicadas en un lugar digno.<\/p>\n\n\n\n<p>Las autoridades indicaron que el pr\u00f3ximo viernes 14 de noviembre sostendr\u00e1n un encuentro con representantes de la Secretar\u00eda de Desarrollo Agrario, Territorial y Urbano (Sedatu), para definir los lugares donde podr\u00edan construirse nuevos hogares, aunque los colectivos pidieron que las reubicaciones se realicen fuera del estado y en sitios con servicios b\u00e1sicos, debido a la escasez de agua y otras carencias que enfrentan en la capital del estado.<\/p>\n\n\n\n<p>Gema Ant\u00fanez, representante del Colectivo Mar\u00eda Herrera, se\u00f1al\u00f3 que las autoridades se comprometieron a iniciar lo antes posible la dispersi\u00f3n de los pagos pendientes de la canasta b\u00e1sica.<\/p>\n\n\n\n<p>En los pr\u00f3ximos d\u00edas, m\u00e1s de 68 familias recibir\u00e1n los tres meses de apoyo que se les adeudan, recursos que en muchos casos representan uno de los principales ingresos econ\u00f3micos para los familiares de personas desaparecidas.<\/p>\n\n\n\n<p>Las activistas se retiraron con respuestas concretas, aunque manifestaron que esperan que los compromisos se materialicen.<\/p>\n","protected":false},"excerpt":{"rendered":"<p>&#8212; Pactan pago de adeudos y avanzan con la posible reubicaci\u00f3n&#8212; Reportan que hay m\u00e1s de 300 familias desplazadas en Guerrero, las autoridades asumen el compromiso de atender los pagos&hellip; <\/p>\n","protected":false},"author":8,"featured_media":97974,"comment_status":"open","ping_status":"open","sticky":false,"template":"","format":"standard","meta":{"fifu_image_url":"https:\/\/www.interaccionnoticias.com.mx\/wp-content\/uploads\/2025\/11\/251110-Familias-desplazadas.jpg","fifu_image_alt":"","footnotes":""},"categories":[15],"tags":[],"class_list":["post-97971","post","type-post","status-publish","format-standard","has-post-thumbnail","hentry","category-movimientos-sociales"],"_links":{"self":[{"href":"https:\/\/www.interaccionnoticias.com.mx\/index.php?rest_route=\/wp\/v2\/posts\/97971","targetHints":{"allow":["GET"]}}],"collection":[{"href":"https:\/\/www.interaccionnoticias.com.mx\/index.php?rest_route=\/wp\/v2\/posts"}],"about":[{"href":"https:\/\/www.interaccionnoticias.com.mx\/index.php?rest_route=\/wp\/v2\/types\/post"}],"author":[{"embeddable":true,"href":"https:\/\/www.interaccionnoticias.com.mx\/index.php?rest_route=\/wp\/v2\/users\/8"}],"replies":[{"embeddable":true,"href":"https:\/\/www.interaccionnoticias.com.mx\/index.php?rest_route=%2Fwp%2Fv2%2Fcomments&post=97971"}],"version-history":[{"count":1,"href":"https:\/\/www.interaccionnoticias.com.mx\/index.php?rest_route=\/wp\/v2\/posts\/97971\/revisions"}],"predecessor-version":[{"id":97973,"href":"https:\/\/www.interaccionnoticias.com.mx\/index.php?rest_route=\/wp\/v2\/posts\/97971\/revisions\/97973"}],"wp:featuredmedia":[{"embeddable":true,"href":"https:\/\/www.interaccionnoticias.com.mx\/index.php?rest_route=\/wp\/v2\/media\/97974"}],"wp:attachment":[{"href":"https:\/\/www.interaccionnoticias.com.mx\/index.php?rest_route=%2Fwp%2Fv2%2Fmedia&parent=97971"}],"wp:term":[{"taxonomy":"category","embeddable":true,"href":"https:\/\/www.interaccionnoticias.com.mx\/index.php?rest_route=%2Fwp%2Fv2%2Fcategories&post=97971"},{"taxonomy":"post_tag","embeddable":true,"href":"https:\/\/www.interaccionnoticias.com.mx\/index.php?rest_route=%2Fwp%2Fv2%2Ftags&post=97971"}],"curies":[{"name":"wp","href":"https:\/\/api.w.org\/{rel}","templated":true}]}}