{"id":97951,"date":"2025-11-09T17:57:00","date_gmt":"2025-11-10T00:57:00","guid":{"rendered":"https:\/\/www.interaccionnoticias.com.mx\/?p=97951"},"modified":"2025-11-10T19:44:26","modified_gmt":"2025-11-11T02:44:26","slug":"sin-margen-de-maniobra-el-presupuesto-aprobado-para-el-ine-asegura-el-vocal-ejecutivo-de-guerrero","status":"publish","type":"post","link":"https:\/\/www.interaccionnoticias.com.mx\/?p=97951","title":{"rendered":"Sin margen de maniobra, el presupuesto aprobado para el INE, asegura el vocal ejecutivo de Guerrero"},"content":{"rendered":"\n<p><strong><em>&#8212; Consideraron de manera inicial un presupuesto de m\u00e1s de 25 mil millones y lo aprobaron en 21 mil millones<\/em><\/strong><\/p>\n\n\n\n<p><strong>Rosario Garc\u00eda Orozco<\/strong><\/p>\n\n\n\n<p>El presupuesto que le fue autorizado al Instituto Nacional Electoral (INE) para el pr\u00f3ximo a\u00f1o por la C\u00e1mara de Diputados federal presenta un \u201crecorte significativo\u201d que podr\u00eda afectar algunos de los proyectos que ese organismo electoral ten\u00eda previstos llevar a cabo con rumbo al pr\u00f3ximo proceso electoral.<\/p>\n\n\n\n<p>El vocal ejecutivo del INE Guerrero, Donaciano Mu\u00f1oz Loyola lament\u00f3 que los legisladores hayan aprobado un presupuesto limitado para el 2026, cuando en septiembre pr\u00f3ximo da inicio el proceso electoral rumbo al 2027.<\/p>\n\n\n\n<p>Record\u00f3 que despu\u00e9s de su propuesta inicial de 25 mil millones de pesos de presupuesto para el 2026 se hizo un reajuste, y al final de cuentas la C\u00e1mara de Diputados federal solo autoriz\u00f3 poco m\u00e1s de 21 mil millones de pesos lo que significa \u201cuna disminuci\u00f3n\u201d presupuestal severa.<\/p>\n\n\n\n<p>\u201cEl INE, durante los \u00faltimos meses vino trabajando un presupuesto con la finalidad de que se presentaran unas cifras muy responsables, muy austeras, pero no obstante, nos enteramos que habr\u00e1 un recorte importante\u201d, lament\u00f3 el vocal ejecutivo del INE en Guerrero.<\/p>\n\n\n\n<p>Explic\u00f3 que a partir de septiembre del pr\u00f3ximo a\u00f1o, el INE comienza la organizaci\u00f3n de las elecciones de diputados federales, adem\u00e1s de la correspondiente a la de magistrados y jueces del Poder Judicial de la Federaci\u00f3n, aunque en este sentido aclar\u00f3 que tambi\u00e9n hay que esperar el resultado de la reforma electoral propuesta por la presidenta de la Rep\u00fablica, Claudia Sheinbaum Pardo.<\/p>\n\n\n\n<p>Apunt\u00f3 que con la reforma electoral que finalmente apruebe el Congreso de la Uni\u00f3n, \u201chabr\u00e1 que esperar qu\u00e9 nuevas atribuciones, qu\u00e9 periodos y qu\u00e9 condiciones se aprueban para recalcular lo que representar\u00eda la propia reforma para la instituci\u00f3n\u201d.<\/p>\n\n\n\n<p>En tanto, dijo, el recorte presupuestal \u201csignificativo puede afectar algunos de los proyectos que ya ten\u00edamos contemplados para el siguiente a\u00f1o\u201d.<\/p>\n\n\n\n<p>Lo que s\u00ed aclar\u00f3, es que para el pr\u00f3ximo a\u00f1o las prerrogativas de los partidos pol\u00edticos est\u00e1n garantizadas, porque la propia Constituci\u00f3n contempla una f\u00f3rmula de c\u00e1lculo, la cual est\u00e1 en funciones del n\u00famero de electores que est\u00e1n en el Padr\u00f3n Electoral, por lo que en ese sentido \u201cno hay margen de maniobra y lo \u00fanico que se hace es aplicar la f\u00f3rmula\u201d.<\/p>\n\n\n\n<p>Pero s\u00ed resultar\u00e1n afectados otros rubros en lo correspondiente a la organizaci\u00f3n de las elecciones, que inician en septiembre del pr\u00f3ximo a\u00f1o, ya que tambi\u00e9n colabora en INE en la instalaci\u00f3n de casillas de las elecciones de gobernadores en los estados de la Rep\u00fablica, Presidencias Municipales, Diputaciones Locales y, ahora tambi\u00e9n del Poder Judicial local.<\/p>\n","protected":false},"excerpt":{"rendered":"<p>&#8212; Consideraron de manera inicial un presupuesto de m\u00e1s de 25 mil millones y lo aprobaron en 21 mil millones Rosario Garc\u00eda Orozco El presupuesto que le fue autorizado al&hellip; <\/p>\n","protected":false},"author":14,"featured_media":97953,"comment_status":"open","ping_status":"open","sticky":false,"template":"","format":"standard","meta":{"fifu_image_url":"https:\/\/www.interaccionnoticias.com.mx\/wp-content\/uploads\/2025\/11\/251107-Donaciano-Munoz-Loyola.jpg","fifu_image_alt":"","footnotes":""},"categories":[17],"tags":[],"class_list":["post-97951","post","type-post","status-publish","format-standard","has-post-thumbnail","hentry","category-organos-electorales"],"_links":{"self":[{"href":"https:\/\/www.interaccionnoticias.com.mx\/index.php?rest_route=\/wp\/v2\/posts\/97951","targetHints":{"allow":["GET"]}}],"collection":[{"href":"https:\/\/www.interaccionnoticias.com.mx\/index.php?rest_route=\/wp\/v2\/posts"}],"about":[{"href":"https:\/\/www.interaccionnoticias.com.mx\/index.php?rest_route=\/wp\/v2\/types\/post"}],"author":[{"embeddable":true,"href":"https:\/\/www.interaccionnoticias.com.mx\/index.php?rest_route=\/wp\/v2\/users\/14"}],"replies":[{"embeddable":true,"href":"https:\/\/www.interaccionnoticias.com.mx\/index.php?rest_route=%2Fwp%2Fv2%2Fcomments&post=97951"}],"version-history":[{"count":1,"href":"https:\/\/www.interaccionnoticias.com.mx\/index.php?rest_route=\/wp\/v2\/posts\/97951\/revisions"}],"predecessor-version":[{"id":97952,"href":"https:\/\/www.interaccionnoticias.com.mx\/index.php?rest_route=\/wp\/v2\/posts\/97951\/revisions\/97952"}],"wp:featuredmedia":[{"embeddable":true,"href":"https:\/\/www.interaccionnoticias.com.mx\/index.php?rest_route=\/wp\/v2\/media\/97953"}],"wp:attachment":[{"href":"https:\/\/www.interaccionnoticias.com.mx\/index.php?rest_route=%2Fwp%2Fv2%2Fmedia&parent=97951"}],"wp:term":[{"taxonomy":"category","embeddable":true,"href":"https:\/\/www.interaccionnoticias.com.mx\/index.php?rest_route=%2Fwp%2Fv2%2Fcategories&post=97951"},{"taxonomy":"post_tag","embeddable":true,"href":"https:\/\/www.interaccionnoticias.com.mx\/index.php?rest_route=%2Fwp%2Fv2%2Ftags&post=97951"}],"curies":[{"name":"wp","href":"https:\/\/api.w.org\/{rel}","templated":true}]}}