{"id":97935,"date":"2025-11-09T12:40:00","date_gmt":"2025-11-09T19:40:00","guid":{"rendered":"https:\/\/www.interaccionnoticias.com.mx\/?p=97935"},"modified":"2025-11-10T15:51:56","modified_gmt":"2025-11-10T22:51:56","slug":"la-guerrerense-harumi-sanchez-gana-oro-en-katas-y-kumite-en-torneo-nacional","status":"publish","type":"post","link":"https:\/\/www.interaccionnoticias.com.mx\/?p=97935","title":{"rendered":"La guerrerense Harumi S\u00e1nchez gana oro en Katas y Kumite en torneo nacional"},"content":{"rendered":"\n<p><em><strong>&#8212; Sigue su preparaci\u00f3n para representar a M\u00e9xico en campeonato mundial de Karate Do en Jap\u00f3n<\/strong><\/em><\/p>\n\n\n\n<p><strong>Rosario Garc\u00eda Orozco<\/strong><\/p>\n\n\n\n<p>La artemarcialista guerrerense Harumi S\u00e1nchez Mondrag\u00f3n gan\u00f3 medalla de oro en Kata (formas) y Kumite (combate) en la XXXV Copa Morelia de Karate 2025, que se llev\u00f3 a cabo en Morelia, Mochiac\u00e1n este fin de semana.<\/p>\n\n\n\n<p>Este s\u00e1bado 8 de noviembre se realiz\u00f3 el campeonato con la participaci\u00f3n en 180 categor\u00edas de m\u00e1s de 900 competidores de 3 a 50 a\u00f1os de edad de toda la Rep\u00fablica Mexicana.<\/p>\n\n\n\n<p>En Kata, Harumi S\u00e1nchez particip\u00f3 en tres rondas en las que venci\u00f3 a sus contrincantes de Veracruz, Zacatecas y Estado de M\u00e9xico, por lo que consigui\u00f3 el oro para Guerrero.<\/p>\n\n\n\n<p>Harumi S\u00e1nchez tambi\u00e9n particip\u00f3 en Kumite (combate) contra artemarcialista de los estados de Michoac\u00e1n, Veracruz, Zacatecas y Estado de M\u00e9xico, a quienes venci\u00f3 y obtuvo tambi\u00e9n medalla de oro.<\/p>\n\n\n\n<p>La guerrerense, originaria de Zihuatanejo mencion\u00f3 que les hicieron entrega de \u201chermosas medallas conmemorativas a los ganadores individuales y charolas elaboradas por artesanos de Santa Clara del Cobre a las escuelas ganadoras\u201d.<\/p>\n\n\n\n<p>Dijo tener \u201cun compromiso fuerte de poder sacar la espina de los resultados de Monterrey y despedir el a\u00f1o con resultados favorables\u201d.<\/p>\n\n\n\n<p>Coment\u00f3 que es gratificante poner en alto a Guerrero y Zihuatanejo, \u201cse requiere de mucho esfuerzo, pero bien vale la pena\u201d, sobre todo porque ese tipo de competencias le sirven de preparaci\u00f3n para el Campeonato Mundial de Karate Do que se llevar\u00e1 a cabo en septiembre del 2026, donde representar\u00e1 a M\u00e9xico.<\/p>\n","protected":false},"excerpt":{"rendered":"<p>&#8212; Sigue su preparaci\u00f3n para representar a M\u00e9xico en campeonato mundial de Karate Do en Jap\u00f3n Rosario Garc\u00eda Orozco La artemarcialista guerrerense Harumi S\u00e1nchez Mondrag\u00f3n gan\u00f3 medalla de oro en&hellip; <\/p>\n","protected":false},"author":14,"featured_media":97938,"comment_status":"open","ping_status":"open","sticky":false,"template":"","format":"standard","meta":{"fifu_image_url":"https:\/\/www.interaccionnoticias.com.mx\/wp-content\/uploads\/2025\/11\/251109-Harumi-Sanchez-Mondragon.jpg","fifu_image_alt":"","footnotes":""},"categories":[243],"tags":[],"class_list":["post-97935","post","type-post","status-publish","format-standard","has-post-thumbnail","hentry","category-deportes"],"_links":{"self":[{"href":"https:\/\/www.interaccionnoticias.com.mx\/index.php?rest_route=\/wp\/v2\/posts\/97935","targetHints":{"allow":["GET"]}}],"collection":[{"href":"https:\/\/www.interaccionnoticias.com.mx\/index.php?rest_route=\/wp\/v2\/posts"}],"about":[{"href":"https:\/\/www.interaccionnoticias.com.mx\/index.php?rest_route=\/wp\/v2\/types\/post"}],"author":[{"embeddable":true,"href":"https:\/\/www.interaccionnoticias.com.mx\/index.php?rest_route=\/wp\/v2\/users\/14"}],"replies":[{"embeddable":true,"href":"https:\/\/www.interaccionnoticias.com.mx\/index.php?rest_route=%2Fwp%2Fv2%2Fcomments&post=97935"}],"version-history":[{"count":1,"href":"https:\/\/www.interaccionnoticias.com.mx\/index.php?rest_route=\/wp\/v2\/posts\/97935\/revisions"}],"predecessor-version":[{"id":97937,"href":"https:\/\/www.interaccionnoticias.com.mx\/index.php?rest_route=\/wp\/v2\/posts\/97935\/revisions\/97937"}],"wp:featuredmedia":[{"embeddable":true,"href":"https:\/\/www.interaccionnoticias.com.mx\/index.php?rest_route=\/wp\/v2\/media\/97938"}],"wp:attachment":[{"href":"https:\/\/www.interaccionnoticias.com.mx\/index.php?rest_route=%2Fwp%2Fv2%2Fmedia&parent=97935"}],"wp:term":[{"taxonomy":"category","embeddable":true,"href":"https:\/\/www.interaccionnoticias.com.mx\/index.php?rest_route=%2Fwp%2Fv2%2Fcategories&post=97935"},{"taxonomy":"post_tag","embeddable":true,"href":"https:\/\/www.interaccionnoticias.com.mx\/index.php?rest_route=%2Fwp%2Fv2%2Ftags&post=97935"}],"curies":[{"name":"wp","href":"https:\/\/api.w.org\/{rel}","templated":true}]}}