{"id":97623,"date":"2025-11-03T16:26:10","date_gmt":"2025-11-03T23:26:10","guid":{"rendered":"https:\/\/www.interaccionnoticias.com.mx\/?p=97623"},"modified":"2025-11-03T16:26:11","modified_gmt":"2025-11-03T23:26:11","slug":"tribunal-universitario-descarta-impedimento-para-que-el-congreso-apruebe-la-reforma-a-la-ley-organica-de-la-uagro","status":"publish","type":"post","link":"https:\/\/www.interaccionnoticias.com.mx\/?p=97623","title":{"rendered":"Tribunal Universitario descarta impedimento para que el Congreso apruebe la reforma a la Ley Org\u00e1nica de la UAGro"},"content":{"rendered":"\n<p><em><strong>&#8212; El \u00f3rgano jur\u00eddico resolvi\u00f3 que carece de competencia para conocer la impugnaci\u00f3n<br>&#8212; Se confirma la no reelecci\u00f3n del rector, pero la ampliaci\u00f3n de la permanencia en el cargo se ampl\u00eda de 4 a 6 a\u00f1os, a partir de 2027<\/strong><\/em><\/p>\n\n\n\n<p><strong>Rogelio Agust\u00edn<\/strong><\/p>\n\n\n\n<p>El Tribunal Universitario de la Universidad Aut\u00f3noma de Guerrero (UAGro) resolvi\u00f3 que carece de competencia para conocer de la impugnaci\u00f3n presentada en contra de la reforma a la Ley Org\u00e1nica de la Instituci\u00f3n, la cual ya fue dictaminada a favor por la Comisi\u00f3n de Educaci\u00f3n del Congreso local.<\/p>\n\n\n\n<p>En un comunicado emitido la tarde de este lunes 3 de noviembre, el Tribunal Universitario indic\u00f3 que la impugnaci\u00f3n fue promovida por un grupo de cuatro universitarios en contra del dictamen emitido por el Honorable Consejo Universitario (CU), tras la sesi\u00f3n celebrada el pasado 9 de septiembre.<\/p>\n\n\n\n<p>En dicho dictamen se aprueba la reforma a los art\u00edculos 28 y 29 de la Ley Org\u00e1nica n\u00famero 178 de la Universidad Aut\u00f3noma de Guerrero.<\/p>\n\n\n\n<p>La resoluci\u00f3n se encuentra fundamentada en el art\u00edculo 58, fracci\u00f3n V, del Reglamento del Tribunal Universitario, en el que se anota que que no existen actos impugnables ante dicha instancia, que deriven de resoluciones o acuerdos emitidos por el Consejo Universitario.<\/p>\n\n\n\n<p>Lo anterior, porque la reforma surge del m\u00e1ximo \u00f3rgano de gobierno que tiene la UAGro.<\/p>\n\n\n\n<p>En consecuencia se anota: \u201cNo existe impedimento para que la propuesta de reforma a la Ley Org\u00e1nica sea analizada, discutida y, en su caso, aprobada por el H. Congreso del Estado\u201d.<\/p>\n\n\n\n<p>En el comunicado emitido este 3 de noviembre, se destaca que el TU orden\u00f3 que se notifique personalmente la resoluci\u00f3n a las partes involucradas, adem\u00e1s de publicar el documento en los estrados de dicho \u00f3rgano, para el conocimiento de la comunidad universitaria, conforme al art\u00edculo 29 del Reglamento del Tribunal Universitario.<\/p>\n\n\n\n<p>El asunto quedar\u00e1 archivado \u201ccomo total y definitivamente concluido\u201d.<\/p>\n\n\n\n<p>El documento cierra: \u201cEl Tribunal Universitario reafirma el respeto al marco jur\u00eddico que rige la vida interna de la Universidad Aut\u00f3noma de Guerrero y la legitimidad de los acuerdos aprobados por su Consejo Universitario, en apego a los principios de legalidad, autonom\u00eda y transparencia que caracterizan a la instituci\u00f3n\u201d.<\/p>\n\n\n\n<p>La semana pasada, la Comisi\u00f3n de Educaci\u00f3n del Congreso local, presidida por el diputado P\u00e1nfilo S\u00e1nchez Almaz\u00e1n dictamin\u00f3 a favor la reforma enviada por la gobernadora Evelyn Salgado Pineda, que confirma la eliminaci\u00f3n de la reelecci\u00f3n en la UAGro, as\u00ed como la ampliaci\u00f3n de 4 a 6 a\u00f1os del periodo del rector de la instituci\u00f3n.<\/p>\n\n\n\n<p>Dicha reforma aplica a partir de 2027, lo que implica que el actual rector no durar\u00e1 en el cargo m\u00e1s all\u00e1 de ese a\u00f1o, ya que no podr\u00e1 ser candidato para ratificar su permanencia.<\/p>\n\n\n\n<figure class=\"wp-block-gallery has-nested-images columns-default is-cropped wp-block-gallery-1 is-layout-flex wp-block-gallery-is-layout-flex\">\n<figure class=\"wp-block-image size-large\"><img decoding=\"async\" src=\"data:image\/gif;base64,R0lGODlhAQABAIAAAAAAAP\/\/\/ywAAAAAAQABAAACAUwAOw==\" fifu-lazy=\"1\" fifu-data-sizes=\"auto\" fifu-data-srcset=\"https:\/\/i3.wp.com\/www.interaccionnoticias.com.mx\/wp-content\/uploads\/2025\/11\/251103-Tribunal-Universitario-b-595x1024.jpg?ssl=1&w=75&resize=75&ssl=1 75w, https:\/\/i3.wp.com\/www.interaccionnoticias.com.mx\/wp-content\/uploads\/2025\/11\/251103-Tribunal-Universitario-b-595x1024.jpg?ssl=1&w=100&resize=100&ssl=1 100w, https:\/\/i3.wp.com\/www.interaccionnoticias.com.mx\/wp-content\/uploads\/2025\/11\/251103-Tribunal-Universitario-b-595x1024.jpg?ssl=1&w=150&resize=150&ssl=1 150w, https:\/\/i3.wp.com\/www.interaccionnoticias.com.mx\/wp-content\/uploads\/2025\/11\/251103-Tribunal-Universitario-b-595x1024.jpg?ssl=1&w=240&resize=240&ssl=1 240w, https:\/\/i3.wp.com\/www.interaccionnoticias.com.mx\/wp-content\/uploads\/2025\/11\/251103-Tribunal-Universitario-b-595x1024.jpg?ssl=1&w=320&resize=320&ssl=1 320w, https:\/\/i3.wp.com\/www.interaccionnoticias.com.mx\/wp-content\/uploads\/2025\/11\/251103-Tribunal-Universitario-b-595x1024.jpg?ssl=1&w=500&resize=500&ssl=1 500w, https:\/\/i3.wp.com\/www.interaccionnoticias.com.mx\/wp-content\/uploads\/2025\/11\/251103-Tribunal-Universitario-b-595x1024.jpg?ssl=1&w=640&resize=640&ssl=1 640w, https:\/\/i3.wp.com\/www.interaccionnoticias.com.mx\/wp-content\/uploads\/2025\/11\/251103-Tribunal-Universitario-b-595x1024.jpg?ssl=1&w=800&resize=800&ssl=1 800w, https:\/\/i3.wp.com\/www.interaccionnoticias.com.mx\/wp-content\/uploads\/2025\/11\/251103-Tribunal-Universitario-b-595x1024.jpg?ssl=1&w=1024&resize=1024&ssl=1 1024w, https:\/\/i3.wp.com\/www.interaccionnoticias.com.mx\/wp-content\/uploads\/2025\/11\/251103-Tribunal-Universitario-b-595x1024.jpg?ssl=1&w=1280&resize=1280&ssl=1 1280w, https:\/\/i3.wp.com\/www.interaccionnoticias.com.mx\/wp-content\/uploads\/2025\/11\/251103-Tribunal-Universitario-b-595x1024.jpg?ssl=1&w=1600&resize=1600&ssl=1 1600w\" data-id=\"97625\" fifu-data-src=\"https:\/\/i3.wp.com\/www.interaccionnoticias.com.mx\/wp-content\/uploads\/2025\/11\/251103-Tribunal-Universitario-b-595x1024.jpg?ssl=1\" alt=\"\" class=\"wp-image-97625\"\/><\/figure>\n\n\n\n<figure class=\"wp-block-image size-large\"><img decoding=\"async\" src=\"data:image\/gif;base64,R0lGODlhAQABAIAAAAAAAP\/\/\/ywAAAAAAQABAAACAUwAOw==\" fifu-lazy=\"1\" fifu-data-sizes=\"auto\" fifu-data-srcset=\"https:\/\/i0.wp.com\/www.interaccionnoticias.com.mx\/wp-content\/uploads\/2025\/11\/251103-Tribunal-Universitario-c-576x1024.jpg?ssl=1&w=75&resize=75&ssl=1 75w, https:\/\/i0.wp.com\/www.interaccionnoticias.com.mx\/wp-content\/uploads\/2025\/11\/251103-Tribunal-Universitario-c-576x1024.jpg?ssl=1&w=100&resize=100&ssl=1 100w, https:\/\/i0.wp.com\/www.interaccionnoticias.com.mx\/wp-content\/uploads\/2025\/11\/251103-Tribunal-Universitario-c-576x1024.jpg?ssl=1&w=150&resize=150&ssl=1 150w, https:\/\/i0.wp.com\/www.interaccionnoticias.com.mx\/wp-content\/uploads\/2025\/11\/251103-Tribunal-Universitario-c-576x1024.jpg?ssl=1&w=240&resize=240&ssl=1 240w, https:\/\/i0.wp.com\/www.interaccionnoticias.com.mx\/wp-content\/uploads\/2025\/11\/251103-Tribunal-Universitario-c-576x1024.jpg?ssl=1&w=320&resize=320&ssl=1 320w, https:\/\/i0.wp.com\/www.interaccionnoticias.com.mx\/wp-content\/uploads\/2025\/11\/251103-Tribunal-Universitario-c-576x1024.jpg?ssl=1&w=500&resize=500&ssl=1 500w, https:\/\/i0.wp.com\/www.interaccionnoticias.com.mx\/wp-content\/uploads\/2025\/11\/251103-Tribunal-Universitario-c-576x1024.jpg?ssl=1&w=640&resize=640&ssl=1 640w, https:\/\/i0.wp.com\/www.interaccionnoticias.com.mx\/wp-content\/uploads\/2025\/11\/251103-Tribunal-Universitario-c-576x1024.jpg?ssl=1&w=800&resize=800&ssl=1 800w, https:\/\/i0.wp.com\/www.interaccionnoticias.com.mx\/wp-content\/uploads\/2025\/11\/251103-Tribunal-Universitario-c-576x1024.jpg?ssl=1&w=1024&resize=1024&ssl=1 1024w, https:\/\/i0.wp.com\/www.interaccionnoticias.com.mx\/wp-content\/uploads\/2025\/11\/251103-Tribunal-Universitario-c-576x1024.jpg?ssl=1&w=1280&resize=1280&ssl=1 1280w, https:\/\/i0.wp.com\/www.interaccionnoticias.com.mx\/wp-content\/uploads\/2025\/11\/251103-Tribunal-Universitario-c-576x1024.jpg?ssl=1&w=1600&resize=1600&ssl=1 1600w\" data-id=\"97624\" fifu-data-src=\"https:\/\/i0.wp.com\/www.interaccionnoticias.com.mx\/wp-content\/uploads\/2025\/11\/251103-Tribunal-Universitario-c-576x1024.jpg?ssl=1\" alt=\"\" class=\"wp-image-97624\"\/><\/figure>\n<\/figure>\n","protected":false},"excerpt":{"rendered":"<p>&#8212; El \u00f3rgano jur\u00eddico resolvi\u00f3 que carece de competencia para conocer la impugnaci\u00f3n&#8212; Se confirma la no reelecci\u00f3n del rector, pero la ampliaci\u00f3n de la permanencia en el cargo se&hellip; <\/p>\n","protected":false},"author":21,"featured_media":97628,"comment_status":"open","ping_status":"open","sticky":false,"template":"","format":"standard","meta":{"fifu_image_url":"https:\/\/www.interaccionnoticias.com.mx\/wp-content\/uploads\/2025\/11\/251103-Tribunal-Universitario-1-copia.jpg","fifu_image_alt":"","footnotes":""},"categories":[30],"tags":[],"class_list":["post-97623","post","type-post","status-publish","format-standard","has-post-thumbnail","hentry","category-universidad"],"_links":{"self":[{"href":"https:\/\/www.interaccionnoticias.com.mx\/index.php?rest_route=\/wp\/v2\/posts\/97623","targetHints":{"allow":["GET"]}}],"collection":[{"href":"https:\/\/www.interaccionnoticias.com.mx\/index.php?rest_route=\/wp\/v2\/posts"}],"about":[{"href":"https:\/\/www.interaccionnoticias.com.mx\/index.php?rest_route=\/wp\/v2\/types\/post"}],"author":[{"embeddable":true,"href":"https:\/\/www.interaccionnoticias.com.mx\/index.php?rest_route=\/wp\/v2\/users\/21"}],"replies":[{"embeddable":true,"href":"https:\/\/www.interaccionnoticias.com.mx\/index.php?rest_route=%2Fwp%2Fv2%2Fcomments&post=97623"}],"version-history":[{"count":1,"href":"https:\/\/www.interaccionnoticias.com.mx\/index.php?rest_route=\/wp\/v2\/posts\/97623\/revisions"}],"predecessor-version":[{"id":97627,"href":"https:\/\/www.interaccionnoticias.com.mx\/index.php?rest_route=\/wp\/v2\/posts\/97623\/revisions\/97627"}],"wp:featuredmedia":[{"embeddable":true,"href":"https:\/\/www.interaccionnoticias.com.mx\/index.php?rest_route=\/wp\/v2\/media\/97628"}],"wp:attachment":[{"href":"https:\/\/www.interaccionnoticias.com.mx\/index.php?rest_route=%2Fwp%2Fv2%2Fmedia&parent=97623"}],"wp:term":[{"taxonomy":"category","embeddable":true,"href":"https:\/\/www.interaccionnoticias.com.mx\/index.php?rest_route=%2Fwp%2Fv2%2Fcategories&post=97623"},{"taxonomy":"post_tag","embeddable":true,"href":"https:\/\/www.interaccionnoticias.com.mx\/index.php?rest_route=%2Fwp%2Fv2%2Ftags&post=97623"}],"curies":[{"name":"wp","href":"https:\/\/api.w.org\/{rel}","templated":true}]}}