{"id":9744,"date":"2017-11-02T17:31:42","date_gmt":"2017-11-02T23:31:42","guid":{"rendered":"http:\/\/www.inter-accion.com.mx\/?p=9744"},"modified":"2017-11-02T17:31:42","modified_gmt":"2017-11-02T23:31:42","slug":"obispo-pacto-por-la-paz-debe-sumar-a-organizaciones-delictivas","status":"publish","type":"post","link":"https:\/\/www.interaccionnoticias.com.mx\/?p=9744","title":{"rendered":"Obispo: Pacto por la Paz debe sumar a organizaciones delictivas"},"content":{"rendered":"<p><strong>Para consolidar La Paz<\/strong><\/p>\n<p class=\"m_-8240378094841571138x_MsoNormal\"><span lang=\"ES\">El obispo de la Di\u00f3cesis Chilpancingo-Chilapa, Salvador Rangel Mendoza respald\u00f3 el pacto por la paz que propuso el gobernador H\u00e9ctor Astudillo Flores, pero sugiri\u00f3 que para garantizar la gobernabilidad del estado, se tome en cuenta a los grupos delictivos que operan en las siete regiones.<\/span><\/p>\n<p class=\"m_-8240378094841571138x_MsoNormal\"><span lang=\"ES\">En Chilpancingo, Rangel Mendoza manifest\u00f3 que siempre ha estado a favor del dialogo como un instrumento para mantener la paz, sin embargo, aclar\u00f3 que el dialogo no debe ser de sordos ni darse solamente entre amigos.&nbsp;&nbsp;&nbsp;&nbsp;<\/span><\/p>\n<p class=\"m_-8240378094841571138x_MsoNormal\"><span lang=\"ES\">Record\u00f3 que de manera recurrente, en el pa\u00eds se dan a conocer estad\u00edsticas en las que Guerrero aparece como \u00faltimo lugar en cuanto a los indicadores de desarrollo y prosperidad.<\/span><\/p>\n<p class=\"m_-8240378094841571138x_MsoNormal\"><span lang=\"ES\">Manifest\u00f3 la necesidad de rezar porque las personas encaminadas a promover la firma del Pacto por la Paz lo consigan, porque dicho acuerdo ser\u00e1 un instrumento importante para reinstalar la tranquilidad en Guerrero.<\/span><\/p>\n<p class=\"m_-8240378094841571138x_MsoNormal\"><span lang=\"ES\">Cuestionado sobre el tema, consider\u00f3 como una forma inteligente de hacer trascender al pacto, al hecho de incorporar a los grupos delictivos.<\/span><\/p>\n<p class=\"m_-8240378094841571138x_MsoNormal\"><span lang=\"ES\">Argument\u00f3: \u201cSi vamos a dialogar solo entre amigos, entre la gente que nos va a echar porras \u00bfpues qu\u00e9 dialogo es ese? Es un dialogo ya viciado, trunco y manco\u201d.<\/span><\/p>\n<p class=\"m_-8240378094841571138x_MsoNormal\"><span lang=\"ES\">En todo caso, dijo que lo socialmente \u00fatil es abrir todo el abanico para incorporar a todos los actores que inciden en la vida p\u00fablica, pues solo de esa manera, asegur\u00f3 que se podr\u00e1 consolidar la paz para el estado de Guerrero.<\/span><\/p>\n","protected":false},"excerpt":{"rendered":"<p>Para consolidar La Paz El obispo de la Di\u00f3cesis Chilpancingo-Chilapa, Salvador Rangel Mendoza respald\u00f3 el pacto por la paz que propuso el gobernador H\u00e9ctor Astudillo Flores, pero sugiri\u00f3 que para&hellip; <\/p>\n","protected":false},"author":1,"featured_media":0,"comment_status":"closed","ping_status":"closed","sticky":false,"template":"","format":"standard","meta":{"fifu_image_url":"","fifu_image_alt":"","footnotes":""},"categories":[8,18],"tags":[],"class_list":["post-9744","post","type-post","status-publish","format-standard","hentry","category-featured","category-partidos-politicos"],"_links":{"self":[{"href":"https:\/\/www.interaccionnoticias.com.mx\/index.php?rest_route=\/wp\/v2\/posts\/9744","targetHints":{"allow":["GET"]}}],"collection":[{"href":"https:\/\/www.interaccionnoticias.com.mx\/index.php?rest_route=\/wp\/v2\/posts"}],"about":[{"href":"https:\/\/www.interaccionnoticias.com.mx\/index.php?rest_route=\/wp\/v2\/types\/post"}],"author":[{"embeddable":true,"href":"https:\/\/www.interaccionnoticias.com.mx\/index.php?rest_route=\/wp\/v2\/users\/1"}],"replies":[{"embeddable":true,"href":"https:\/\/www.interaccionnoticias.com.mx\/index.php?rest_route=%2Fwp%2Fv2%2Fcomments&post=9744"}],"version-history":[{"count":0,"href":"https:\/\/www.interaccionnoticias.com.mx\/index.php?rest_route=\/wp\/v2\/posts\/9744\/revisions"}],"wp:attachment":[{"href":"https:\/\/www.interaccionnoticias.com.mx\/index.php?rest_route=%2Fwp%2Fv2%2Fmedia&parent=9744"}],"wp:term":[{"taxonomy":"category","embeddable":true,"href":"https:\/\/www.interaccionnoticias.com.mx\/index.php?rest_route=%2Fwp%2Fv2%2Fcategories&post=9744"},{"taxonomy":"post_tag","embeddable":true,"href":"https:\/\/www.interaccionnoticias.com.mx\/index.php?rest_route=%2Fwp%2Fv2%2Ftags&post=9744"}],"curies":[{"name":"wp","href":"https:\/\/api.w.org\/{rel}","templated":true}]}}