{"id":9738,"date":"2017-11-02T16:49:32","date_gmt":"2017-11-02T22:49:32","guid":{"rendered":"http:\/\/www.inter-accion.com.mx\/?p=9738"},"modified":"2017-11-02T16:49:32","modified_gmt":"2017-11-02T22:49:32","slug":"reparan-socavon-en-la-carretera-acapulco-zihuatanejo","status":"publish","type":"post","link":"https:\/\/www.interaccionnoticias.com.mx\/?p=9738","title":{"rendered":"Reparan socav\u00f3n en la carretera Acapulco-Zihuatanejo"},"content":{"rendered":"<p><strong>Una alcantarilla filtro el agua y provoc\u00f3 la oquedad&nbsp;<\/strong><br \/>\n<strong>Acapulco, Gro.-<\/strong> Un reporte de Protecci\u00f3n Civil de Tecpan de Galeana, indica que el socav\u00f3n se form\u00f3 por una alcantarilla incompleta que filtr\u00f3 agua y provoc\u00f3 el hundimiento en un carril de la carretera federal Acapulco-Zihuatanejo en Guerrero.<br \/>\n\u00abDe acuerdo al reporte f\u00edsico visual, nosotros estamos viendo una alcantarilla incompleta en el lugar, la cual tuvo una salida de agua y estuvo haciendo un arrastre de material, lo que provoco el socav\u00f3n\u00bb, dijo el director&nbsp; de Protecci\u00f3n&nbsp; Civil del gobierno de Tecpan de Galeana en la Costa Grande.<br \/>\nDetall\u00f3 que el hundimiento presentaba una profundidad de m\u00e1s de tres metros y un di\u00e1metro de m\u00e1s de dos metros, el cual se report\u00f3 poco antes de las siete de la ma\u00f1ana.<br \/>\nDijo que personal de la Secretar\u00eda de Comunicaciones y Transportes realizaron&nbsp; los trabajos de reparaci\u00f3n y que hoy mismo quedo terminada la obra y se abri\u00f3 a la circulaci\u00f3n.<br \/>\nDe acuerdo con Protecci\u00f3n Civil de Guerrero, a las 07:00 horas se report\u00f3 que en el kil\u00f3metro 89, en el punto conocido como \u00abPuente Monte Alto\u00bb, se abri\u00f3 una oquedad de dos m\u00e1s de metros de di\u00e1metro, ubicado en el municipio de Benito Ju\u00e1rez, cerca de la cabecera de San Jer\u00f3nimo.<br \/>\n\u00abEl reporte que tenemos indica que al filo de las siete de la ma\u00f1ana nos reportaron que hab\u00eda un socav\u00f3n sobre el carril que va en direcci\u00f3n de Acapulco al puerto de Zihuatanejo\u00bb, inform\u00f3 el secretario, Marco C\u00e9sar Mayares Salvador.&nbsp;<br \/>\nTambi\u00e9n elementos del cuadrante Caminos de la Polic\u00eda Federal, en la zona de la Costa Grande del estado acordonaron el \u00e1rea del carril en direcci\u00f3n a Zihuatanejo.<br \/>\nAun se trabaja en el lugar con personal de Protecci\u00f3n Civil de Tecpan de Galeana, Benito Ju\u00e1rez, as\u00ed como elementos de la Polic\u00eda Federal.<\/p>\n","protected":false},"excerpt":{"rendered":"<p>Una alcantarilla filtro el agua y provoc\u00f3 la oquedad&nbsp; Acapulco, Gro.- Un reporte de Protecci\u00f3n Civil de Tecpan de Galeana, indica que el socav\u00f3n se form\u00f3 por una alcantarilla incompleta&hellip; <\/p>\n","protected":false},"author":1,"featured_media":0,"comment_status":"closed","ping_status":"closed","sticky":false,"template":"","format":"standard","meta":{"fifu_image_url":"","fifu_image_alt":"","footnotes":""},"categories":[8,23],"tags":[],"class_list":["post-9738","post","type-post","status-publish","format-standard","hentry","category-featured","category-regionales"],"_links":{"self":[{"href":"https:\/\/www.interaccionnoticias.com.mx\/index.php?rest_route=\/wp\/v2\/posts\/9738","targetHints":{"allow":["GET"]}}],"collection":[{"href":"https:\/\/www.interaccionnoticias.com.mx\/index.php?rest_route=\/wp\/v2\/posts"}],"about":[{"href":"https:\/\/www.interaccionnoticias.com.mx\/index.php?rest_route=\/wp\/v2\/types\/post"}],"author":[{"embeddable":true,"href":"https:\/\/www.interaccionnoticias.com.mx\/index.php?rest_route=\/wp\/v2\/users\/1"}],"replies":[{"embeddable":true,"href":"https:\/\/www.interaccionnoticias.com.mx\/index.php?rest_route=%2Fwp%2Fv2%2Fcomments&post=9738"}],"version-history":[{"count":0,"href":"https:\/\/www.interaccionnoticias.com.mx\/index.php?rest_route=\/wp\/v2\/posts\/9738\/revisions"}],"wp:attachment":[{"href":"https:\/\/www.interaccionnoticias.com.mx\/index.php?rest_route=%2Fwp%2Fv2%2Fmedia&parent=9738"}],"wp:term":[{"taxonomy":"category","embeddable":true,"href":"https:\/\/www.interaccionnoticias.com.mx\/index.php?rest_route=%2Fwp%2Fv2%2Fcategories&post=9738"},{"taxonomy":"post_tag","embeddable":true,"href":"https:\/\/www.interaccionnoticias.com.mx\/index.php?rest_route=%2Fwp%2Fv2%2Ftags&post=9738"}],"curies":[{"name":"wp","href":"https:\/\/api.w.org\/{rel}","templated":true}]}}