{"id":9731,"date":"2017-11-01T19:57:35","date_gmt":"2017-11-02T01:57:35","guid":{"rendered":"http:\/\/www.inter-accion.com.mx\/?p=9731"},"modified":"2017-11-01T19:57:35","modified_gmt":"2017-11-02T01:57:35","slug":"marchan-catrinas-contra-la-violencia-feminicida-en-guerrero","status":"publish","type":"post","link":"https:\/\/www.interaccionnoticias.com.mx\/?p=9731","title":{"rendered":"Marchan \u201ccatrinas\u201d contra la violencia feminicida en Guerrero"},"content":{"rendered":"<p><br \/>\n<strong>Exigen justicia en los cr\u00edmenes que est\u00e1n impunes<\/strong><br \/>\nAl menos cien mujeres marcharon en las calles de Chilpancingo para manifestarse contra la violencia feminicida que se registra en la entidad, tambi\u00e9n reprocharon la impunidad que prevalece en los casos que se han registrado hasta el momento.<br \/>\nLa convocatoria la lanz\u00f3 Silvia Alem\u00e1n Mundo, ex aspirante a la rector\u00eda de la Universidad Aut\u00f3noma de Guerrero (UAGro) y militante del Movimiento de Regeneraci\u00f3n Nacional (Morena) en Guerrero.<br \/>\nLa protesta fue denominada como \u201cLa marcha de las catrinas\u201d, para encuadrar en el contexto del d\u00eda de muertos.<br \/>\nLas mujeres se concentraron en el monumento a las banderas, de ah\u00ed comenzaron una caminata que termin\u00f3 en la plaza central Primer Congreso de An\u00e1huac.<br \/>\nCon mantas y pancartas, las mujeres, pertenecientes a diferentes colectivos ratificaron la exigencia de que se detenga la violencia feminicida en el estado de Guerrero.<br \/>\nTambi\u00e9n exigieron justicia para las mujeres y ni\u00f1as que han sido asesinadas, pero cuyos casos no se esclarecen por falta de voluntad en las autoridades encargadas de llegar a la verdad.<\/p>\n","protected":false},"excerpt":{"rendered":"<p>Exigen justicia en los cr\u00edmenes que est\u00e1n impunes Al menos cien mujeres marcharon en las calles de Chilpancingo para manifestarse contra la violencia feminicida que se registra en la entidad,&hellip; <\/p>\n","protected":false},"author":1,"featured_media":0,"comment_status":"closed","ping_status":"closed","sticky":false,"template":"","format":"standard","meta":{"fifu_image_url":"","fifu_image_alt":"","footnotes":""},"categories":[8,15],"tags":[],"class_list":["post-9731","post","type-post","status-publish","format-standard","hentry","category-featured","category-movimientos-sociales"],"_links":{"self":[{"href":"https:\/\/www.interaccionnoticias.com.mx\/index.php?rest_route=\/wp\/v2\/posts\/9731","targetHints":{"allow":["GET"]}}],"collection":[{"href":"https:\/\/www.interaccionnoticias.com.mx\/index.php?rest_route=\/wp\/v2\/posts"}],"about":[{"href":"https:\/\/www.interaccionnoticias.com.mx\/index.php?rest_route=\/wp\/v2\/types\/post"}],"author":[{"embeddable":true,"href":"https:\/\/www.interaccionnoticias.com.mx\/index.php?rest_route=\/wp\/v2\/users\/1"}],"replies":[{"embeddable":true,"href":"https:\/\/www.interaccionnoticias.com.mx\/index.php?rest_route=%2Fwp%2Fv2%2Fcomments&post=9731"}],"version-history":[{"count":0,"href":"https:\/\/www.interaccionnoticias.com.mx\/index.php?rest_route=\/wp\/v2\/posts\/9731\/revisions"}],"wp:attachment":[{"href":"https:\/\/www.interaccionnoticias.com.mx\/index.php?rest_route=%2Fwp%2Fv2%2Fmedia&parent=9731"}],"wp:term":[{"taxonomy":"category","embeddable":true,"href":"https:\/\/www.interaccionnoticias.com.mx\/index.php?rest_route=%2Fwp%2Fv2%2Fcategories&post=9731"},{"taxonomy":"post_tag","embeddable":true,"href":"https:\/\/www.interaccionnoticias.com.mx\/index.php?rest_route=%2Fwp%2Fv2%2Ftags&post=9731"}],"curies":[{"name":"wp","href":"https:\/\/api.w.org\/{rel}","templated":true}]}}