{"id":97197,"date":"2025-10-27T18:25:43","date_gmt":"2025-10-28T01:25:43","guid":{"rendered":"https:\/\/www.interaccionnoticias.com.mx\/?p=97197"},"modified":"2025-10-27T18:25:43","modified_gmt":"2025-10-28T01:25:43","slug":"el-relanzamiento-del-pan-incluye-mayor-acercamiento-con-los-militantes","status":"publish","type":"post","link":"https:\/\/www.interaccionnoticias.com.mx\/?p=97197","title":{"rendered":"El relanzamiento del PAN incluye mayor acercamiento con los militantes"},"content":{"rendered":"\n<p><strong><em>&#8212; Van a recorrer municipio por municipio para estar cerca de la base panista<\/em><\/strong><\/p>\n\n\n\n<p><strong>Rosario Garc\u00eda Orozco<\/strong><\/p>\n\n\n\n<p>El Partido Acci\u00f3n Nacional (PAN) rumbo al 2027 tiene como prioridad trabajar en su relanzamiento, y recorrer \u201cmunicipio por municipio\u201d para identificar los liderazgos en cada lugar y reforzar la afiliaci\u00f3n al instituto pol\u00edtico, asegur\u00f3 el vocero de la dirigencia estatal de este instituto pol\u00edtico, Eloy Salmer\u00f3n D\u00edaz.<\/p>\n\n\n\n<p>El panista coment\u00f3 que el fin de semana se llev\u00f3 a cabo la Asamblea Estatal del PAN en Chilpancingo, en la que se eligieron los integrantes del Consejo Estatal y a los cuatro consejeros nacionales que representar\u00e1n a los panistas de Guerrero en el Consejo Nacional a llevarse a cabo el 29 de noviembre pr\u00f3ximo.<\/p>\n\n\n\n<p>Refiri\u00f3 que la prioridad del PAN rumbo al 2027 \u201ces el relanzamiento del partido, trabajar, Distrito por Distrito, municipio por municipio; detectar los liderazgos e invitar a la gente a que se afilie al PAN a trav\u00e9s de la plataforma digital creada por la dirigencia nacional\u00bb, de tal manera que ser\u00e1 m\u00e1s f\u00e1cil que los simpatizantes puedan registrarse como militantes de ese partido.<\/p>\n\n\n\n<p>Respecto a la elecci\u00f3n del 2027 y el tema de las alianzas, Salmer\u00f3n D\u00edaz aplaudi\u00f3 que la dirigencia nacional del PAN, encabezada por Jorge Romero, haya determinado que para las pr\u00f3ximas elecciones el blanquiazul va solo, lo que consider\u00f3 ser\u00e1 ben\u00e9fico para ese instituto pol\u00edtico, porque le permitir\u00e1 crecer, ya que las decisiones que tom\u00f3 Acci\u00f3n Nacional en el pa\u00eds en el pasado le hicieron mucho da\u00f1o al PAN Guerrero al imponer acuerdos desde el centro.<\/p>\n\n\n\n<p>\u201cGuerrero ha tenido un historial dificil; por desgracia con Acci\u00f3n Nacional nunca nos han dejado crecer el el estado, porque las decisiones se tomaban desde el Centro, se decid\u00eda en torno a las alianzas y obligaban a Acci\u00f3n Nacional en lo local a sumarse al PRI o al PRD en su oportunidad y despu\u00e9s, ya en la elecci\u00f3n de gobernador, cinco o seis d\u00edas antes obligaban al candidato o candidata a declinar; nunca nos han permitido echar a andar la estructura del PAN y crear nuestra propia identidad en Guerrero\u201d, enfatiz\u00f3 el vocero del blanquiaz\u00fal.<\/p>\n\n\n\n<p>Por esa raz\u00f3n reconoci\u00f3 a Jorge Romero, dirigente nacional del PAN, quien decidi\u00f3 en el PAN caminar\u00e1 solos y aun cuando se diga que el blanquiazul no va a ganar nada porque ir\u00e1 solo, \u201ca lo mejor s\u00ed, pero vamos a crear una alternativa ante este gobierno autoritario, ante esta destrucci\u00f3n que se est\u00e1 viviendo en el pa\u00eds y en el estado y podemos crear nuestra propia identidad y fortalecernos a largo plazo\u201d.<\/p>\n\n\n\n<p>Confi\u00f3 en que el PAN s\u00ed puede caminar solo en los procesos electorales, pero adem\u00e1s dijo estar seguro de que encontrar\u00e1n a muchas personas y j\u00f3venes que quieran participar con el blanquiazul.<\/p>\n\n\n\n<p>Se dijo convencido de que Acci\u00f3n Nacional s\u00ed tiene una oportunidad al ir en solitario en las pr\u00f3ximas elecciones, porque en las pasadas del 18, 21 y el 24, \u201cnos pas\u00f3 la avalancha encima y no nos desaparecieron; logramos mantener nuestra representaci\u00f3n en el Congreso del Estado y mantener nuestro registro, a pesar de esa avalancha y hoy, a pesar de lo grave de la inseguridad y la paz social que vive Guerrero, podemos ser una alternativa para los guerrerenses\u201d.<\/p>\n","protected":false},"excerpt":{"rendered":"<p>&#8212; Van a recorrer municipio por municipio para estar cerca de la base panista Rosario Garc\u00eda Orozco El Partido Acci\u00f3n Nacional (PAN) rumbo al 2027 tiene como prioridad trabajar en&hellip; <\/p>\n","protected":false},"author":14,"featured_media":97200,"comment_status":"open","ping_status":"open","sticky":false,"template":"","format":"standard","meta":{"fifu_image_url":"https:\/\/www.interaccionnoticias.com.mx\/wp-content\/uploads\/2025\/10\/251027-Eloy-Salmeron-Diaz.jpg","fifu_image_alt":"","footnotes":""},"categories":[18],"tags":[],"class_list":["post-97197","post","type-post","status-publish","format-standard","has-post-thumbnail","hentry","category-partidos-politicos"],"_links":{"self":[{"href":"https:\/\/www.interaccionnoticias.com.mx\/index.php?rest_route=\/wp\/v2\/posts\/97197","targetHints":{"allow":["GET"]}}],"collection":[{"href":"https:\/\/www.interaccionnoticias.com.mx\/index.php?rest_route=\/wp\/v2\/posts"}],"about":[{"href":"https:\/\/www.interaccionnoticias.com.mx\/index.php?rest_route=\/wp\/v2\/types\/post"}],"author":[{"embeddable":true,"href":"https:\/\/www.interaccionnoticias.com.mx\/index.php?rest_route=\/wp\/v2\/users\/14"}],"replies":[{"embeddable":true,"href":"https:\/\/www.interaccionnoticias.com.mx\/index.php?rest_route=%2Fwp%2Fv2%2Fcomments&post=97197"}],"version-history":[{"count":1,"href":"https:\/\/www.interaccionnoticias.com.mx\/index.php?rest_route=\/wp\/v2\/posts\/97197\/revisions"}],"predecessor-version":[{"id":97199,"href":"https:\/\/www.interaccionnoticias.com.mx\/index.php?rest_route=\/wp\/v2\/posts\/97197\/revisions\/97199"}],"wp:featuredmedia":[{"embeddable":true,"href":"https:\/\/www.interaccionnoticias.com.mx\/index.php?rest_route=\/wp\/v2\/media\/97200"}],"wp:attachment":[{"href":"https:\/\/www.interaccionnoticias.com.mx\/index.php?rest_route=%2Fwp%2Fv2%2Fmedia&parent=97197"}],"wp:term":[{"taxonomy":"category","embeddable":true,"href":"https:\/\/www.interaccionnoticias.com.mx\/index.php?rest_route=%2Fwp%2Fv2%2Fcategories&post=97197"},{"taxonomy":"post_tag","embeddable":true,"href":"https:\/\/www.interaccionnoticias.com.mx\/index.php?rest_route=%2Fwp%2Fv2%2Ftags&post=97197"}],"curies":[{"name":"wp","href":"https:\/\/api.w.org\/{rel}","templated":true}]}}