{"id":97135,"date":"2025-10-26T16:33:36","date_gmt":"2025-10-26T23:33:36","guid":{"rendered":"https:\/\/www.interaccionnoticias.com.mx\/?p=97135"},"modified":"2025-10-26T16:33:37","modified_gmt":"2025-10-26T23:33:37","slug":"confirma-salud-guerrero-brotes-controlados-de-varicela-y-coxsackie-en-escuelas-de-chilpancingo","status":"publish","type":"post","link":"https:\/\/www.interaccionnoticias.com.mx\/?p=97135","title":{"rendered":"Confirma Salud Guerrero brotes controlados de varicela y coxsackie en escuelas de Chilpancingo"},"content":{"rendered":"\n<p><strong><em>&#8212; Pide la secretaria Alondra Garc\u00eda mantener esquemas de vacunaci\u00f3n completos y evitar la automedicaci\u00f3n en menores<\/em><\/strong><\/p>\n\n\n\n<p><strong>Jes\u00fas Dorantes<\/strong><\/p>\n\n\n\n<p>La Secretar\u00eda de Salud Guerrero (SSG) confirm\u00f3 la detecci\u00f3n de casos de varicela y virus coxsackie en una escuela particular de Chilpancingo, aunque aclar\u00f3 que los brotes se encuentran controlados y no representan una alerta sanitaria.<\/p>\n\n\n\n<p>En un mensaje difundido a trav\u00e9s de las redes oficiales de la dependencia, la titular de Salud estatal, Alondra Garc\u00eda Carbajal, inform\u00f3 que personal m\u00e9dico y de vigilancia epidemiol\u00f3gica acudi\u00f3 al plantel para verificar la situaci\u00f3n y atender a los menores afectados, quienes se encuentran en etapa de recuperaci\u00f3n.<\/p>\n\n\n\n<p>\u201cLos casos est\u00e1n controlados. Se hizo la verificaci\u00f3n en campo y los alumnos afectados est\u00e1n evolucionando favorablemente\u201d, precis\u00f3 la funcionaria, quien descart\u00f3 que se haya recomendado la suspensi\u00f3n de clases en alguna instituci\u00f3n educativa.<\/p>\n\n\n\n<p>Garc\u00eda Carbajal explic\u00f3 que, en coordinaci\u00f3n con la Secretar\u00eda de Educaci\u00f3n Guerrero (SEG), se han reforzado las medidas de higiene y filtros escolares para prevenir nuevos contagios. Entre las acciones recomendadas, destac\u00f3 la limpieza constante de superficies, el lavado frecuente de manos y evitar compartir utensilios o alimentos dentro de las escuelas.<\/p>\n\n\n\n<p>La titular de Salud llam\u00f3 a los padres de familia a no automedicar a sus hijos y acudir a las unidades m\u00e9dicas de primer nivel ante cualquier s\u00edntoma de fiebre, erupciones o malestar general. \u201cNecesitamos que nos ayuden detectando s\u00edntomas a tiempo para hacer el estudio epidemiol\u00f3gico y limitar los contagios\u201d, subray\u00f3.<\/p>\n\n\n\n<p>Respecto al dengue, Garc\u00eda Carbajal inform\u00f3 que Guerrero registra 92 casos confirmados en lo que va del a\u00f1o, mientras que a nivel nacional se contabilizan cerca de cinco mil. Se\u00f1al\u00f3 que el estado es considerado de alto riesgo epidemiol\u00f3gico debido a su clima tropical y a la movilidad de trabajadores agr\u00edcolas, factores que facilitan la propagaci\u00f3n del virus.<\/p>\n\n\n\n<p>\u201cEstamos trabajando de manera responsable, como nos lo ha instruido la gobernadora Evelyn Salgado Pineda. Ante cualquier brote, se act\u00faa de inmediato con visitas, investigaci\u00f3n y orientaci\u00f3n a padres de familia\u201d, afirm\u00f3.<\/p>\n\n\n\n<p>Finalmente, anunci\u00f3 que este lunes arrancar\u00e1 en Acapulco una estrategia preventiva especial, en coordinaci\u00f3n con las secretar\u00edas de Educaci\u00f3n y Turismo, para reforzar las acciones sanitarias en escuelas y zonas con alta concentraci\u00f3n de personas.<\/p>\n\n\n\n<p>\u201cNo hay motivo de alarma, pero s\u00ed de prevenci\u00f3n. Queremos que la poblaci\u00f3n se mantenga informada por canales oficiales y evite la infodemia\u201d, concluy\u00f3 Garc\u00eda Carbajal.<\/p>\n","protected":false},"excerpt":{"rendered":"<p>&#8212; Pide la secretaria Alondra Garc\u00eda mantener esquemas de vacunaci\u00f3n completos y evitar la automedicaci\u00f3n en menores Jes\u00fas Dorantes La Secretar\u00eda de Salud Guerrero (SSG) confirm\u00f3 la detecci\u00f3n de casos&hellip; <\/p>\n","protected":false},"author":8,"featured_media":97138,"comment_status":"open","ping_status":"open","sticky":false,"template":"","format":"standard","meta":{"fifu_image_url":"https:\/\/www.interaccionnoticias.com.mx\/wp-content\/uploads\/2025\/10\/251026-Alondra-Garcia-Carbajal.jpg","fifu_image_alt":"","footnotes":""},"categories":[26],"tags":[],"class_list":["post-97135","post","type-post","status-publish","format-standard","has-post-thumbnail","hentry","category-salud"],"_links":{"self":[{"href":"https:\/\/www.interaccionnoticias.com.mx\/index.php?rest_route=\/wp\/v2\/posts\/97135","targetHints":{"allow":["GET"]}}],"collection":[{"href":"https:\/\/www.interaccionnoticias.com.mx\/index.php?rest_route=\/wp\/v2\/posts"}],"about":[{"href":"https:\/\/www.interaccionnoticias.com.mx\/index.php?rest_route=\/wp\/v2\/types\/post"}],"author":[{"embeddable":true,"href":"https:\/\/www.interaccionnoticias.com.mx\/index.php?rest_route=\/wp\/v2\/users\/8"}],"replies":[{"embeddable":true,"href":"https:\/\/www.interaccionnoticias.com.mx\/index.php?rest_route=%2Fwp%2Fv2%2Fcomments&post=97135"}],"version-history":[{"count":1,"href":"https:\/\/www.interaccionnoticias.com.mx\/index.php?rest_route=\/wp\/v2\/posts\/97135\/revisions"}],"predecessor-version":[{"id":97137,"href":"https:\/\/www.interaccionnoticias.com.mx\/index.php?rest_route=\/wp\/v2\/posts\/97135\/revisions\/97137"}],"wp:featuredmedia":[{"embeddable":true,"href":"https:\/\/www.interaccionnoticias.com.mx\/index.php?rest_route=\/wp\/v2\/media\/97138"}],"wp:attachment":[{"href":"https:\/\/www.interaccionnoticias.com.mx\/index.php?rest_route=%2Fwp%2Fv2%2Fmedia&parent=97135"}],"wp:term":[{"taxonomy":"category","embeddable":true,"href":"https:\/\/www.interaccionnoticias.com.mx\/index.php?rest_route=%2Fwp%2Fv2%2Fcategories&post=97135"},{"taxonomy":"post_tag","embeddable":true,"href":"https:\/\/www.interaccionnoticias.com.mx\/index.php?rest_route=%2Fwp%2Fv2%2Ftags&post=97135"}],"curies":[{"name":"wp","href":"https:\/\/api.w.org\/{rel}","templated":true}]}}