{"id":97107,"date":"2025-10-26T14:59:55","date_gmt":"2025-10-26T21:59:55","guid":{"rendered":"https:\/\/www.interaccionnoticias.com.mx\/?p=97107"},"modified":"2025-10-26T14:59:56","modified_gmt":"2025-10-26T21:59:56","slug":"estudiantes-de-ayotzinapa-bloquean-avenida-en-chilpancingo-y-exigen-justicia-a-11-anos-un-mes-de-la-desaparicion-de-los-43","status":"publish","type":"post","link":"https:\/\/www.interaccionnoticias.com.mx\/?p=97107","title":{"rendered":"Estudiantes de Ayotzinapa bloquean avenida en Chilpancingo y exigen justicia a 11 a\u00f1os un mes de la desaparici\u00f3n de los 43"},"content":{"rendered":"\n<p><strong>Jes\u00fas Dorantes<\/strong><\/p>\n\n\n\n<p>A once a\u00f1os y un mes de la desaparici\u00f3n de los 43 normalistas, estudiantes de la Escuela Rural \u201cRa\u00fal Isidro Burgos\u201d de Ayotzinapa realizaron este domingo un mitin en el antimonumento a los 43, ubicado en la glorieta de Las Banderas, sobre la avenida L\u00e1zaro C\u00e1rdenas de Chilpancingo.<\/p>\n\n\n\n<p>Durante la protesta, los j\u00f3venes bloquearon ambos sentidos de la vialidad y colocaron una ofrenda floral en memoria de sus compa\u00f1eros desaparecidos el 26 de septiembre de 2014 en Iguala.<\/p>\n\n\n\n<p>Con consignas y mensajes de exigencia, los normalistas acusaron al Estado mexicano de mantener impune el caso y de encubrir a los responsables. \u201cEl gobierno tiene las manos manchadas de sangre, porque fue el Estado quien desapareci\u00f3 a nuestros 43 hermanos\u201d, expres\u00f3 uno de los oradores frente al monumento donde se concentran cada 26 de mes.<\/p>\n\n\n\n<p>Los estudiantes reprocharon que, a m\u00e1s de una d\u00e9cada de los hechos, las investigaciones no han avanzado y los principales se\u00f1alados permanecen libres. \u201c\u00bfD\u00f3nde est\u00e1 Murillo Karam? En su casa, con arresto domiciliario, cuando deber\u00eda estar en prisi\u00f3n pagando sus atrocidades\u201d, se\u00f1al\u00f3 un joven durante el mitin.<\/p>\n\n\n\n<p>Tambi\u00e9n exigieron al nuevo gobierno federal encabezado por Claudia Sheinbaum que cumpla sus compromisos con las v\u00edctimas y garantice resultados reales en las indagatorias.<\/p>\n\n\n\n<p>\u201cNos arrebataron los sue\u00f1os de nuestros compa\u00f1eros. No eran delincuentes, eran estudiantes con prop\u00f3sito\u201d, afirmaron.<\/p>\n\n\n\n<p>El acto concluy\u00f3 con la colocaci\u00f3n de flores y un llamado a mantener la lucha por la verdad. \u201cNi un minuto de silencio, sino toda una vida de lucha\u201d, corearon los normalistas, quienes reiteraron que seguir\u00e1n moviliz\u00e1ndose hasta lograr la presentaci\u00f3n con vida de sus 43 compa\u00f1eros.<\/p>\n\n\n\n<figure class=\"wp-block-gallery has-nested-images columns-default is-cropped wp-block-gallery-1 is-layout-flex wp-block-gallery-is-layout-flex\">\n<figure class=\"wp-block-image size-large\"><img decoding=\"async\" src=\"data:image\/gif;base64,R0lGODlhAQABAIAAAAAAAP\/\/\/ywAAAAAAQABAAACAUwAOw==\" fifu-lazy=\"1\" fifu-data-sizes=\"auto\" fifu-data-srcset=\"https:\/\/i1.wp.com\/www.interaccionnoticias.com.mx\/wp-content\/uploads\/2025\/10\/251026-Estudiantes-de-Ayotzinapa-2.jpg?ssl=1&w=75&resize=75&ssl=1 75w, https:\/\/i1.wp.com\/www.interaccionnoticias.com.mx\/wp-content\/uploads\/2025\/10\/251026-Estudiantes-de-Ayotzinapa-2.jpg?ssl=1&w=100&resize=100&ssl=1 100w, https:\/\/i1.wp.com\/www.interaccionnoticias.com.mx\/wp-content\/uploads\/2025\/10\/251026-Estudiantes-de-Ayotzinapa-2.jpg?ssl=1&w=150&resize=150&ssl=1 150w, https:\/\/i1.wp.com\/www.interaccionnoticias.com.mx\/wp-content\/uploads\/2025\/10\/251026-Estudiantes-de-Ayotzinapa-2.jpg?ssl=1&w=240&resize=240&ssl=1 240w, https:\/\/i1.wp.com\/www.interaccionnoticias.com.mx\/wp-content\/uploads\/2025\/10\/251026-Estudiantes-de-Ayotzinapa-2.jpg?ssl=1&w=320&resize=320&ssl=1 320w, https:\/\/i1.wp.com\/www.interaccionnoticias.com.mx\/wp-content\/uploads\/2025\/10\/251026-Estudiantes-de-Ayotzinapa-2.jpg?ssl=1&w=500&resize=500&ssl=1 500w, https:\/\/i1.wp.com\/www.interaccionnoticias.com.mx\/wp-content\/uploads\/2025\/10\/251026-Estudiantes-de-Ayotzinapa-2.jpg?ssl=1&w=640&resize=640&ssl=1 640w, https:\/\/i1.wp.com\/www.interaccionnoticias.com.mx\/wp-content\/uploads\/2025\/10\/251026-Estudiantes-de-Ayotzinapa-2.jpg?ssl=1&w=800&resize=800&ssl=1 800w, https:\/\/i1.wp.com\/www.interaccionnoticias.com.mx\/wp-content\/uploads\/2025\/10\/251026-Estudiantes-de-Ayotzinapa-2.jpg?ssl=1&w=1024&resize=1024&ssl=1 1024w, https:\/\/i1.wp.com\/www.interaccionnoticias.com.mx\/wp-content\/uploads\/2025\/10\/251026-Estudiantes-de-Ayotzinapa-2.jpg?ssl=1&w=1280&resize=1280&ssl=1 1280w, https:\/\/i1.wp.com\/www.interaccionnoticias.com.mx\/wp-content\/uploads\/2025\/10\/251026-Estudiantes-de-Ayotzinapa-2.jpg?ssl=1&w=1600&resize=1600&ssl=1 1600w\" data-id=\"97109\" fifu-data-src=\"https:\/\/i1.wp.com\/www.interaccionnoticias.com.mx\/wp-content\/uploads\/2025\/10\/251026-Estudiantes-de-Ayotzinapa-2.jpg?ssl=1\" alt=\"\" class=\"wp-image-97109\"\/><\/figure>\n\n\n\n<figure class=\"wp-block-image size-large\"><img decoding=\"async\" src=\"data:image\/gif;base64,R0lGODlhAQABAIAAAAAAAP\/\/\/ywAAAAAAQABAAACAUwAOw==\" fifu-lazy=\"1\" fifu-data-sizes=\"auto\" fifu-data-srcset=\"https:\/\/i1.wp.com\/www.interaccionnoticias.com.mx\/wp-content\/uploads\/2025\/10\/251026-Estudiantes-de-Ayotzinapa-3.jpg?ssl=1&w=75&resize=75&ssl=1 75w, https:\/\/i1.wp.com\/www.interaccionnoticias.com.mx\/wp-content\/uploads\/2025\/10\/251026-Estudiantes-de-Ayotzinapa-3.jpg?ssl=1&w=100&resize=100&ssl=1 100w, https:\/\/i1.wp.com\/www.interaccionnoticias.com.mx\/wp-content\/uploads\/2025\/10\/251026-Estudiantes-de-Ayotzinapa-3.jpg?ssl=1&w=150&resize=150&ssl=1 150w, https:\/\/i1.wp.com\/www.interaccionnoticias.com.mx\/wp-content\/uploads\/2025\/10\/251026-Estudiantes-de-Ayotzinapa-3.jpg?ssl=1&w=240&resize=240&ssl=1 240w, https:\/\/i1.wp.com\/www.interaccionnoticias.com.mx\/wp-content\/uploads\/2025\/10\/251026-Estudiantes-de-Ayotzinapa-3.jpg?ssl=1&w=320&resize=320&ssl=1 320w, https:\/\/i1.wp.com\/www.interaccionnoticias.com.mx\/wp-content\/uploads\/2025\/10\/251026-Estudiantes-de-Ayotzinapa-3.jpg?ssl=1&w=500&resize=500&ssl=1 500w, https:\/\/i1.wp.com\/www.interaccionnoticias.com.mx\/wp-content\/uploads\/2025\/10\/251026-Estudiantes-de-Ayotzinapa-3.jpg?ssl=1&w=640&resize=640&ssl=1 640w, https:\/\/i1.wp.com\/www.interaccionnoticias.com.mx\/wp-content\/uploads\/2025\/10\/251026-Estudiantes-de-Ayotzinapa-3.jpg?ssl=1&w=800&resize=800&ssl=1 800w, https:\/\/i1.wp.com\/www.interaccionnoticias.com.mx\/wp-content\/uploads\/2025\/10\/251026-Estudiantes-de-Ayotzinapa-3.jpg?ssl=1&w=1024&resize=1024&ssl=1 1024w, https:\/\/i1.wp.com\/www.interaccionnoticias.com.mx\/wp-content\/uploads\/2025\/10\/251026-Estudiantes-de-Ayotzinapa-3.jpg?ssl=1&w=1280&resize=1280&ssl=1 1280w, https:\/\/i1.wp.com\/www.interaccionnoticias.com.mx\/wp-content\/uploads\/2025\/10\/251026-Estudiantes-de-Ayotzinapa-3.jpg?ssl=1&w=1600&resize=1600&ssl=1 1600w\" data-id=\"97110\" fifu-data-src=\"https:\/\/i1.wp.com\/www.interaccionnoticias.com.mx\/wp-content\/uploads\/2025\/10\/251026-Estudiantes-de-Ayotzinapa-3.jpg?ssl=1\" alt=\"\" class=\"wp-image-97110\"\/><\/figure>\n\n\n\n<figure class=\"wp-block-image size-large\"><img decoding=\"async\" src=\"data:image\/gif;base64,R0lGODlhAQABAIAAAAAAAP\/\/\/ywAAAAAAQABAAACAUwAOw==\" fifu-lazy=\"1\" fifu-data-sizes=\"auto\" fifu-data-srcset=\"https:\/\/i1.wp.com\/www.interaccionnoticias.com.mx\/wp-content\/uploads\/2025\/10\/251026-Estudiantes-de-Ayotzinapa-1.jpg?ssl=1&w=75&resize=75&ssl=1 75w, https:\/\/i1.wp.com\/www.interaccionnoticias.com.mx\/wp-content\/uploads\/2025\/10\/251026-Estudiantes-de-Ayotzinapa-1.jpg?ssl=1&w=100&resize=100&ssl=1 100w, https:\/\/i1.wp.com\/www.interaccionnoticias.com.mx\/wp-content\/uploads\/2025\/10\/251026-Estudiantes-de-Ayotzinapa-1.jpg?ssl=1&w=150&resize=150&ssl=1 150w, https:\/\/i1.wp.com\/www.interaccionnoticias.com.mx\/wp-content\/uploads\/2025\/10\/251026-Estudiantes-de-Ayotzinapa-1.jpg?ssl=1&w=240&resize=240&ssl=1 240w, https:\/\/i1.wp.com\/www.interaccionnoticias.com.mx\/wp-content\/uploads\/2025\/10\/251026-Estudiantes-de-Ayotzinapa-1.jpg?ssl=1&w=320&resize=320&ssl=1 320w, https:\/\/i1.wp.com\/www.interaccionnoticias.com.mx\/wp-content\/uploads\/2025\/10\/251026-Estudiantes-de-Ayotzinapa-1.jpg?ssl=1&w=500&resize=500&ssl=1 500w, https:\/\/i1.wp.com\/www.interaccionnoticias.com.mx\/wp-content\/uploads\/2025\/10\/251026-Estudiantes-de-Ayotzinapa-1.jpg?ssl=1&w=640&resize=640&ssl=1 640w, https:\/\/i1.wp.com\/www.interaccionnoticias.com.mx\/wp-content\/uploads\/2025\/10\/251026-Estudiantes-de-Ayotzinapa-1.jpg?ssl=1&w=800&resize=800&ssl=1 800w, https:\/\/i1.wp.com\/www.interaccionnoticias.com.mx\/wp-content\/uploads\/2025\/10\/251026-Estudiantes-de-Ayotzinapa-1.jpg?ssl=1&w=1024&resize=1024&ssl=1 1024w, https:\/\/i1.wp.com\/www.interaccionnoticias.com.mx\/wp-content\/uploads\/2025\/10\/251026-Estudiantes-de-Ayotzinapa-1.jpg?ssl=1&w=1280&resize=1280&ssl=1 1280w, https:\/\/i1.wp.com\/www.interaccionnoticias.com.mx\/wp-content\/uploads\/2025\/10\/251026-Estudiantes-de-Ayotzinapa-1.jpg?ssl=1&w=1600&resize=1600&ssl=1 1600w\" data-id=\"97108\" fifu-data-src=\"https:\/\/i1.wp.com\/www.interaccionnoticias.com.mx\/wp-content\/uploads\/2025\/10\/251026-Estudiantes-de-Ayotzinapa-1.jpg?ssl=1\" alt=\"\" class=\"wp-image-97108\"\/><\/figure>\n<\/figure>\n","protected":false},"excerpt":{"rendered":"<p>Jes\u00fas Dorantes A once a\u00f1os y un mes de la desaparici\u00f3n de los 43 normalistas, estudiantes de la Escuela Rural \u201cRa\u00fal Isidro Burgos\u201d de Ayotzinapa realizaron este domingo un mitin&hellip; <\/p>\n","protected":false},"author":8,"featured_media":97112,"comment_status":"open","ping_status":"open","sticky":false,"template":"","format":"standard","meta":{"fifu_image_url":"https:\/\/www.interaccionnoticias.com.mx\/wp-content\/uploads\/2025\/10\/251026-Estudiantes-de-Ayotzinapa-3.jpg","fifu_image_alt":"","footnotes":""},"categories":[15],"tags":[],"class_list":["post-97107","post","type-post","status-publish","format-standard","has-post-thumbnail","hentry","category-movimientos-sociales"],"_links":{"self":[{"href":"https:\/\/www.interaccionnoticias.com.mx\/index.php?rest_route=\/wp\/v2\/posts\/97107","targetHints":{"allow":["GET"]}}],"collection":[{"href":"https:\/\/www.interaccionnoticias.com.mx\/index.php?rest_route=\/wp\/v2\/posts"}],"about":[{"href":"https:\/\/www.interaccionnoticias.com.mx\/index.php?rest_route=\/wp\/v2\/types\/post"}],"author":[{"embeddable":true,"href":"https:\/\/www.interaccionnoticias.com.mx\/index.php?rest_route=\/wp\/v2\/users\/8"}],"replies":[{"embeddable":true,"href":"https:\/\/www.interaccionnoticias.com.mx\/index.php?rest_route=%2Fwp%2Fv2%2Fcomments&post=97107"}],"version-history":[{"count":1,"href":"https:\/\/www.interaccionnoticias.com.mx\/index.php?rest_route=\/wp\/v2\/posts\/97107\/revisions"}],"predecessor-version":[{"id":97111,"href":"https:\/\/www.interaccionnoticias.com.mx\/index.php?rest_route=\/wp\/v2\/posts\/97107\/revisions\/97111"}],"wp:featuredmedia":[{"embeddable":true,"href":"https:\/\/www.interaccionnoticias.com.mx\/index.php?rest_route=\/wp\/v2\/media\/97112"}],"wp:attachment":[{"href":"https:\/\/www.interaccionnoticias.com.mx\/index.php?rest_route=%2Fwp%2Fv2%2Fmedia&parent=97107"}],"wp:term":[{"taxonomy":"category","embeddable":true,"href":"https:\/\/www.interaccionnoticias.com.mx\/index.php?rest_route=%2Fwp%2Fv2%2Fcategories&post=97107"},{"taxonomy":"post_tag","embeddable":true,"href":"https:\/\/www.interaccionnoticias.com.mx\/index.php?rest_route=%2Fwp%2Fv2%2Ftags&post=97107"}],"curies":[{"name":"wp","href":"https:\/\/api.w.org\/{rel}","templated":true}]}}