{"id":97095,"date":"2025-10-26T14:18:00","date_gmt":"2025-10-26T21:18:00","guid":{"rendered":"https:\/\/www.interaccionnoticias.com.mx\/?p=97095"},"modified":"2025-10-26T14:33:04","modified_gmt":"2025-10-26T21:33:04","slug":"integrantes-del-colectivo-de-desaparecidos-lupita-rodriguez-pegan-fichas-en-el-monumento-a-nicolas-bravo","status":"publish","type":"post","link":"https:\/\/www.interaccionnoticias.com.mx\/?p=97095","title":{"rendered":"Integrantes del colectivo de desaparecidos \u00abLupita Rodr\u00edguez\u00bb pegan fichas en el monumento a Nicol\u00e1s Bravo"},"content":{"rendered":"\n<p><em><strong>&#8212; Esa organizaci\u00f3n no particip\u00f3 en la toma de muestras de ADN que recientemente se llev\u00f3 a cabo en Chilpancingo<\/strong><\/em><\/p>\n\n\n\n<p><strong>Rosario Garc\u00eda Orozco<\/strong><\/p>\n\n\n\n<p>Integrantes del colectivo de desaparecidos \u00abLupita Rodr\u00edguez\u00bb llevaron a cabo una jornada de pega de fichas de sus familiares v\u00edctimas de desaparici\u00f3n forzada en el monumento a Nicol\u00e1s Bravo, ubicada al sur de Chilpancingo.<\/p>\n\n\n\n<p>La ma\u00f1ana de este domingo, los familiares de desaparecidos de esa organizaci\u00f3n pegaron las fichas de b\u00fasqueda de sus familiares en ese monumento para que quienes circulan por esa zona puedan verlas y en caso de que tengan informaci\u00f3n que sirva para su ubicaci\u00f3n la puedan dar a conocer a la Fiscal\u00eda General del Estado.<\/p>\n\n\n\n<p>Con escaleras, colocaron las im\u00e1genes en lo alto del monumento, porque se\u00f1alaron que personal de Gobernaci\u00f3n municipal las retiran si est\u00e1n en la parte baja.<\/p>\n\n\n\n<p>David Molina Rodr\u00edguez, dirigente de ese colectivo inform\u00f3 tambi\u00e9n que no participaron en la tercer jornada de toma de muestras de ADN que concluy\u00f3 el viernes pasado y que realiz\u00f3 la Fiscal\u00eda General del Estado s\u00f3lo con integrantes de otras dos organizaciones de familiares de desaparecidos porque los integrantes de \u00abLupita Rodriguez\u00bb no estuvieron presentes en la reuni\u00f3n de organizaci\u00f3n para esa tarea.<\/p>\n\n\n\n<p>\u00abLa reuni\u00f3n de organizaci\u00f3n la hicieron el 26 de septiembre, fecha en que nosotros fuimos a la Ciudad de M\u00e9xico para participar en la marcha por los 11 a\u00f1os de desaparici\u00f3n de los 43 estudiantes de Ayotzinapa, y no podemos dejar de apoyar a los estudiantes de esa normal, porque es a ra\u00edz de sus movilizaciones que se hizo visible la gravedad de la problem\u00e1tica que enfrenta Guerrero por ese delito\u00bb, mencion\u00f3 el l\u00edder del colectivo.<\/p>\n\n\n\n<p>Mencion\u00f3 que desde que desaparecieron los 43 estudiantes de Ayotzinapa los familiares de las v\u00edctimas de desaparecidos \u00abagarraron valor para denunciar por lo que estaban pasando, y las autoridades determinaron conformar la Comisi\u00f3n Ejecutiva de Atenci\u00f3n a V\u00edctimas y el banco de datos, con las tomas de muestras de ADN para eficientar la localizaci\u00f3n de desaparecidos, llevar a cabo las confronta y de alguna manera darles paz a las familias al localizar los cuerpos de sus familiares\u00bb.<\/p>\n\n\n\n<p>Adelant\u00f3 que ya se organizan con personal de la Fiscal\u00eda General del Estado para realizar una nueva jornada de toma de muestras de ADN de los casi 100 integrantes de esa organizaci\u00f3n para que acudan y se actualice la informaci\u00f3n sobre sus familiares, y las autoridades cuenten con m\u00e1s herramientas para dar con el paradero de las v\u00edctimas de desaparici\u00f3n forzada.<\/p>\n\n\n\n<p>De acuerdo con datos del Registro Nacional de Personas Desaparecidas y No Localizadas, en M\u00e9xico hay 125 mil 232 desaparecidos, de los cuales Guerrero reporta 4 mil 385.<\/p>\n\n\n\n<figure class=\"wp-block-gallery has-nested-images columns-default is-cropped wp-block-gallery-1 is-layout-flex wp-block-gallery-is-layout-flex\">\n<figure class=\"wp-block-image size-large\"><img decoding=\"async\" src=\"data:image\/gif;base64,R0lGODlhAQABAIAAAAAAAP\/\/\/ywAAAAAAQABAAACAUwAOw==\" fifu-lazy=\"1\" fifu-data-sizes=\"auto\" fifu-data-srcset=\"https:\/\/i1.wp.com\/www.interaccionnoticias.com.mx\/wp-content\/uploads\/2025\/10\/251026-colectivo-desaparecidos-3.jpg?ssl=1&w=75&resize=75&ssl=1 75w, https:\/\/i1.wp.com\/www.interaccionnoticias.com.mx\/wp-content\/uploads\/2025\/10\/251026-colectivo-desaparecidos-3.jpg?ssl=1&w=100&resize=100&ssl=1 100w, https:\/\/i1.wp.com\/www.interaccionnoticias.com.mx\/wp-content\/uploads\/2025\/10\/251026-colectivo-desaparecidos-3.jpg?ssl=1&w=150&resize=150&ssl=1 150w, https:\/\/i1.wp.com\/www.interaccionnoticias.com.mx\/wp-content\/uploads\/2025\/10\/251026-colectivo-desaparecidos-3.jpg?ssl=1&w=240&resize=240&ssl=1 240w, https:\/\/i1.wp.com\/www.interaccionnoticias.com.mx\/wp-content\/uploads\/2025\/10\/251026-colectivo-desaparecidos-3.jpg?ssl=1&w=320&resize=320&ssl=1 320w, https:\/\/i1.wp.com\/www.interaccionnoticias.com.mx\/wp-content\/uploads\/2025\/10\/251026-colectivo-desaparecidos-3.jpg?ssl=1&w=500&resize=500&ssl=1 500w, https:\/\/i1.wp.com\/www.interaccionnoticias.com.mx\/wp-content\/uploads\/2025\/10\/251026-colectivo-desaparecidos-3.jpg?ssl=1&w=640&resize=640&ssl=1 640w, https:\/\/i1.wp.com\/www.interaccionnoticias.com.mx\/wp-content\/uploads\/2025\/10\/251026-colectivo-desaparecidos-3.jpg?ssl=1&w=800&resize=800&ssl=1 800w, https:\/\/i1.wp.com\/www.interaccionnoticias.com.mx\/wp-content\/uploads\/2025\/10\/251026-colectivo-desaparecidos-3.jpg?ssl=1&w=1024&resize=1024&ssl=1 1024w, https:\/\/i1.wp.com\/www.interaccionnoticias.com.mx\/wp-content\/uploads\/2025\/10\/251026-colectivo-desaparecidos-3.jpg?ssl=1&w=1280&resize=1280&ssl=1 1280w, https:\/\/i1.wp.com\/www.interaccionnoticias.com.mx\/wp-content\/uploads\/2025\/10\/251026-colectivo-desaparecidos-3.jpg?ssl=1&w=1600&resize=1600&ssl=1 1600w\" data-id=\"97097\" fifu-data-src=\"https:\/\/i1.wp.com\/www.interaccionnoticias.com.mx\/wp-content\/uploads\/2025\/10\/251026-colectivo-desaparecidos-3.jpg?ssl=1\" alt=\"\" class=\"wp-image-97097\"\/><\/figure>\n\n\n\n<figure class=\"wp-block-image size-large\"><img decoding=\"async\" src=\"data:image\/gif;base64,R0lGODlhAQABAIAAAAAAAP\/\/\/ywAAAAAAQABAAACAUwAOw==\" fifu-lazy=\"1\" fifu-data-sizes=\"auto\" fifu-data-srcset=\"https:\/\/i1.wp.com\/www.interaccionnoticias.com.mx\/wp-content\/uploads\/2025\/10\/251026-colectivo-desaparecidos-1.jpg?ssl=1&w=75&resize=75&ssl=1 75w, https:\/\/i1.wp.com\/www.interaccionnoticias.com.mx\/wp-content\/uploads\/2025\/10\/251026-colectivo-desaparecidos-1.jpg?ssl=1&w=100&resize=100&ssl=1 100w, https:\/\/i1.wp.com\/www.interaccionnoticias.com.mx\/wp-content\/uploads\/2025\/10\/251026-colectivo-desaparecidos-1.jpg?ssl=1&w=150&resize=150&ssl=1 150w, https:\/\/i1.wp.com\/www.interaccionnoticias.com.mx\/wp-content\/uploads\/2025\/10\/251026-colectivo-desaparecidos-1.jpg?ssl=1&w=240&resize=240&ssl=1 240w, https:\/\/i1.wp.com\/www.interaccionnoticias.com.mx\/wp-content\/uploads\/2025\/10\/251026-colectivo-desaparecidos-1.jpg?ssl=1&w=320&resize=320&ssl=1 320w, https:\/\/i1.wp.com\/www.interaccionnoticias.com.mx\/wp-content\/uploads\/2025\/10\/251026-colectivo-desaparecidos-1.jpg?ssl=1&w=500&resize=500&ssl=1 500w, https:\/\/i1.wp.com\/www.interaccionnoticias.com.mx\/wp-content\/uploads\/2025\/10\/251026-colectivo-desaparecidos-1.jpg?ssl=1&w=640&resize=640&ssl=1 640w, https:\/\/i1.wp.com\/www.interaccionnoticias.com.mx\/wp-content\/uploads\/2025\/10\/251026-colectivo-desaparecidos-1.jpg?ssl=1&w=800&resize=800&ssl=1 800w, https:\/\/i1.wp.com\/www.interaccionnoticias.com.mx\/wp-content\/uploads\/2025\/10\/251026-colectivo-desaparecidos-1.jpg?ssl=1&w=1024&resize=1024&ssl=1 1024w, https:\/\/i1.wp.com\/www.interaccionnoticias.com.mx\/wp-content\/uploads\/2025\/10\/251026-colectivo-desaparecidos-1.jpg?ssl=1&w=1280&resize=1280&ssl=1 1280w, https:\/\/i1.wp.com\/www.interaccionnoticias.com.mx\/wp-content\/uploads\/2025\/10\/251026-colectivo-desaparecidos-1.jpg?ssl=1&w=1600&resize=1600&ssl=1 1600w\" data-id=\"97096\" fifu-data-src=\"https:\/\/i1.wp.com\/www.interaccionnoticias.com.mx\/wp-content\/uploads\/2025\/10\/251026-colectivo-desaparecidos-1.jpg?ssl=1\" alt=\"\" class=\"wp-image-97096\"\/><\/figure>\n\n\n\n<figure class=\"wp-block-image size-large\"><img decoding=\"async\" src=\"data:image\/gif;base64,R0lGODlhAQABAIAAAAAAAP\/\/\/ywAAAAAAQABAAACAUwAOw==\" fifu-lazy=\"1\" fifu-data-sizes=\"auto\" fifu-data-srcset=\"https:\/\/i1.wp.com\/www.interaccionnoticias.com.mx\/wp-content\/uploads\/2025\/10\/251026-colectivo-desaparecidos-2.jpg?ssl=1&w=75&resize=75&ssl=1 75w, https:\/\/i1.wp.com\/www.interaccionnoticias.com.mx\/wp-content\/uploads\/2025\/10\/251026-colectivo-desaparecidos-2.jpg?ssl=1&w=100&resize=100&ssl=1 100w, https:\/\/i1.wp.com\/www.interaccionnoticias.com.mx\/wp-content\/uploads\/2025\/10\/251026-colectivo-desaparecidos-2.jpg?ssl=1&w=150&resize=150&ssl=1 150w, https:\/\/i1.wp.com\/www.interaccionnoticias.com.mx\/wp-content\/uploads\/2025\/10\/251026-colectivo-desaparecidos-2.jpg?ssl=1&w=240&resize=240&ssl=1 240w, https:\/\/i1.wp.com\/www.interaccionnoticias.com.mx\/wp-content\/uploads\/2025\/10\/251026-colectivo-desaparecidos-2.jpg?ssl=1&w=320&resize=320&ssl=1 320w, https:\/\/i1.wp.com\/www.interaccionnoticias.com.mx\/wp-content\/uploads\/2025\/10\/251026-colectivo-desaparecidos-2.jpg?ssl=1&w=500&resize=500&ssl=1 500w, https:\/\/i1.wp.com\/www.interaccionnoticias.com.mx\/wp-content\/uploads\/2025\/10\/251026-colectivo-desaparecidos-2.jpg?ssl=1&w=640&resize=640&ssl=1 640w, https:\/\/i1.wp.com\/www.interaccionnoticias.com.mx\/wp-content\/uploads\/2025\/10\/251026-colectivo-desaparecidos-2.jpg?ssl=1&w=800&resize=800&ssl=1 800w, https:\/\/i1.wp.com\/www.interaccionnoticias.com.mx\/wp-content\/uploads\/2025\/10\/251026-colectivo-desaparecidos-2.jpg?ssl=1&w=1024&resize=1024&ssl=1 1024w, https:\/\/i1.wp.com\/www.interaccionnoticias.com.mx\/wp-content\/uploads\/2025\/10\/251026-colectivo-desaparecidos-2.jpg?ssl=1&w=1280&resize=1280&ssl=1 1280w, https:\/\/i1.wp.com\/www.interaccionnoticias.com.mx\/wp-content\/uploads\/2025\/10\/251026-colectivo-desaparecidos-2.jpg?ssl=1&w=1600&resize=1600&ssl=1 1600w\" data-id=\"97098\" fifu-data-src=\"https:\/\/i1.wp.com\/www.interaccionnoticias.com.mx\/wp-content\/uploads\/2025\/10\/251026-colectivo-desaparecidos-2.jpg?ssl=1\" alt=\"\" class=\"wp-image-97098\"\/><\/figure>\n<\/figure>\n","protected":false},"excerpt":{"rendered":"<p>&#8212; Esa organizaci\u00f3n no particip\u00f3 en la toma de muestras de ADN que recientemente se llev\u00f3 a cabo en Chilpancingo Rosario Garc\u00eda Orozco Integrantes del colectivo de desaparecidos \u00abLupita Rodr\u00edguez\u00bb&hellip; <\/p>\n","protected":false},"author":14,"featured_media":97100,"comment_status":"open","ping_status":"open","sticky":false,"template":"","format":"standard","meta":{"fifu_image_url":"https:\/\/www.interaccionnoticias.com.mx\/wp-content\/uploads\/2025\/10\/251026-colectivo-desaparecidos-3.jpg","fifu_image_alt":"","footnotes":""},"categories":[15],"tags":[],"class_list":["post-97095","post","type-post","status-publish","format-standard","has-post-thumbnail","hentry","category-movimientos-sociales"],"_links":{"self":[{"href":"https:\/\/www.interaccionnoticias.com.mx\/index.php?rest_route=\/wp\/v2\/posts\/97095","targetHints":{"allow":["GET"]}}],"collection":[{"href":"https:\/\/www.interaccionnoticias.com.mx\/index.php?rest_route=\/wp\/v2\/posts"}],"about":[{"href":"https:\/\/www.interaccionnoticias.com.mx\/index.php?rest_route=\/wp\/v2\/types\/post"}],"author":[{"embeddable":true,"href":"https:\/\/www.interaccionnoticias.com.mx\/index.php?rest_route=\/wp\/v2\/users\/14"}],"replies":[{"embeddable":true,"href":"https:\/\/www.interaccionnoticias.com.mx\/index.php?rest_route=%2Fwp%2Fv2%2Fcomments&post=97095"}],"version-history":[{"count":1,"href":"https:\/\/www.interaccionnoticias.com.mx\/index.php?rest_route=\/wp\/v2\/posts\/97095\/revisions"}],"predecessor-version":[{"id":97099,"href":"https:\/\/www.interaccionnoticias.com.mx\/index.php?rest_route=\/wp\/v2\/posts\/97095\/revisions\/97099"}],"wp:featuredmedia":[{"embeddable":true,"href":"https:\/\/www.interaccionnoticias.com.mx\/index.php?rest_route=\/wp\/v2\/media\/97100"}],"wp:attachment":[{"href":"https:\/\/www.interaccionnoticias.com.mx\/index.php?rest_route=%2Fwp%2Fv2%2Fmedia&parent=97095"}],"wp:term":[{"taxonomy":"category","embeddable":true,"href":"https:\/\/www.interaccionnoticias.com.mx\/index.php?rest_route=%2Fwp%2Fv2%2Fcategories&post=97095"},{"taxonomy":"post_tag","embeddable":true,"href":"https:\/\/www.interaccionnoticias.com.mx\/index.php?rest_route=%2Fwp%2Fv2%2Ftags&post=97095"}],"curies":[{"name":"wp","href":"https:\/\/api.w.org\/{rel}","templated":true}]}}