{"id":97083,"date":"2025-10-24T16:48:19","date_gmt":"2025-10-24T22:48:19","guid":{"rendered":"https:\/\/www.interaccionnoticias.com.mx\/?p=97083"},"modified":"2025-10-24T16:48:20","modified_gmt":"2025-10-24T22:48:20","slug":"el-saldanismo-va-a-quedar-por-siempre-asegura-el-rector-de-la-uagro","status":"publish","type":"post","link":"https:\/\/www.interaccionnoticias.com.mx\/?p=97083","title":{"rendered":"El Salda\u00f1ismo va a quedar por siempre, asegura el rector de la Uagro"},"content":{"rendered":"\n<p><strong><em>&#8212; Insisti\u00f3 en que su rectorado va a concluir en 2027<br>&#8212; Varios de los cr\u00edticos de la Reforma Universitaria no aportaron nada a la instituci\u00f3n y hasta cobran sin trabajar, asegur\u00f3 Javier Salda\u00f1a<\/em><\/strong><\/p>\n\n\n\n<p><strong>Rosario Garc\u00eda Orozco<\/strong><\/p>\n\n\n\n<p>El Salda\u00f1ismo va a quedar por siempre, asegur\u00f3 el rector de la Universidad Aut\u00f3noma de Guerrero (Uagro), Javier Salda\u00f1a Almaz\u00e1n, quien agreg\u00f3, sin dar nombres, que algunos de los cr\u00edticos de la reforma universitaria han sido funcionarios universitarios y no le han aportado nada a la M\u00e1xima Casa de Estudios, y que algunos, actualmente, hasta cobran sin trabajar.<\/p>\n\n\n\n<p>Dijo tambi\u00e9n que grupos universitarios, acad\u00e9micos y directivos, as\u00ed como consejeros universitarios est\u00e1n sacando manifiestos, v\u00eddeos y posicionamientos de respaldo hacia la propuesta de reforma a la Ley Org\u00e1nica de la Universidad Aut\u00f3noma de Guerrero (Uagro).<\/p>\n\n\n\n<p>Record\u00f3 que las reformas \u00ablas hacen los \u00f3rganos de gobierno y ellos no tienen un solo delegado o consejero, ni un solo director, porque dec\u00eda Zapata, que la tierra es para quien la trabaja\u00bb.<\/p>\n\n\n\n<p>Pidi\u00f3 a quienes hoy lo critican la propuesta de reforma universitaria que recuerden que la Universidad hoy es diferente, que \u00abya no hay pleitos, ni marchas y esos que est\u00e1n ahora ah\u00ed fueron los beneficiados, algunos de los que andan ah\u00ed fueron funcionarios de la universidad durante 30 a\u00f1os y \u00bfd\u00f3nde est\u00e1 su obra?, pero yo los respeto\u00bb.<\/p>\n\n\n\n<p>Agreg\u00f3 que si no hubiera alg\u00fan comentario contrario a lo que dice el rector, ser\u00eda hasta contrario a la Universidad, \u00abyo ocupo el 1 por ciento de mi tiempo en la gente que no piensa como yo, porque tengo que avanzar, la Universidad necesita trabajo y avanzar, no me voy a entretener en ellos que no me ayudan en nada, es m\u00e1s algunos que estuvieron en la mesa (durante las reuniones con los diputados locales recientemente), uno espec\u00edficamente estuvo en el gobierno de Adela Rom\u00e1n, estuvo como funcionario de la Universidad y no ha ido a trabajar, \u00bfosea, con qu\u00e9 calidad moral?, son los que menos trabajan, pero quieren seguir conservando sus privilegios\u00bb.<\/p>\n\n\n\n<p>Sostuvo que la administraci\u00f3n central ha pretendido sancionarlos y les ha pedido que se incorporen a su trabajo, \u00abpero hace uso de los diques politicos, y lo que yo quiero es que se acabe con la cuesti\u00f3n pol\u00edtica\u00bb.<\/p>\n\n\n\n<p>Salda\u00f1a Almaz\u00e1n mencion\u00f3 que le han dicho que se quieren reunir unos 25 mil universitarios y marchar en los municipios en apoyo a esa reforma, \u00abpero les dije que no es necesario porque nosotros somos aliados, amigos de la gobernadora (Evelyn Salgado) y ella ha sido muy generosa y respetuosa de la autonom\u00eda y tambi\u00e9n los diputados. Estamos en armonia. Guerrero lo que necesita es paz, necesita instituciones fuertes, consolidadas\u00bb.<\/p>\n\n\n\n<p>Insisti\u00f3 en que \u00abJavier se va en el 2027\u00bb, y que en la propuesta que envi\u00f3 la gobernadora al Congreso Local para la reforma a la Ley Org\u00e1nica de la UAGro \u00abno hay ning\u00fan cambio, aclaro, no hubo ning\u00fan cambio, la gobernadora es respetuosa de la autonom\u00eda\u00bb.<\/p>\n","protected":false},"excerpt":{"rendered":"<p>&#8212; Insisti\u00f3 en que su rectorado va a concluir en 2027&#8212; Varios de los cr\u00edticos de la Reforma Universitaria no aportaron nada a la instituci\u00f3n y hasta cobran sin trabajar,&hellip; <\/p>\n","protected":false},"author":14,"featured_media":97087,"comment_status":"open","ping_status":"open","sticky":false,"template":"","format":"standard","meta":{"fifu_image_url":"https:\/\/www.interaccionnoticias.com.mx\/wp-content\/uploads\/2025\/10\/251008-Javier-Saldana-Almazan.jpg","fifu_image_alt":"","footnotes":""},"categories":[30],"tags":[],"class_list":["post-97083","post","type-post","status-publish","format-standard","has-post-thumbnail","hentry","category-universidad"],"_links":{"self":[{"href":"https:\/\/www.interaccionnoticias.com.mx\/index.php?rest_route=\/wp\/v2\/posts\/97083","targetHints":{"allow":["GET"]}}],"collection":[{"href":"https:\/\/www.interaccionnoticias.com.mx\/index.php?rest_route=\/wp\/v2\/posts"}],"about":[{"href":"https:\/\/www.interaccionnoticias.com.mx\/index.php?rest_route=\/wp\/v2\/types\/post"}],"author":[{"embeddable":true,"href":"https:\/\/www.interaccionnoticias.com.mx\/index.php?rest_route=\/wp\/v2\/users\/14"}],"replies":[{"embeddable":true,"href":"https:\/\/www.interaccionnoticias.com.mx\/index.php?rest_route=%2Fwp%2Fv2%2Fcomments&post=97083"}],"version-history":[{"count":2,"href":"https:\/\/www.interaccionnoticias.com.mx\/index.php?rest_route=\/wp\/v2\/posts\/97083\/revisions"}],"predecessor-version":[{"id":97086,"href":"https:\/\/www.interaccionnoticias.com.mx\/index.php?rest_route=\/wp\/v2\/posts\/97083\/revisions\/97086"}],"wp:featuredmedia":[{"embeddable":true,"href":"https:\/\/www.interaccionnoticias.com.mx\/index.php?rest_route=\/wp\/v2\/media\/97087"}],"wp:attachment":[{"href":"https:\/\/www.interaccionnoticias.com.mx\/index.php?rest_route=%2Fwp%2Fv2%2Fmedia&parent=97083"}],"wp:term":[{"taxonomy":"category","embeddable":true,"href":"https:\/\/www.interaccionnoticias.com.mx\/index.php?rest_route=%2Fwp%2Fv2%2Fcategories&post=97083"},{"taxonomy":"post_tag","embeddable":true,"href":"https:\/\/www.interaccionnoticias.com.mx\/index.php?rest_route=%2Fwp%2Fv2%2Ftags&post=97083"}],"curies":[{"name":"wp","href":"https:\/\/api.w.org\/{rel}","templated":true}]}}