{"id":97075,"date":"2025-10-24T16:40:51","date_gmt":"2025-10-24T22:40:51","guid":{"rendered":"https:\/\/www.interaccionnoticias.com.mx\/?p=97075"},"modified":"2025-10-24T16:40:52","modified_gmt":"2025-10-24T22:40:52","slug":"directora-del-centro-morelos-denuncia-el-robo-de-su-aplicacion-de-whatsapp","status":"publish","type":"post","link":"https:\/\/www.interaccionnoticias.com.mx\/?p=97075","title":{"rendered":"Directora del Centro-Morelos denuncia el robo de su aplicaci\u00f3n de WhatsApp"},"content":{"rendered":"\n<p><strong><em>&#8212; Pide a sus contactos no responder, menos a peticiones de dinero<\/em><\/strong><\/p>\n\n\n\n<p><strong>Rogelio Agust\u00edn<\/strong><\/p>\n\n\n\n<p>La directora del Centro de Derechos Humanos Jos\u00e9 Mar\u00eda Morelos y Pav\u00f3n, Teodomira Rosales Sierra denunci\u00f3 que su aplicaci\u00f3n de WhatsApp fue robada por personas desconocidas, por lo que pidi\u00f3 no hacer caso a ning\u00fan tipo de petici\u00f3n en su nombre.<\/p>\n\n\n\n<p>La tarde del viernes 24 de octubre, la activista se dirigi\u00f3 a sus contactos y amistades para informar el ataque cibern\u00e9tico que acababa de sufrir.<\/p>\n\n\n\n<p>Dijo que el robo de su aplicaci\u00f3n se gener\u00f3 despu\u00e9s de las 13:00 horas, luego de sostener una entrevista con una persona que dijo ser periodista de la televisi\u00f3n de Guerrero, pero que trabaja con comunicadores de Los \u00c1ngeles, Estados Unidos.<\/p>\n\n\n\n<p>\u00abSi les piden dinero a mi nombre no soy yo, por favor m\u00e1rquenme primero antes de contestar el WhatsApp\u00bb, anot\u00f3 Rosales Sierra.<\/p>\n\n\n\n<p>No es la primera ocasi\u00f3n en que la directora del Centro Morelos es objeto de un ataque cibern\u00e9tico, por lo que sugiri\u00f3 a sus contactos buscarla a trav\u00e9s de llamadas a su l\u00ednea telef\u00f3nica, adem\u00e1s de el servicio de mensajer\u00eda de Facebook.<\/p>\n","protected":false},"excerpt":{"rendered":"<p>&#8212; Pide a sus contactos no responder, menos a peticiones de dinero Rogelio Agust\u00edn La directora del Centro de Derechos Humanos Jos\u00e9 Mar\u00eda Morelos y Pav\u00f3n, Teodomira Rosales Sierra denunci\u00f3&hellip; <\/p>\n","protected":false},"author":21,"featured_media":97078,"comment_status":"open","ping_status":"open","sticky":false,"template":"","format":"standard","meta":{"fifu_image_url":"https:\/\/www.interaccionnoticias.com.mx\/wp-content\/uploads\/2025\/10\/251024-Teodomira-Rosales.jpg","fifu_image_alt":"","footnotes":""},"categories":[15],"tags":[],"class_list":["post-97075","post","type-post","status-publish","format-standard","has-post-thumbnail","hentry","category-movimientos-sociales"],"_links":{"self":[{"href":"https:\/\/www.interaccionnoticias.com.mx\/index.php?rest_route=\/wp\/v2\/posts\/97075","targetHints":{"allow":["GET"]}}],"collection":[{"href":"https:\/\/www.interaccionnoticias.com.mx\/index.php?rest_route=\/wp\/v2\/posts"}],"about":[{"href":"https:\/\/www.interaccionnoticias.com.mx\/index.php?rest_route=\/wp\/v2\/types\/post"}],"author":[{"embeddable":true,"href":"https:\/\/www.interaccionnoticias.com.mx\/index.php?rest_route=\/wp\/v2\/users\/21"}],"replies":[{"embeddable":true,"href":"https:\/\/www.interaccionnoticias.com.mx\/index.php?rest_route=%2Fwp%2Fv2%2Fcomments&post=97075"}],"version-history":[{"count":1,"href":"https:\/\/www.interaccionnoticias.com.mx\/index.php?rest_route=\/wp\/v2\/posts\/97075\/revisions"}],"predecessor-version":[{"id":97077,"href":"https:\/\/www.interaccionnoticias.com.mx\/index.php?rest_route=\/wp\/v2\/posts\/97075\/revisions\/97077"}],"wp:featuredmedia":[{"embeddable":true,"href":"https:\/\/www.interaccionnoticias.com.mx\/index.php?rest_route=\/wp\/v2\/media\/97078"}],"wp:attachment":[{"href":"https:\/\/www.interaccionnoticias.com.mx\/index.php?rest_route=%2Fwp%2Fv2%2Fmedia&parent=97075"}],"wp:term":[{"taxonomy":"category","embeddable":true,"href":"https:\/\/www.interaccionnoticias.com.mx\/index.php?rest_route=%2Fwp%2Fv2%2Fcategories&post=97075"},{"taxonomy":"post_tag","embeddable":true,"href":"https:\/\/www.interaccionnoticias.com.mx\/index.php?rest_route=%2Fwp%2Fv2%2Ftags&post=97075"}],"curies":[{"name":"wp","href":"https:\/\/api.w.org\/{rel}","templated":true}]}}